{"id":27428,"date":"2013-07-02T21:04:32","date_gmt":"2013-07-03T00:04:32","guid":{"rendered":"http:\/\/www.24baires.com\/?p=27428"},"modified":"2013-07-02T21:04:32","modified_gmt":"2013-07-03T00:04:32","slug":"tundis-de-critica-de-massa-a-ser-su-candidata","status":"publish","type":"post","link":"https:\/\/www.24baires.com\/?p=27428","title":{"rendered":"Tundis: De cr\u00edtica de Massa a ser su candidata"},"content":{"rendered":"<p><img data-recalc-dims=\"1\" loading=\"lazy\" decoding=\"async\" class=\"aligncenter size-full wp-image-27429\" alt=\"tundis massa\" src=\"https:\/\/i0.wp.com\/www.24baires.com\/wp-content\/uploads\/2013\/07\/tundis-massa.jpg?resize=470%2C303\" width=\"470\" height=\"303\" srcset=\"https:\/\/i0.wp.com\/www.24baires.com\/wp-content\/uploads\/2013\/07\/tundis-massa.jpg?w=470&amp;ssl=1 470w, https:\/\/i0.wp.com\/www.24baires.com\/wp-content\/uploads\/2013\/07\/tundis-massa.jpg?resize=300%2C193&amp;ssl=1 300w\" sizes=\"auto, (max-width: 470px) 100vw, 470px\" \/>\u201cSoy socialista y Massa se enter\u00f3 ayer y no lo pod\u00eda creer\u201d, dijo hace unos d\u00edas la pre candidata a diputada por el Frente Renovador, Mirta Tundis, periodista de TN. No s\u00f3lo sorprendi\u00f3 al actual intendente de Tigre, claro. Una frase as\u00ed causa impacto y a varios niveles, y si estuvi\u00e9ramos en las vi\u00f1etas de Condorito, en la \u00faltima saltar\u00edamos hacia atr\u00e1s con un \u00a1Plop! Pero no, no estamos en ellas, as\u00ed que debemos asimilar la informaci\u00f3n que obtenemos y exponerla de la mejor manera posible, sin desmayos asombrados.<!--more--><\/p>\n<p>Pero esa no ha sido la declaraci\u00f3n que m\u00e1s llam\u00f3 la atenci\u00f3n en estos d\u00edas por parte de Tundis, ya que afirm\u00f3 que si bien hoy est\u00e1 al lado de Sergio Massa, reconoci\u00f3 que \u201cest\u00e1 cerca\u201d de Francisco De Narv\u00e1ez. Cosa llamativa, ya que no integra la lista del \u2018Colorado\u2019, de hecho es competencia directa del sector de centro derecha en donde el nacido en Colombia puede abrevar sus votos en agosto y octubre.<br \/>\nY no parece extra\u00f1o que as\u00ed se sienta, raro es que lo diga en campa\u00f1a. No es ins\u00f3lito que se sienta cerca de De Narv\u00e1ez, sino que comparta una lista con Massa, porque lo hab\u00eda criticado bastante en las \u00e9pocas en que \u00e9ste empezaba a ser un nombre conocido, cuando el Gobierno Nacional lo puso en ANSES. \u201c Yo fui muy cr\u00edtica de distintas gestiones de la ANSES, incluida la de Massa, pero despu\u00e9s de tantos a\u00f1os criticando y de trabajar para los jubilados, creo que es hora de pasar al otro lado\u201d, dice cual Luke Skywalker, a punto de pasar al lado oscuro. Y agrega, \u201c\u00c9l era un funcionario muy joven con el que tuve muchas discrepancias pero tambi\u00e9n muchas coincidencias. Pero m\u00e1s all\u00e1 de todas las cr\u00edticas que le hice a su gesti\u00f3n en ANSES, si le hacen una consulta al mismo personal se van a dar cuenta que su gesti\u00f3n ha sido muy buena\u201d. Esto confunde, pues nos dice que ella fue muy cr\u00edtica con la gesti\u00f3n de Massa en ANSES, que no es otra cosa que la gesti\u00f3n del Kirchnerismo en esos a\u00f1os en la repartici\u00f3n p\u00fablica. Pero parece que ahora no fue tan as\u00ed, que la gesti\u00f3n ha sido muy buena. Lo que no termina de explicar es si reci\u00e9n se dio cuenta de eso, luego de criticarlo por TN tanto a \u00e9l como al gobierno y sus acciones, o lo supo todo el tiempo, s\u00f3lo que eligi\u00f3 no decirlo, eligi\u00f3 no decir lo que en verdad pensaba.<br \/>\nSi Tundis obtiene, luego de pasar las primarias, la oportunidad de ocupar una banca en el Congreso de la Naci\u00f3n, tal vez explique qu\u00e9 es lo que piensa hacer, que l\u00ednea piensa seguir, si la que en su momento dijo que estaba mal, o lo que ahora dice que estuvo bien, siempre hablando de las mismas cosas, que son su \u00e1mbito, todo lo referente a los jubilados, ya que, seg\u00fan ella misma afirma, Massa la llam\u00f3 para eso: \u201cTe necesito en el equipo para que me ayudes en materia previsional, ten\u00e9s que estar\u201d, le habr\u00eda dicho el intendente de Tigre, el mismo d\u00eda del cierre de listas.<br \/>\nEsta \u2018socialista\u2019 y columnista de TN, que cada vez que declara sorprende a propios y ajenos, eligi\u00f3 ahora estar all\u00ed, en una lista que representa a todos los sectores opositores de la provincia de Buenos Aires, encabezada por el hace 15 minutos opositor Sergio Massa, a quien ella critic\u00f3 hasta el s\u00e1bado de cierre de listas. \u201cSiempre se habla de que pasa el tren pasa s\u00f3lo una vez, creo que este es el tren y me sub\u00ed\u201d, dice Tundis y a esa frase no le hace falta explicaci\u00f3n, la entendemos perfectamente.<\/p>\n","protected":false},"excerpt":{"rendered":"<p>\u201cSoy socialista y Massa se enter\u00f3 ayer y no lo pod\u00eda creer\u201d, dijo hace unos d\u00edas la pre candidata a diputada por el Frente Renovador, Mirta Tundis, periodista de TN. No s\u00f3lo sorprendi\u00f3 al actual intendente de Tigre, claro. Una frase as\u00ed causa impacto y a varios niveles, y si estuvi\u00e9ramos en las vi\u00f1etas de Condorito, en la \u00faltima saltar\u00edamos [&#8230;]<\/p>\n","protected":false},"author":4,"featured_media":0,"comment_status":"open","ping_status":"open","sticky":false,"template":"","format":"standard","meta":{"_jetpack_newsletter_access":"","_jetpack_dont_email_post_to_subs":false,"_jetpack_newsletter_tier_id":0,"_jetpack_memberships_contains_paywalled_content":false,"_jetpack_memberships_contains_paid_content":false,"footnotes":""},"categories":[64],"tags":[],"class_list":["post-27428","post","type-post","status-publish","format-standard","hentry","category-opinion"],"jetpack_featured_media_url":"","jetpack_shortlink":"https:\/\/wp.me\/p2JWE0-78o","jetpack-related-posts":[{"id":29264,"url":"https:\/\/www.24baires.com\/?p=29264","url_meta":{"origin":27428,"position":0},"title":"El massismo sostiene que no hay que mantener el F\u00fatbol para Todos","author":"AF","date":"31\/07\/2013","format":false,"excerpt":"La tercera candidata a diputada del Frente Renovador que conduce Sergio Massa, Mirta Tundis, revel\u00f3 su postura en contra de que contin\u00fae el programa que permite acceder a los partidos a trav\u00e9s de la televisi\u00f3n abierta y propuso crear nuevos impuestos. La periodista del Grupo Clar\u00edn, tercera en la lista\u2026","rel":"","context":"En \u00abPol\u00edtica\u00bb","block_context":{"text":"Pol\u00edtica","link":"https:\/\/www.24baires.com\/?cat=51"},"img":{"alt_text":"tundis massa","src":"https:\/\/i0.wp.com\/www.24baires.com\/wp-content\/uploads\/2013\/07\/tundis-massa-300x193.jpg?resize=350%2C200","width":350,"height":200},"classes":[]},{"id":28249,"url":"https:\/\/www.24baires.com\/?p=28249","url_meta":{"origin":27428,"position":1},"title":"\u201cNo entiendo nada de pol\u00edtica\u201d confes\u00f3 Mirta Tundis","author":"Grupo Sierra","date":"14\/07\/2013","format":false,"excerpt":"La precandidata a diputada por el Frente Renovador que lidera Sergio Massa admiti\u00f3 no entender \u201cnada de pol\u00edtica\u201d pero expres\u00f3 su intenci\u00f3n de \u201ccambiar la historia\u201d. \"Me cost\u00f3 mucho aceptar, ten\u00eda mucho para perder\u201d, reconoci\u00f3 la periodista, quien expres\u00f3 que la \u201csedujo la forma de trabajar\u201d del intendente de Tigre.\u2026","rel":"","context":"En \u00abPol\u00edtica\u00bb","block_context":{"text":"Pol\u00edtica","link":"https:\/\/www.24baires.com\/?cat=51"},"img":{"alt_text":"","src":"","width":0,"height":0},"classes":[]},{"id":45676,"url":"https:\/\/www.24baires.com\/?p=45676","url_meta":{"origin":27428,"position":2},"title":"Bossio culp\u00f3 a Massa por los juicios contra el Anses","author":"GB","date":"10\/05\/2014","format":false,"excerpt":"El director ejecutivo de ANSES, Diego Bossio, responsabiliz\u00f3 al ex director y actual diputado Sergio Massa y le pidi\u00f3 responsabilidad a la diputada Mirta Tundis por sus declaraciones sobre sentencias jubilatorias. Al respecto, el Director Ejecutivo de la ANSES sostuvo que contin\u00faan con la pol\u00edtica de cumplimiento de pagos que\u2026","rel":"","context":"En \u00abSociedad\u00bb","block_context":{"text":"Sociedad","link":"https:\/\/www.24baires.com\/?cat=1"},"img":{"alt_text":"bossio","src":"https:\/\/i0.wp.com\/www.24baires.com\/wp-content\/uploads\/2012\/11\/bossio-300x225.jpg?resize=350%2C200","width":350,"height":200,"srcset":"https:\/\/i0.wp.com\/www.24baires.com\/wp-content\/uploads\/2012\/11\/bossio-300x225.jpg?resize=350%2C200 1x, https:\/\/i0.wp.com\/www.24baires.com\/wp-content\/uploads\/2012\/11\/bossio-300x225.jpg?resize=525%2C300 1.5x"},"classes":[]},{"id":28345,"url":"https:\/\/www.24baires.com\/?p=28345","url_meta":{"origin":27428,"position":3},"title":"Con Massa a la cabeza, el Frente Renovador firm\u00f3 un compromiso \u00abanti re reelecci\u00f3n\u00bb","author":"Grupo Sierra","date":"15\/07\/2013","format":false,"excerpt":"LA PLATA.- El intendente de Tigre se reuni\u00f3 junto al resto de los candidatos a diputados nacionales por el Frente Renovador en un hotel c\u00e9ntrico de la capital bonaerense para firmar ante escribano p\u00fablico su renuncia p\u00fablica anticipada como legisladores si alguno de ellos habilitara la reforma de la Carta\u2026","rel":"","context":"En \u00abPol\u00edtica\u00bb","block_context":{"text":"Pol\u00edtica","link":"https:\/\/www.24baires.com\/?cat=51"},"img":{"alt_text":"massa otra","src":"https:\/\/i0.wp.com\/www.24baires.com\/wp-content\/uploads\/2013\/06\/massa-otra-300x171.jpg?resize=350%2C200","width":350,"height":200},"classes":[]},{"id":52057,"url":"https:\/\/www.24baires.com\/?p=52057","url_meta":{"origin":27428,"position":4},"title":"\u00abMassa es un oc\u00e9ano con un cent\u00edmetro de profundidad\u00bb","author":"AF","date":"19\/08\/2014","format":false,"excerpt":"El senador nacional del kirchnerismo, An\u00edbal Fern\u00e1ndez, critic\u00f3 con dureza al l\u00edder del Frente Renovador, Sergio Massa, al asegurar que \"no se va a sostener\" por su falta de formaci\u00f3n intelectual y pol\u00edtica. \"Es un tipo con cero formaci\u00f3n intelectual, con cero formaci\u00f3n pol\u00edtica. Es un oc\u00e9ano con un cent\u00edmetro\u2026","rel":"","context":"En \u00abPol\u00edtica\u00bb","block_context":{"text":"Pol\u00edtica","link":"https:\/\/www.24baires.com\/?cat=51"},"img":{"alt_text":"massa","src":"https:\/\/i0.wp.com\/www.24baires.com\/wp-content\/uploads\/2013\/08\/massa.png?resize=350%2C200","width":350,"height":200,"srcset":"https:\/\/i0.wp.com\/www.24baires.com\/wp-content\/uploads\/2013\/08\/massa.png?resize=350%2C200 1x, https:\/\/i0.wp.com\/www.24baires.com\/wp-content\/uploads\/2013\/08\/massa.png?resize=525%2C300 1.5x"},"classes":[]},{"id":34459,"url":"https:\/\/www.24baires.com\/?p=34459","url_meta":{"origin":27428,"position":5},"title":"Massa quiere reunir a m\u00e1s de mil dirigentes en Mar del Plata","author":"AF","date":"01\/11\/2013","format":false,"excerpt":"El diputado nacional electo y l\u00edder del Frente Renovador, Sergio Massa, buscar\u00e1 reunir a m\u00e1s de mil dirigentes en Mar del Plata el pr\u00f3ximo 9 de noviembre, y luego iniciar\u00e1 una gira por el interior de la provincia de Buenos Aires para mostrarse junto a referentes locales de su espacio.\u2026","rel":"","context":"En \u00abPol\u00edtica\u00bb","block_context":{"text":"Pol\u00edtica","link":"https:\/\/www.24baires.com\/?cat=51"},"img":{"alt_text":"massa candidaturas","src":"https:\/\/i0.wp.com\/www.24baires.com\/wp-content\/uploads\/2013\/01\/massa-candidaturas.jpg?resize=350%2C200","width":350,"height":200,"srcset":"https:\/\/i0.wp.com\/www.24baires.com\/wp-content\/uploads\/2013\/01\/massa-candidaturas.jpg?resize=350%2C200 1x, https:\/\/i0.wp.com\/www.24baires.com\/wp-content\/uploads\/2013\/01\/massa-candidaturas.jpg?resize=525%2C300 1.5x"},"classes":[]}],"jetpack_sharing_enabled":true,"jetpack_likes_enabled":true,"_links":{"self":[{"href":"https:\/\/www.24baires.com\/index.php?rest_route=\/wp\/v2\/posts\/27428","targetHints":{"allow":["GET"]}}],"collection":[{"href":"https:\/\/www.24baires.com\/index.php?rest_route=\/wp\/v2\/posts"}],"about":[{"href":"https:\/\/www.24baires.com\/index.php?rest_route=\/wp\/v2\/types\/post"}],"author":[{"embeddable":true,"href":"https:\/\/www.24baires.com\/index.php?rest_route=\/wp\/v2\/users\/4"}],"replies":[{"embeddable":true,"href":"https:\/\/www.24baires.com\/index.php?rest_route=%2Fwp%2Fv2%2Fcomments&post=27428"}],"version-history":[{"count":1,"href":"https:\/\/www.24baires.com\/index.php?rest_route=\/wp\/v2\/posts\/27428\/revisions"}],"predecessor-version":[{"id":27431,"href":"https:\/\/www.24baires.com\/index.php?rest_route=\/wp\/v2\/posts\/27428\/revisions\/27431"}],"wp:attachment":[{"href":"https:\/\/www.24baires.com\/index.php?rest_route=%2Fwp%2Fv2%2Fmedia&parent=27428"}],"wp:term":[{"taxonomy":"category","embeddable":true,"href":"https:\/\/www.24baires.com\/index.php?rest_route=%2Fwp%2Fv2%2Fcategories&post=27428"},{"taxonomy":"post_tag","embeddable":true,"href":"https:\/\/www.24baires.com\/index.php?rest_route=%2Fwp%2Fv2%2Ftags&post=27428"}],"curies":[{"name":"wp","href":"https:\/\/api.w.org\/{rel}","templated":true}]}}