{"id":27414,"date":"2013-07-02T19:00:32","date_gmt":"2013-07-02T22:00:32","guid":{"rendered":"http:\/\/www.24baires.com\/?p=27414"},"modified":"2013-07-03T14:49:13","modified_gmt":"2013-07-03T17:49:13","slug":"la-corte-suprema-pidio-dictamen-a-gils-carbo-por-la-ley-de-medios","status":"publish","type":"post","link":"https:\/\/www.24baires.com\/?p=27414","title":{"rendered":"La Corte Suprema pidi\u00f3 dictamen a Gils Carb\u00f3 por la Ley de Medios"},"content":{"rendered":"<p><img data-recalc-dims=\"1\" loading=\"lazy\" decoding=\"async\" class=\"aligncenter size-full wp-image-5574\" alt=\"gils_carbo_senado_070812_12_ef_47659\" src=\"https:\/\/i0.wp.com\/www.24baires.com\/wp-content\/uploads\/2012\/11\/gils_carbo_senado_070812_12_ef_47659.jpg?resize=560%2C361\" width=\"560\" height=\"361\" srcset=\"https:\/\/i0.wp.com\/www.24baires.com\/wp-content\/uploads\/2012\/11\/gils_carbo_senado_070812_12_ef_47659.jpg?w=560&amp;ssl=1 560w, https:\/\/i0.wp.com\/www.24baires.com\/wp-content\/uploads\/2012\/11\/gils_carbo_senado_070812_12_ef_47659.jpg?resize=300%2C193&amp;ssl=1 300w\" sizes=\"auto, (max-width: 560px) 100vw, 560px\" \/>La Corte Suprema de Justicia gir\u00f3 a Alejandra Gils Carb\u00f3 el expediente sobre los recursos extraordinarios presentados por el Estado Nacional y la Afsca sobre la constitucionalidad de algunos art\u00edculos de la Ley de Medios.<!--more--><br \/>\nLa Corte Suprema de Justicia decidi\u00f3 enviar a la procuradora general de la Naci\u00f3n, Alejandra Gils Carb\u00f3, para que emita dictamen, el expediente sobre los recursos extraordinarios presentados por el Estado Nacional y la Autoridad Federal de Servicios de Comunicaci\u00f3n Audiovisual (AFSCA) sobre la constitucionalidad de algunos art\u00edculos de la Ley de Medios.<\/p>\n<p>Seg\u00fan inform\u00f3 el Centro de Informaci\u00f3n Judicial, \u00aben el acuerdo de hoy, la Corte Suprema de Justicia, con la presencia de los jueces Ricardo Lorenzetti, Elena Highton, Juan Carlos Maqueda, Ra\u00fal Zaffaroni, Enrique Petrachi y Carmen Argibay decidi\u00f3, en forma un\u00e1nime, correr vista a la procuradora general de la Naci\u00f3n en las causas en que se cuestiona la constitucionalidad de diversas disposiciones de la ley 26.522\u00bb.<\/p>\n<p>&nbsp;<\/p>\n<p>&nbsp;<\/p>\n<p>&nbsp;<\/p>\n<p>&nbsp;<\/p>\n<p>&nbsp;<\/p>\n<p>&nbsp;<\/p>\n<p>&nbsp;<\/p>\n<p>&nbsp;<\/p>\n<p>&nbsp;<\/p>\n<p>&nbsp;<\/p>\n<p>&nbsp;<\/p>\n<p>&nbsp;<\/p>\n<p>&nbsp;<\/p>\n","protected":false},"excerpt":{"rendered":"<p>La Corte Suprema de Justicia gir\u00f3 a Alejandra Gils Carb\u00f3 el expediente sobre los recursos extraordinarios presentados por el Estado Nacional y la Afsca sobre la constitucionalidad de algunos art\u00edculos de la Ley de Medios.<\/p>\n","protected":false},"author":4,"featured_media":0,"comment_status":"open","ping_status":"open","sticky":false,"template":"","format":"standard","meta":{"_jetpack_newsletter_access":"","_jetpack_dont_email_post_to_subs":false,"_jetpack_newsletter_tier_id":0,"_jetpack_memberships_contains_paywalled_content":false,"_jetpack_memberships_contains_paid_content":false,"footnotes":""},"categories":[54],"tags":[],"class_list":["post-27414","post","type-post","status-publish","format-standard","hentry","category-medios"],"jetpack_featured_media_url":"","jetpack_shortlink":"https:\/\/wp.me\/p2JWE0-78a","jetpack-related-posts":[{"id":39911,"url":"https:\/\/www.24baires.com\/?p=39911","url_meta":{"origin":27414,"position":0},"title":"Gils Carb\u00f3 recomend\u00f3 prohibir los avisos de oferta sexual","author":"GB","date":"05\/02\/2014","format":false,"excerpt":"La Procuradora General de la Naci\u00f3n, Alejandra Gils Carb\u00f3, recomend\u00f3 a la Corte Suprema de Justicia rechazar un amparo promovido por el diario R\u00edo Negro en contra de la prohibici\u00f3n de publicar avisos de oferta sexual. En un dictamen, la procuradora consider\u00f3 que \"el inter\u00e9s del Estado en combatir la\u2026","rel":"","context":"En \u00abMedios\u00bb","block_context":{"text":"Medios","link":"https:\/\/www.24baires.com\/?cat=54"},"img":{"alt_text":"","src":"","width":0,"height":0},"classes":[]},{"id":10465,"url":"https:\/\/www.24baires.com\/?p=10465","url_meta":{"origin":27414,"position":1},"title":"Gils Carb\u00f3 recomend\u00f3 a la Corte dar por extinguida la cautelar a favor del Grupo Clar\u00edn","author":"Grupo Sierra","date":"26\/12\/2012","format":false,"excerpt":"La Procuradora General de la Naci\u00f3n, Alejandra Gils Carb\u00f3, recomend\u00f3 a la Corte Suprema aceptar el recurso extraordinario interpuesto por el Estado Nacional y dar por extinguida la medida cautelar que favorec\u00eda al grupo Clar\u00edn.\u00a0 La Procuradora General de la Naci\u00f3n solicit\u00f3 al m\u00e1ximo tribunal que admita el recurso extraordinario\u2026","rel":"","context":"En \u00abPol\u00edtica\u00bb","block_context":{"text":"Pol\u00edtica","link":"https:\/\/www.24baires.com\/?cat=51"},"img":{"alt_text":"","src":"","width":0,"height":0},"classes":[]},{"id":93612,"url":"https:\/\/www.24baires.com\/?p=93612","url_meta":{"origin":27414,"position":2},"title":"La Procuraci\u00f3n dictamin\u00f3 que la detenci\u00f3n de Milagro Sala \u201ces ilegal y deber ser dejada sin efecto\u201d","author":"GB","date":"05\/04\/2017","format":false,"excerpt":"A pedido de la Corte Suprema, Gils Carb\u00f3 opin\u00f3 sobre la situaci\u00f3n de la dirigente juje\u00f1a. Consider\u00f3 que debe ser liberada tanto por la arbitrariedad de su detenci\u00f3n como por la inmunidad de arresto en su condici\u00f3n de parlamentaria. La Procuradora General de la Naci\u00f3n, Alejandra Gils Carb\u00f3, determin\u00f3 que\u2026","rel":"","context":"En \u00abPol\u00edtica\u00bb","block_context":{"text":"Pol\u00edtica","link":"https:\/\/www.24baires.com\/?cat=51"},"img":{"alt_text":"","src":"https:\/\/i0.wp.com\/www.24baires.com\/wp-content\/uploads\/2016\/01\/milagro-salas.jpg?resize=350%2C200","width":350,"height":200,"srcset":"https:\/\/i0.wp.com\/www.24baires.com\/wp-content\/uploads\/2016\/01\/milagro-salas.jpg?resize=350%2C200 1x, https:\/\/i0.wp.com\/www.24baires.com\/wp-content\/uploads\/2016\/01\/milagro-salas.jpg?resize=525%2C300 1.5x"},"classes":[]},{"id":26208,"url":"https:\/\/www.24baires.com\/?p=26208","url_meta":{"origin":27414,"position":3},"title":"Gils Carb\u00f3 dictamin\u00f3 que la elecci\u00f3n popular de la Magistratura es constitucional","author":"Grupo Sierra","date":"17\/06\/2013","format":false,"excerpt":"La Procuradora General de la Naci\u00f3n, Alejandra Gils Carb\u00f3, dictamin\u00f3 que la elecci\u00f3n popular y el incremento de miembros del Consejo de la Magistratura representan \u201cuna interpretaci\u00f3n v\u00e1lida de la Constituci\u00f3n Nacional\u201d. El dictamen, que deja a la Corte Suprema de Justicia en condiciones de resolver la cuesti\u00f3n, sostiene que\u2026","rel":"","context":"En \u00abPol\u00edtica\u00bb","block_context":{"text":"Pol\u00edtica","link":"https:\/\/www.24baires.com\/?cat=51"},"img":{"alt_text":"","src":"","width":0,"height":0},"classes":[]},{"id":66956,"url":"https:\/\/www.24baires.com\/?p=66956","url_meta":{"origin":27414,"position":4},"title":"La Corte Suprema benefici\u00f3 a Cablevisi\u00f3n para que no la sancionen","author":"GB","date":"02\/06\/2015","format":false,"excerpt":"El m\u00e1ximo tribunal confirm\u00f3 una medida cautelar de la justicia federal de Mar del Plata que impide a la Autoridad Federal de Servicios de Comunicaci\u00f3n Audiovisual (AFSCA) aplicar sanciones a la empresa del Grupo Clar\u00edn por no cumplir con el ordenamiento de la grilla. La resoluci\u00f3n de los ministros Ricardo\u2026","rel":"","context":"En \u00abJUDICIALES\u00bb","block_context":{"text":"JUDICIALES","link":"https:\/\/www.24baires.com\/?cat=68"},"img":{"alt_text":"cablevisi\u00f3n","src":"https:\/\/i0.wp.com\/www.24baires.com\/wp-content\/uploads\/2012\/12\/cablevisi%C3%B3n1.jpg?resize=350%2C200","width":350,"height":200,"srcset":"https:\/\/i0.wp.com\/www.24baires.com\/wp-content\/uploads\/2012\/12\/cablevisi%C3%B3n1.jpg?resize=350%2C200 1x, https:\/\/i0.wp.com\/www.24baires.com\/wp-content\/uploads\/2012\/12\/cablevisi%C3%B3n1.jpg?resize=525%2C300 1.5x"},"classes":[]},{"id":26766,"url":"https:\/\/www.24baires.com\/?p=26766","url_meta":{"origin":27414,"position":5},"title":"Gils Carb\u00f3 denuncia un \u00abestado de indefensi\u00f3n\u00bb del Estado frente al fallo de La Rural","author":"AF","date":"24\/06\/2013","format":false,"excerpt":"La C\u00e1mara en lo Civil y Comercial Federal, que dict\u00f3 una medida cautelar que suspendi\u00f3 el decreto de recuperaci\u00f3n del predio de la Sociedad Rural, dej\u00f3 al Estado Nacional en virtual \"estado de indefensi\u00f3n\", dijo la Procuradora General de la Naci\u00f3n Alejandra Gils Carb\u00f3. Fuentes judiciales indicaron esta ma\u00f1ana que\u2026","rel":"","context":"En \u00abJUDICIALES\u00bb","block_context":{"text":"JUDICIALES","link":"https:\/\/www.24baires.com\/?cat=68"},"img":{"alt_text":"gils cabr\u00f3","src":"https:\/\/i0.wp.com\/www.24baires.com\/wp-content\/uploads\/2013\/02\/gils-cabr%C3%B3.jpg?resize=350%2C200","width":350,"height":200,"srcset":"https:\/\/i0.wp.com\/www.24baires.com\/wp-content\/uploads\/2013\/02\/gils-cabr%C3%B3.jpg?resize=350%2C200 1x, https:\/\/i0.wp.com\/www.24baires.com\/wp-content\/uploads\/2013\/02\/gils-cabr%C3%B3.jpg?resize=525%2C300 1.5x"},"classes":[]}],"jetpack_sharing_enabled":true,"jetpack_likes_enabled":true,"_links":{"self":[{"href":"https:\/\/www.24baires.com\/index.php?rest_route=\/wp\/v2\/posts\/27414","targetHints":{"allow":["GET"]}}],"collection":[{"href":"https:\/\/www.24baires.com\/index.php?rest_route=\/wp\/v2\/posts"}],"about":[{"href":"https:\/\/www.24baires.com\/index.php?rest_route=\/wp\/v2\/types\/post"}],"author":[{"embeddable":true,"href":"https:\/\/www.24baires.com\/index.php?rest_route=\/wp\/v2\/users\/4"}],"replies":[{"embeddable":true,"href":"https:\/\/www.24baires.com\/index.php?rest_route=%2Fwp%2Fv2%2Fcomments&post=27414"}],"version-history":[{"count":3,"href":"https:\/\/www.24baires.com\/index.php?rest_route=\/wp\/v2\/posts\/27414\/revisions"}],"predecessor-version":[{"id":27482,"href":"https:\/\/www.24baires.com\/index.php?rest_route=\/wp\/v2\/posts\/27414\/revisions\/27482"}],"wp:attachment":[{"href":"https:\/\/www.24baires.com\/index.php?rest_route=%2Fwp%2Fv2%2Fmedia&parent=27414"}],"wp:term":[{"taxonomy":"category","embeddable":true,"href":"https:\/\/www.24baires.com\/index.php?rest_route=%2Fwp%2Fv2%2Fcategories&post=27414"},{"taxonomy":"post_tag","embeddable":true,"href":"https:\/\/www.24baires.com\/index.php?rest_route=%2Fwp%2Fv2%2Ftags&post=27414"}],"curies":[{"name":"wp","href":"https:\/\/api.w.org\/{rel}","templated":true}]}}