{"id":27411,"date":"2013-07-02T18:00:40","date_gmt":"2013-07-02T21:00:40","guid":{"rendered":"http:\/\/www.24baires.com\/?p=27411"},"modified":"2013-07-02T13:22:57","modified_gmt":"2013-07-02T16:22:57","slug":"de-vido-critico-fuertemente-una-editorial-publicada-el-domingo-por-la-nacion","status":"publish","type":"post","link":"https:\/\/www.24baires.com\/?p=27411","title":{"rendered":"De Vido critic\u00f3 fuertemente una editorial publicada el domingo por La Naci\u00f3n"},"content":{"rendered":"<p>El ministro de Planificaci\u00f3n Federal respondi\u00f3 una nota de ese matutino donde se compara al fascismo con las pol\u00edticas del gobierno nacional para \u00abdemocratizar\u00bb la Justicia.<!--more--><br \/>\nDe Vido asegur\u00f3 que \u00abya son varios de la gran prensa\u00bb que intentan encontrar similitudes entre el nazismo y el gobierno nacional.<\/p>\n<p>La nota a la que responde el funcionario nacional fue publicada el domingo pasado, se titula \u00ab1923\u00bb, y se\u00f1ala que \u00abel auge del fascismo demol\u00eda las libertades individuales y las instituciones del Estado de Derecho, empezando por la Justicia\u00bb.<\/p>\n<p>Este art\u00edculo llega tras otro pol\u00e9mico editorial de La Naci\u00f3n, \u00ab1933\u00bb, en el que se advert\u00eda, \u00absalvando enormes distancias\u00bb, sobre paralelismos entre los tr\u00e1gicos hechos que acompa\u00f1aron la ca\u00edda de la Rep\u00fablica de Weimar en la Alemania pre-nazi y la actualidad argentina.<\/p>\n<p>En la respuesta publicada hoy en P\u00e1gina\/12 y titulada \u00ab2013\u00bb, De Vido advierte que \u00abya son varios los devaneos de la gran prensa, sobre todo del diario La Naci\u00f3n, intentando forzar parecidos entre el fascismo o el nazismo con los gobiernos de Per\u00f3n, junto con la \u2013no tan subliminal\u2013 intenci\u00f3n de emparentar al gobierno actual de Cristina Fern\u00e1ndez de Kirchner con alguna de esas ideolog\u00edas\u00bb.<\/p>\n<p>El titular de Planificaci\u00f3n reflexion\u00f3 que \u00abel poder concentrado que, salvo per\u00edodos intermitentes, viene gobernando `en paralelo\u00b4a la Argentina desde hace 200 a\u00f1os (y que ciertamente no dej\u00f3 de mostrar simpat\u00edas no s\u00f3lo por \u00e9stos sino por todos los modelos autoritarios) debe estar muy desesperado por la carencia de argumentos como para utilizar los actuales, cuya peligrosidad es dejarlos a ellos ideol\u00f3gica e inmensurablemente m\u00e1s pegados que al Gobierno\u00bb.<\/p>\n<p>Califica de \u00abun intento surrealista\u00bb, el paralelo que efect\u00faa el matutino al referise a \u00abc\u00f3mo camisas negras, pardas o del color que sean asaltaron el poder desequilibrado de un continente basado en la gula y el desprecio\u00bb y \u00abel surgimiento de una juventud nuevamente politizada\u00bb.<\/p>\n<p>\u00abS\u00f3lo un ignorante, un perdulario o un malintencionado puede confundir las luchas por la emancipaci\u00f3n y la dignidad de un territorio sometido con el descarnado fraticidio que protagoniz\u00f3 Europa, luego de enriquecerse a costa del resto del mundo\u00bb, afirma la columna.<\/p>\n<p>En esa l\u00ednea, De Vido interpreta que \u00abtal vez \u00e9sta sea la intenci\u00f3n oculta. Envenenar\u00bb, y plantea que esa \u00abno difiere en mucho de la actitud de los grupos econ\u00f3micos concentrados del Viejo Continente&#8230;Tal vez porque muchos de ellos (quiz\u00e1 demasiados) atravesaron esas conflagraciones sin hacerse cargo de nada o de muy poco. Y todav\u00eda hoy siguen activos\u00bb.<\/p>\n<p>El funcionario nacional repara en \u00abla impunidad de los m\u00e1s ricos\u00bb como \u00abuna constante en la historia\u00bb al se\u00f1alar que \u00abarrasaron cualquier intento por democratizar el debate en aquellas latitudes\u00bb.<\/p>\n<p>\u00abNo pusieron reparos en mandar a morir por ellos a millones de personas&#8230;no s\u00f3lo en las dos grandes guerras. Tambi\u00e9n en cada uno de los conflictos coloniales, en las guerras de emancipaci\u00f3n, en las luchas populares del resto de los continentes, excepto en el territorio de aquellos pa\u00edses que -por su creciente poder- pasaron de sometidos a aliados, a fuerza de oro y ca\u00f1onazos\u00bb, describe.<\/p>\n<p>De Vido remite a \u00abla historia bien contada\u00bb como la \u00abgran curadora\u00bb que en tiempos \u00abde democracia y debate abierto, es posible relatarla sin que nadie le ponga a uno una capucha, lo meta en un s\u00f3tano y lo tire despu\u00e9s al r\u00edo, luego de torturarlo para saber de d\u00f3nde sac\u00f3 informaciones tan peligrosas como para poner en riesgo la continuidad del statu quo\u00bb.<\/p>\n<p>\u00abRealmente mueve a risa. Que los grupos de poder intenten te\u00f1ir el protagonismo popular con colores fascistas o directamente nazis es pat\u00e9tico\u00bb, se\u00f1ala en su columna de opini\u00f3n.<\/p>\n<p>&nbsp;<\/p>\n<p>&nbsp;<\/p>\n<p>&nbsp;<\/p>\n<p>&nbsp;<\/p>\n<p>&nbsp;<\/p>\n<p>&nbsp;<\/p>\n<p>&nbsp;<\/p>\n<p>&nbsp;<\/p>\n<p>&nbsp;<\/p>\n<p>&nbsp;<\/p>\n<p>&nbsp;<\/p>\n<p>&nbsp;<\/p>\n<p>&nbsp;<\/p>\n<p>&nbsp;<\/p>\n<p>&nbsp;<\/p>\n","protected":false},"excerpt":{"rendered":"<p>El ministro de Planificaci\u00f3n Federal respondi\u00f3 una nota de ese matutino donde se compara al fascismo con las pol\u00edticas del gobierno nacional para \u00abdemocratizar\u00bb la Justicia.<\/p>\n","protected":false},"author":4,"featured_media":0,"comment_status":"open","ping_status":"open","sticky":false,"template":"","format":"standard","meta":{"_jetpack_newsletter_access":"","_jetpack_dont_email_post_to_subs":false,"_jetpack_newsletter_tier_id":0,"_jetpack_memberships_contains_paywalled_content":false,"_jetpack_memberships_contains_paid_content":false,"footnotes":""},"categories":[54,51],"tags":[],"class_list":["post-27411","post","type-post","status-publish","format-standard","hentry","category-medios","category-politica"],"jetpack_featured_media_url":"","jetpack_shortlink":"https:\/\/wp.me\/p2JWE0-787","jetpack-related-posts":[{"id":24590,"url":"https:\/\/www.24baires.com\/?p=24590","url_meta":{"origin":27411,"position":0},"title":"Los trabajadores de La Naci\u00f3n tambi\u00e9n rechazaron el editorial \u00ab1933\u00bb de ese diario","author":"Grupo Sierra","date":"28\/05\/2013","format":false,"excerpt":"La asamblea de trabajadores del diario La Naci\u00f3n expres\u00f3 que no comparte lo expresado en la editorial \"1933\" publicada ayer en el matutino porque \"traza un oscuro paralelismo entre el Gobierno nacional y pr\u00e1cticas de la Alemania Nazi\" y \"banaliza hechos como el Holocausto Jud\u00edo\". La nota ya hab\u00eda recibido\u2026","rel":"","context":"En \u00abMedios\u00bb","block_context":{"text":"Medios","link":"https:\/\/www.24baires.com\/?cat=54"},"img":{"alt_text":"","src":"","width":0,"height":0},"classes":[]},{"id":45792,"url":"https:\/\/www.24baires.com\/?p=45792","url_meta":{"origin":27411,"position":1},"title":"El diario La Naci\u00f3n califica como \u00abpersecuci\u00f3n pol\u00edtica\u00bb el jury a Hooft","author":"AF","date":"12\/05\/2014","format":false,"excerpt":"En su editorial de hoy, el diario destac\u00f3 con el t\u00edtulo \"La Justicia prevaleci\u00f3 sobre la venganza\", el fallo absolutorio a favor del juez federal de Mar del Plata Pedro Hooft, que hab\u00eda sido acusado de c\u00f3mplice del gobierno militar. El editorial calific\u00f3 a los militares que est\u00e1n siendo juzgados\u2026","rel":"","context":"En \u00abMemoria\u00bb","block_context":{"text":"Memoria","link":"https:\/\/www.24baires.com\/?cat=50"},"img":{"alt_text":"hooft","src":"https:\/\/i0.wp.com\/www.24baires.com\/wp-content\/uploads\/2013\/09\/hooft.jpg?resize=350%2C200","width":350,"height":200,"srcset":"https:\/\/i0.wp.com\/www.24baires.com\/wp-content\/uploads\/2013\/09\/hooft.jpg?resize=350%2C200 1x, https:\/\/i0.wp.com\/www.24baires.com\/wp-content\/uploads\/2013\/09\/hooft.jpg?resize=525%2C300 1.5x"},"classes":[]},{"id":105613,"url":"https:\/\/www.24baires.com\/?p=105613","url_meta":{"origin":27411,"position":2},"title":"Denunciaron a Bullrich por los incidentes en la previa del Supercl\u00e1sico","author":"AF","date":"26\/11\/2018","format":false,"excerpt":"Piden investigar si se incurri\u00f3 en los delitos de incumplimiento y violaci\u00f3n de los deberes de funcionario p\u00fablico y abuso de autoridad. La Justicia Federal de Comodoro Py recibi\u00f3 este lunes una denuncia contra la ministra de Seguridad de la Naci\u00f3n Patricia Bullrich y las altas autoridades de la cartera\u2026","rel":"","context":"En \u00abPol\u00edtica\u00bb","block_context":{"text":"Pol\u00edtica","link":"https:\/\/www.24baires.com\/?cat=51"},"img":{"alt_text":"","src":"https:\/\/i0.wp.com\/www.24baires.com\/wp-content\/uploads\/2017\/09\/bullrich.jpg?resize=350%2C200","width":350,"height":200,"srcset":"https:\/\/i0.wp.com\/www.24baires.com\/wp-content\/uploads\/2017\/09\/bullrich.jpg?resize=350%2C200 1x, https:\/\/i0.wp.com\/www.24baires.com\/wp-content\/uploads\/2017\/09\/bullrich.jpg?resize=525%2C300 1.5x"},"classes":[]},{"id":102040,"url":"https:\/\/www.24baires.com\/?p=102040","url_meta":{"origin":27411,"position":3},"title":"El PJ Bonaerense acus\u00f3 a Macri de \u00abentregar el pa\u00eds al mejor postor\u00bb","author":"GB","date":"09\/05\/2018","format":false,"excerpt":"Denunci\u00f3 que el modelo econ\u00f3mico de Cambiemos es \"sin\u00f3nimo de fracaso, mentiras e inoperancia\" y le pidi\u00f3 al Gobierno que de marcha atr\u00e1s con el acuerdo con el FMI y convoque a la oposici\u00f3n para lograr \"una soluci\u00f3n superadora\". El Partido Justicialista de la provincia de Buenos Aires repudi\u00f3 el\u2026","rel":"","context":"En \u00abProvincia\u00bb","block_context":{"text":"Provincia","link":"https:\/\/www.24baires.com\/?cat=40"},"img":{"alt_text":"","src":"https:\/\/i0.wp.com\/www.24baires.com\/wp-content\/uploads\/2018\/05\/pj-bonaerense.jpg?resize=350%2C200","width":350,"height":200,"srcset":"https:\/\/i0.wp.com\/www.24baires.com\/wp-content\/uploads\/2018\/05\/pj-bonaerense.jpg?resize=350%2C200 1x, https:\/\/i0.wp.com\/www.24baires.com\/wp-content\/uploads\/2018\/05\/pj-bonaerense.jpg?resize=525%2C300 1.5x"},"classes":[]},{"id":119274,"url":"https:\/\/www.24baires.com\/?p=119274","url_meta":{"origin":27411,"position":4},"title":"Repudian el accionar policial y adviertien que JxC \u00abpone en riesgo la democracia\u00bb","author":"AF","date":"29\/08\/2022","format":false,"excerpt":"Funcionarios y dirigentes del oficialismo criticaron el vallado y el cierre de accesos que dispuso la Polic\u00eda de la Ciudad en torno de la casa de Cristina Fern\u00e1ndez de Kirchner en Recoleta. Funcionarios, dirigentes y referentes del Frente de Todos (FdT) renovaron este lunes sus cr\u00edticas al accionar de la\u2026","rel":"","context":"En \u00abPol\u00edtica\u00bb","block_context":{"text":"Pol\u00edtica","link":"https:\/\/www.24baires.com\/?cat=51"},"img":{"alt_text":"","src":"https:\/\/i0.wp.com\/www.24baires.com\/wp-content\/uploads\/2022\/08\/casa-cfk.jpg?resize=350%2C200","width":350,"height":200,"srcset":"https:\/\/i0.wp.com\/www.24baires.com\/wp-content\/uploads\/2022\/08\/casa-cfk.jpg?resize=350%2C200 1x, https:\/\/i0.wp.com\/www.24baires.com\/wp-content\/uploads\/2022\/08\/casa-cfk.jpg?resize=525%2C300 1.5x, https:\/\/i0.wp.com\/www.24baires.com\/wp-content\/uploads\/2022\/08\/casa-cfk.jpg?resize=700%2C400 2x"},"classes":[]},{"id":107240,"url":"https:\/\/www.24baires.com\/?p=107240","url_meta":{"origin":27411,"position":5},"title":"Ordenan echar al Juez Ramos Padilla por concurrir al Congreso","author":"GB","date":"16\/03\/2019","format":false,"excerpt":"La decisi\u00f3n fue del Ministerio de Justicia que dirige Germ\u00e1n Garavano. Argumentan que su exposici\u00f3n en el Congreso \u201cfue un caso evidente de mal desempe\u00f1o de sus funciones\u201d. Luego de la explosiva exposici\u00f3n que el juez federal de Dolores, Alejo Ramos Padilla, realiz\u00f3 en el Congreso de la Naci\u00f3n, representantes\u2026","rel":"","context":"En \u00abPol\u00edtica\u00bb","block_context":{"text":"Pol\u00edtica","link":"https:\/\/www.24baires.com\/?cat=51"},"img":{"alt_text":"","src":"https:\/\/i0.wp.com\/www.24baires.com\/wp-content\/uploads\/2019\/03\/ramos-padilla-1.jpg?resize=350%2C200","width":350,"height":200,"srcset":"https:\/\/i0.wp.com\/www.24baires.com\/wp-content\/uploads\/2019\/03\/ramos-padilla-1.jpg?resize=350%2C200 1x, https:\/\/i0.wp.com\/www.24baires.com\/wp-content\/uploads\/2019\/03\/ramos-padilla-1.jpg?resize=525%2C300 1.5x"},"classes":[]}],"jetpack_sharing_enabled":true,"jetpack_likes_enabled":true,"_links":{"self":[{"href":"https:\/\/www.24baires.com\/index.php?rest_route=\/wp\/v2\/posts\/27411","targetHints":{"allow":["GET"]}}],"collection":[{"href":"https:\/\/www.24baires.com\/index.php?rest_route=\/wp\/v2\/posts"}],"about":[{"href":"https:\/\/www.24baires.com\/index.php?rest_route=\/wp\/v2\/types\/post"}],"author":[{"embeddable":true,"href":"https:\/\/www.24baires.com\/index.php?rest_route=\/wp\/v2\/users\/4"}],"replies":[{"embeddable":true,"href":"https:\/\/www.24baires.com\/index.php?rest_route=%2Fwp%2Fv2%2Fcomments&post=27411"}],"version-history":[{"count":2,"href":"https:\/\/www.24baires.com\/index.php?rest_route=\/wp\/v2\/posts\/27411\/revisions"}],"predecessor-version":[{"id":27413,"href":"https:\/\/www.24baires.com\/index.php?rest_route=\/wp\/v2\/posts\/27411\/revisions\/27413"}],"wp:attachment":[{"href":"https:\/\/www.24baires.com\/index.php?rest_route=%2Fwp%2Fv2%2Fmedia&parent=27411"}],"wp:term":[{"taxonomy":"category","embeddable":true,"href":"https:\/\/www.24baires.com\/index.php?rest_route=%2Fwp%2Fv2%2Fcategories&post=27411"},{"taxonomy":"post_tag","embeddable":true,"href":"https:\/\/www.24baires.com\/index.php?rest_route=%2Fwp%2Fv2%2Ftags&post=27411"}],"curies":[{"name":"wp","href":"https:\/\/api.w.org\/{rel}","templated":true}]}}