{"id":2739,"date":"2012-10-20T10:00:57","date_gmt":"2012-10-20T13:00:57","guid":{"rendered":"http:\/\/www.24baires.com\/?p=2739"},"modified":"2012-10-20T19:11:03","modified_gmt":"2012-10-20T22:11:03","slug":"mar-chiquita-ya-prepara-la-fiesta-del-cordero","status":"publish","type":"post","link":"https:\/\/www.24baires.com\/?p=2739","title":{"rendered":"Mar Chiquita ya prepara la Fiesta del Cordero"},"content":{"rendered":"<p><img data-recalc-dims=\"1\" loading=\"lazy\" decoding=\"async\" class=\"aligncenter size-full wp-image-2740\" title=\"fiesta cordero\" src=\"https:\/\/i0.wp.com\/www.24baires.com\/wp-content\/uploads\/2012\/10\/fiesta-cordero.jpg?resize=560%2C399\" alt=\"\" width=\"560\" height=\"399\" srcset=\"https:\/\/i0.wp.com\/www.24baires.com\/wp-content\/uploads\/2012\/10\/fiesta-cordero.jpg?w=560&amp;ssl=1 560w, https:\/\/i0.wp.com\/www.24baires.com\/wp-content\/uploads\/2012\/10\/fiesta-cordero.jpg?resize=300%2C213&amp;ssl=1 300w\" sizes=\"auto, (max-width: 560px) 100vw, 560px\" \/><\/p>\n<p>Cada a\u00f1o Mar de Cobos, durante el segundo fin de semana de noviembre, re\u00fane a miles de personas. Ferias de artesanos y espect\u00e1culos musicales, una oportunidad para conocer las playas y el ecosistema natural de Mar Chiquita, \u00fanico en nuestro pa\u00eds.<!--more--><\/p>\n<p>En este gran municipio que combina localidades como Coronel Vidal, Vivorat\u00e1 y General Pir\u00e1n, de cl\u00e1sica producci\u00f3n agropecuaria, con playas de buc\u00f3lica paz como Mar de Cobos, o m\u00e1s populares como Santa Clara del Mar, existe una riqueza \u00fanica que lo distingue, en el vasto horizonte de la costa bonaerense.<\/p>\n<p>Porque aqu\u00ed, la extensa l\u00ednea de m\u00e9danos de 40 km. de largo, cuya altura alcanza los 30 metros, sirve como muro de contenci\u00f3n del agua dulce que se acumula en las cercan\u00edas del mar, permitiendo que se forme un dep\u00f3sito que, como sigue en parte unido al mar, tambi\u00e9n recibe el ingreso del agua salada, cuando la marea sube.<\/p>\n<p>Se forma as\u00ed una laguna que corre en una franja paralela al mar, que recibe por un lado el aporte de arroyos como el Dulce y el Vivorat\u00e1, que nacen en las sierras de Tandil y Balcarce y cuyas aguas se mezclan ac\u00e1 con el aporte que hace continuamente el mar.<\/p>\n<p>Se desarrolla as\u00ed una regi\u00f3n que combina en un mismo lugar el mar, las playas, los m\u00e9danos vivos y los que tienen vegetaci\u00f3n, las praderas h\u00famedas y los pastizales hal\u00f3filos (organismos que viven en ambientes con sal), la alb\u00fafera (laguna de agua salobre, separada del mar por un cord\u00f3n de arena, pero comunicada en alg\u00fan punto), las marismas (ecosistema con plantas que crecen en el agua), los ba\u00f1ados salobres y los ba\u00f1ados de agua dulce, los pastizales pampeanos, los salares y las lagunas de agua dulce.<\/p>\n<p>Desde la costa del mar, donde se ven los pescadores en la playa y embarcados en las cercan\u00edas, probando suerte con alg\u00fan lenguado \u2013que aqu\u00ed se da especialmente-, un ancho canal de agua lleva hacia el gran espejo que conforma la laguna. Sobre la orilla de esta salida del mar hay lugares para comer, puestos de art\u00edculos de pesca y bajadas para botes que invitan a navegar las aguas calmas que se internan en el continente en un ambiente de profusa vegetaci\u00f3n pleno de aves de todo tipo.<\/p>\n<p>Benteveos, churrinches, horneros, canasteros, chorlos, gaviotas y gaviotines, entre otros, se juntan aqu\u00ed con especies que son propias de la alb\u00fafera: como chorlitos, macaes y gallaretas. La riqueza de este ecosistema es ideal para muchas familias de aves migratorias, desde Norteam\u00e9rica a la Patagonia. Las que viven en el Norte, vienen aqu\u00ed a pasar la primavera y el verano: llegan en agosto y se quedan hasta mayo. Los que vienen desde la Patagonia, aparecen con el invierno y se quedan hasta octubre.<\/p>\n<p>Es tal la riqueza ecol\u00f3gica de Mar Chiquita, que desde hace varios a\u00f1os existe aqu\u00ed el CAV (Centro de Atenci\u00f3n al Visitante), que naci\u00f3 para la conservaci\u00f3n de los recursos naturales y la educaci\u00f3n ambiental. El organismo brinda capacitaci\u00f3n a entidades educativas y colabora en la investigaci\u00f3n con universidades y organizaciones diversas tanto argentinas como extranjeras. Tambi\u00e9n brinda a los visitantes informaci\u00f3n b\u00e1sica y se los invita a recorrer la \u201cReserva de Usos M\u00faltiples Parque Atl\u00e1ntico Mar Chiquita\u201d, para que vean directamente todo lo que vieron en la teor\u00eda.<\/p>\n<p>Mar, campo, pesca, fauna, flora, gastronom\u00eda selecta y hasta ciencia al natural. Pocos lugares en el pa\u00eds combinan tal diversidad de atractivos en un solo espacio. Por eso es tentadora la invitaci\u00f3n del municipio a compartir una nueva edici\u00f3n de la Fiesta del Cordero Costero, desde el viernes 9 de noviembre hasta el domingo 11.<\/p>\n<p>Desde el punto de vista gastron\u00f3mico, hay que sumar aqu\u00ed las bondades de la cerveza artesanal de Santa Clara del Mar, una ciudad que tiene una importante tradici\u00f3n en este sentido, ya que fue una de las primeras en incursionar en esta modalidad, y que tambi\u00e9n tiene su fiesta a fines de febrero. Pero para eso, todav\u00eda falta un rato.<\/p>\n","protected":false},"excerpt":{"rendered":"<p>Cada a\u00f1o Mar de Cobos, durante el segundo fin de semana de noviembre, re\u00fane a miles de personas. Ferias de artesanos y espect\u00e1culos musicales, una oportunidad para conocer las playas y el ecosistema natural de Mar Chiquita, \u00fanico en nuestro pa\u00eds.<\/p>\n","protected":false},"author":11,"featured_media":0,"comment_status":"open","ping_status":"open","sticky":false,"template":"","format":"standard","meta":{"_jetpack_newsletter_access":"","_jetpack_dont_email_post_to_subs":false,"_jetpack_newsletter_tier_id":0,"_jetpack_memberships_contains_paywalled_content":false,"_jetpack_memberships_contains_paid_content":false,"footnotes":""},"categories":[1],"tags":[],"class_list":["post-2739","post","type-post","status-publish","format-standard","hentry","category-sociedad"],"jetpack_featured_media_url":"","jetpack_shortlink":"https:\/\/wp.me\/p2JWE0-Ib","jetpack-related-posts":[{"id":36908,"url":"https:\/\/www.24baires.com\/?p=36908","url_meta":{"origin":2739,"position":0},"title":"Testigo clave afirm\u00f3 que el cuerpo de Julio L\u00f3pez estar\u00eda en Mar de Cobo","author":"Grupo Sierra","date":"15\/12\/2013","format":false,"excerpt":"En el programa C5N Investiga, un policia retirado de las fuerzas federales, dijo que el cuerpo del desaparecido, estar\u00eda en una localidad del partido de Mar Chiquita. El caso toca incluso a policias de ese partido, que fueron marcados con nombre y apellidos por este hombre. \u00a0 En el programa\u2026","rel":"","context":"En \u00abMemoria\u00bb","block_context":{"text":"Memoria","link":"https:\/\/www.24baires.com\/?cat=50"},"img":{"alt_text":"","src":"","width":0,"height":0},"classes":[]},{"id":31640,"url":"https:\/\/www.24baires.com\/?p=31640","url_meta":{"origin":2739,"position":1},"title":"Inaugurar\u00e1n este s\u00e1bado la autov\u00eda Santa Clara-Mar Chiquita","author":"AF","date":"11\/09\/2013","format":false,"excerpt":"Se trata de la segunda etapa de ampliaci\u00f3n y doble mano de la ruta interbalnearia N\u00ba 11. Seg\u00fan confirm\u00f3 el intendente, Jorge Paredi, ser\u00e1 el pr\u00f3ximo 14 de septiembre inaugurada en un acto en el que se establecer\u00e1 una videoconferencia de la presidenta Cristina Fern\u00e1ndez. El pr\u00f3ximo s\u00e1bado 14 de\u2026","rel":"","context":"En \u00abLocales\u00bb","block_context":{"text":"Locales","link":"https:\/\/www.24baires.com\/?cat=38"},"img":{"alt_text":"autov\u00eda mar del plata santa clara","src":"https:\/\/i0.wp.com\/www.24baires.com\/wp-content\/uploads\/2013\/09\/autov%C3%ADa-mar-del-plata-santa-clara.jpg?resize=350%2C200","width":350,"height":200,"srcset":"https:\/\/i0.wp.com\/www.24baires.com\/wp-content\/uploads\/2013\/09\/autov%C3%ADa-mar-del-plata-santa-clara.jpg?resize=350%2C200 1x, https:\/\/i0.wp.com\/www.24baires.com\/wp-content\/uploads\/2013\/09\/autov%C3%ADa-mar-del-plata-santa-clara.jpg?resize=525%2C300 1.5x"},"classes":[]},{"id":68900,"url":"https:\/\/www.24baires.com\/?p=68900","url_meta":{"origin":2739,"position":2},"title":"Realizan jornadas de prevenci\u00f3n de bullying en escuelas de Mar Chiquita","author":"GB","date":"10\/07\/2015","format":false,"excerpt":"Al igual que en otros distritos del pa\u00eds, presentar\u00e1n una obra de teatro para generar conciencia acerca de la violencia en el colegio. Los adolescentes que concurren a las secundarias del partido de Mar Chiquita podr\u00e1n asistir a una actividad especial que tiene como objetivo generar conciencia sobre el bullying\u2026","rel":"","context":"En \u00abSociedad\u00bb","block_context":{"text":"Sociedad","link":"https:\/\/www.24baires.com\/?cat=1"},"img":{"alt_text":"jornad mar chiquita","src":"https:\/\/i0.wp.com\/www.24baires.com\/wp-content\/uploads\/2015\/07\/jornad-mar-chiquita.jpg?resize=350%2C200","width":350,"height":200,"srcset":"https:\/\/i0.wp.com\/www.24baires.com\/wp-content\/uploads\/2015\/07\/jornad-mar-chiquita.jpg?resize=350%2C200 1x, https:\/\/i0.wp.com\/www.24baires.com\/wp-content\/uploads\/2015\/07\/jornad-mar-chiquita.jpg?resize=525%2C300 1.5x"},"classes":[]},{"id":34975,"url":"https:\/\/www.24baires.com\/?p=34975","url_meta":{"origin":2739,"position":3},"title":"Realizaron en Mar Chiquita la VI Fiesta del Cordero Costero","author":"AF","date":"11\/11\/2013","format":false,"excerpt":"El intendente del Partido de Mar Chiquita Jorge Paredi visit\u00f3 ayer el predio de Mar de Cobo donde se celebr\u00f3 la VI Fiesta del Cordero Costero. Acompa\u00f1ado de su esposa, Cristina de Dios, el jefe comunal recorri\u00f3 los stands gastron\u00f3micos y de artesan\u00edas dispuestos en el evento y luego se\u2026","rel":"","context":"En \u00abLocales\u00bb","block_context":{"text":"Locales","link":"https:\/\/www.24baires.com\/?cat=38"},"img":{"alt_text":"fiesta cordero","src":"https:\/\/i0.wp.com\/www.24baires.com\/wp-content\/uploads\/2012\/10\/fiesta-cordero.jpg?resize=350%2C200","width":350,"height":200,"srcset":"https:\/\/i0.wp.com\/www.24baires.com\/wp-content\/uploads\/2012\/10\/fiesta-cordero.jpg?resize=350%2C200 1x, https:\/\/i0.wp.com\/www.24baires.com\/wp-content\/uploads\/2012\/10\/fiesta-cordero.jpg?resize=525%2C300 1.5x"},"classes":[]},{"id":40964,"url":"https:\/\/www.24baires.com\/?p=40964","url_meta":{"origin":2739,"position":4},"title":"Julieta Gallardo fue coronada como la nueva reina de la Cerveza Artesanal","author":"GB","date":"23\/02\/2014","format":false,"excerpt":"SANTA CLARA DEL MAR-La santaclarense Julieta Gallardo, de 20 a\u00f1os, fue coronada Reina de la Fiesta Provincial de la Cerveza Artesanal, en su decimotercera edici\u00f3n, y tras el desarrollo de la quinta jornada de festejos en la Rotonda del Viejo Contrabandista. Milagros Heredia y Carla Davoli fueron elegidas como primera\u2026","rel":"","context":"En \u00abLocales\u00bb","block_context":{"text":"Locales","link":"https:\/\/www.24baires.com\/?cat=38"},"img":{"alt_text":"","src":"","width":0,"height":0},"classes":[]},{"id":115115,"url":"https:\/\/www.24baires.com\/?p=115115","url_meta":{"origin":2739,"position":5},"title":"Mar Chiquita habilita \u00abvueltas a la manzana\u00bb con una prueba piloto","author":"AF","date":"23\/05\/2020","format":false,"excerpt":"Sin casos confirmados, Mar Chiquita har\u00e1 una prueba de cuatro d\u00edas para que sus vecinos puedan circular. El jefe comunal de Mar Chiquita, Jorge Paredi, anunci\u00f3 que desde el s\u00e1bado 23 al martes 26 de mayo inclusive, de 8 a 17 horas, los vecinos de su comunidad podr\u00e1n circular en\u2026","rel":"","context":"En \u00abLocales\u00bb","block_context":{"text":"Locales","link":"https:\/\/www.24baires.com\/?cat=38"},"img":{"alt_text":"","src":"https:\/\/i0.wp.com\/www.24baires.com\/wp-content\/uploads\/2014\/01\/laguna-mar-chiquita.jpg?resize=350%2C200","width":350,"height":200,"srcset":"https:\/\/i0.wp.com\/www.24baires.com\/wp-content\/uploads\/2014\/01\/laguna-mar-chiquita.jpg?resize=350%2C200 1x, https:\/\/i0.wp.com\/www.24baires.com\/wp-content\/uploads\/2014\/01\/laguna-mar-chiquita.jpg?resize=525%2C300 1.5x"},"classes":[]}],"jetpack_sharing_enabled":true,"jetpack_likes_enabled":true,"_links":{"self":[{"href":"https:\/\/www.24baires.com\/index.php?rest_route=\/wp\/v2\/posts\/2739","targetHints":{"allow":["GET"]}}],"collection":[{"href":"https:\/\/www.24baires.com\/index.php?rest_route=\/wp\/v2\/posts"}],"about":[{"href":"https:\/\/www.24baires.com\/index.php?rest_route=\/wp\/v2\/types\/post"}],"author":[{"embeddable":true,"href":"https:\/\/www.24baires.com\/index.php?rest_route=\/wp\/v2\/users\/11"}],"replies":[{"embeddable":true,"href":"https:\/\/www.24baires.com\/index.php?rest_route=%2Fwp%2Fv2%2Fcomments&post=2739"}],"version-history":[{"count":0,"href":"https:\/\/www.24baires.com\/index.php?rest_route=\/wp\/v2\/posts\/2739\/revisions"}],"wp:attachment":[{"href":"https:\/\/www.24baires.com\/index.php?rest_route=%2Fwp%2Fv2%2Fmedia&parent=2739"}],"wp:term":[{"taxonomy":"category","embeddable":true,"href":"https:\/\/www.24baires.com\/index.php?rest_route=%2Fwp%2Fv2%2Fcategories&post=2739"},{"taxonomy":"post_tag","embeddable":true,"href":"https:\/\/www.24baires.com\/index.php?rest_route=%2Fwp%2Fv2%2Ftags&post=2739"}],"curies":[{"name":"wp","href":"https:\/\/api.w.org\/{rel}","templated":true}]}}