{"id":2736,"date":"2012-10-20T17:37:23","date_gmt":"2012-10-20T20:37:23","guid":{"rendered":"http:\/\/www.24baires.com\/?p=2736"},"modified":"2012-10-20T17:37:23","modified_gmt":"2012-10-20T20:37:23","slug":"scioli-ahora-tambien-impulsa-el-voto-joven","status":"publish","type":"post","link":"https:\/\/www.24baires.com\/?p=2736","title":{"rendered":"Scioli ahora tambi\u00e9n impulsa el voto joven"},"content":{"rendered":"<p>El gobernador Daniel Scioli impulsar\u00e1 una reforma a la Ley Electoral provincial que contemplar\u00e1 la posibilidad de que puedan votar los j\u00f3venes desde los 16 a\u00f1os y que se permita sufragar con el modelo tarjeta del DNI.<!--more--><br \/>\nScioli defini\u00f3 el contenido del proyecto reformista de la Ley 5.109 correspondiente al C\u00f3digo Electoral, en el marco de una reuni\u00f3n de trabajo con el jefe de Gabinete, Alberto P\u00e9rez, y el subsecretario de Gabinete, Juan Pablo \u00c1lvarez Echag\u00fce.<\/p>\n<p>La iniciativa, que ser\u00e1 presentada a la Legislatura en los pr\u00f3ximos d\u00edas, propicia la participaci\u00f3n electoral de los j\u00f3venes a partir de los 16 a\u00f1os, en sinton\u00eda con la propuesta que se aborda en el Congreso Nacional.<\/p>\n<p>\u201cLa reforma que estamos impulsando tiene como principal objetivo acompa\u00f1ar desde la Provincia de Buenos Aires la ampliaci\u00f3n de derechos pol\u00edticos y la participaci\u00f3n pol\u00edtica abordada en el Congreso Nacional\u201d, se\u00f1al\u00f3 Alberto P\u00e9rez.<\/p>\n<p><strong>Voto con DNI tarjeta<\/strong><\/p>\n<p>La reforma tambi\u00e9n contempla adecuar la normativa electoral provincial a las nuevas modalidades sobre constancia de emisi\u00f3n de sufragio a partir de la implementaci\u00f3n del DNI en formato tarjeta, con el que votar\u00e1n por primera vez millones de bonaerenses.<\/p>\n<p>Esta adaptaci\u00f3n ya fue incorporada al C\u00f3digo Electoral Nacional mediante la Ley N\u00ba 26.744, que tienen su fundamento en la eliminaci\u00f3n del formato libreta del Documento Nacional de Identidad.<\/p>\n<p>De tal forma, dejar\u00e1 de utilizarse como constancia de emisi\u00f3n del sufragio toda referencia a anotaciones y sellos en el documento c\u00edvico, reemplaz\u00e1ndolo por la entrega de una constancia impresa al elector<\/p>\n","protected":false},"excerpt":{"rendered":"<p>El gobernador Daniel Scioli impulsar\u00e1 una reforma a la Ley Electoral provincial que contemplar\u00e1 la posibilidad de que puedan votar los j\u00f3venes desde los 16 a\u00f1os y que se permita sufragar con el modelo tarjeta del DNI.<\/p>\n","protected":false},"author":11,"featured_media":0,"comment_status":"open","ping_status":"open","sticky":false,"template":"","format":"standard","meta":{"_jetpack_newsletter_access":"","_jetpack_dont_email_post_to_subs":false,"_jetpack_newsletter_tier_id":0,"_jetpack_memberships_contains_paywalled_content":false,"_jetpack_memberships_contains_paid_content":false,"footnotes":""},"categories":[51],"tags":[],"class_list":["post-2736","post","type-post","status-publish","format-standard","hentry","category-politica"],"jetpack_featured_media_url":"","jetpack_shortlink":"https:\/\/wp.me\/p2JWE0-I8","jetpack-related-posts":[{"id":17723,"url":"https:\/\/www.24baires.com\/?p=17723","url_meta":{"origin":2736,"position":0},"title":"La Provincia reglament\u00f3 el voto optativo de los j\u00f3venes de 16 y 17 a\u00f1os","author":"AF","date":"07\/03\/2013","format":false,"excerpt":"Adem\u00e1s se impulsa una campa\u00f1a de renovaci\u00f3n de DNI desde los 14 a\u00f1os. Los nuevos votantes tendr\u00e1n que cumplir con los requisitos establecidos por el Colegio Electoral. Anunciaron capacitaciones en las escuelas provinciales que se realizar\u00e1n a partir de abril. El gobierno bonaerense reglament\u00f3, a trav\u00e9s de la ley 14.456,\u2026","rel":"","context":"En \u00abSociedad\u00bb","block_context":{"text":"Sociedad","link":"https:\/\/www.24baires.com\/?cat=1"},"img":{"alt_text":"","src":"","width":0,"height":0},"classes":[]},{"id":120181,"url":"https:\/\/www.24baires.com\/?p=120181","url_meta":{"origin":2736,"position":1},"title":"El Frente de Todos pasa a llamarse \u00abUni\u00f3n por la Patria\u00bb","author":"AF","date":"14\/06\/2023","format":false,"excerpt":"Los distintos sectores que componen el frente oficialista mantienen reuniones para definir, entre otras cosas, la constituci\u00f3n de su junta partidaria y el reglamento electoral que fijar\u00e1 pisos y porcentajes para la integraci\u00f3n de listas. El Frente de Todos (FdT) se llamar\u00e1 Uni\u00f3n por la Patria (UxP) en las pr\u00f3ximas\u2026","rel":"","context":"En \u00abPol\u00edtica\u00bb","block_context":{"text":"Pol\u00edtica","link":"https:\/\/www.24baires.com\/?cat=51"},"img":{"alt_text":"","src":"https:\/\/i0.wp.com\/www.24baires.com\/wp-content\/uploads\/2023\/06\/cfk-25-5.png?resize=350%2C200","width":350,"height":200,"srcset":"https:\/\/i0.wp.com\/www.24baires.com\/wp-content\/uploads\/2023\/06\/cfk-25-5.png?resize=350%2C200 1x, https:\/\/i0.wp.com\/www.24baires.com\/wp-content\/uploads\/2023\/06\/cfk-25-5.png?resize=525%2C300 1.5x, https:\/\/i0.wp.com\/www.24baires.com\/wp-content\/uploads\/2023\/06\/cfk-25-5.png?resize=700%2C400 2x"},"classes":[]},{"id":122214,"url":"https:\/\/www.24baires.com\/?p=122214","url_meta":{"origin":2736,"position":2},"title":"Confirmado: no habr\u00e1 elecciones primarias en la Provincia durante 2025","author":"GB","date":"29\/04\/2025","format":false,"excerpt":"Con mas de dos tercios de los votos, la C\u00e1mara de Diputados le dio la media sanci\u00f3n que le falta al proyecto de la suspensi\u00f3n por el a\u00f1o 2025 PASO. Ma\u00f1ana sesionara la comisi\u00f3n de Reforma Pol\u00edtica para definir los plazos del cronograma electoral. La interna oficialista presente en los\u2026","rel":"","context":"En \u00abProvincia\u00bb","block_context":{"text":"Provincia","link":"https:\/\/www.24baires.com\/?cat=40"},"img":{"alt_text":"","src":"https:\/\/i0.wp.com\/www.24baires.com\/wp-content\/uploads\/2020\/09\/diputados-bonaerense.jpg?resize=350%2C200","width":350,"height":200,"srcset":"https:\/\/i0.wp.com\/www.24baires.com\/wp-content\/uploads\/2020\/09\/diputados-bonaerense.jpg?resize=350%2C200 1x, https:\/\/i0.wp.com\/www.24baires.com\/wp-content\/uploads\/2020\/09\/diputados-bonaerense.jpg?resize=525%2C300 1.5x, https:\/\/i0.wp.com\/www.24baires.com\/wp-content\/uploads\/2020\/09\/diputados-bonaerense.jpg?resize=700%2C400 2x"},"classes":[]},{"id":108372,"url":"https:\/\/www.24baires.com\/?p=108372","url_meta":{"origin":2736,"position":3},"title":"M\u00e1s de 400 mil j\u00f3venes afuera del padr\u00f3n por un \u00aberror\u00bb","author":"AF","date":"24\/05\/2019","format":false,"excerpt":"Se estima que involucra a unos 430 mil j\u00f3venes. En la Capital el tr\u00e1mite de inscripci\u00f3n se puede hacer online. La C\u00e1mara Electoral dijo que trabaja en el problema. El esc\u00e1ndalo de los miles de j\u00f3venes de 16 y 17 a\u00f1os que no figuran en los padrones electorales por \u201cun\u2026","rel":"","context":"En \u00abSociedad\u00bb","block_context":{"text":"Sociedad","link":"https:\/\/www.24baires.com\/?cat=1"},"img":{"alt_text":"","src":"https:\/\/i0.wp.com\/www.24baires.com\/wp-content\/uploads\/2013\/05\/padr%C3%B3n-electoral.jpg?resize=350%2C200","width":350,"height":200,"srcset":"https:\/\/i0.wp.com\/www.24baires.com\/wp-content\/uploads\/2013\/05\/padr%C3%B3n-electoral.jpg?resize=350%2C200 1x, https:\/\/i0.wp.com\/www.24baires.com\/wp-content\/uploads\/2013\/05\/padr%C3%B3n-electoral.jpg?resize=525%2C300 1.5x"},"classes":[]},{"id":101137,"url":"https:\/\/www.24baires.com\/?p=101137","url_meta":{"origin":2736,"position":4},"title":"Defensor\u00eda del Pueblo impulsa la modificaci\u00f3n del sistema electoral","author":"GB","date":"19\/03\/2018","format":false,"excerpt":"El defensor del Pueblo bonaerense, Guido Lorenzino, destac\u00f3 la necesidad de que se modifique el sistema electoral en la provincia de Buenos Aires para eliminar el \"ej\u00e9rcito de fiscales\" utilizado por los partidos en cada comicio y ahorrar grandes sumas de dinero en boletas tradicionales. \"Se puede construir una mejor\u2026","rel":"","context":"En \u00abProvincia\u00bb","block_context":{"text":"Provincia","link":"https:\/\/www.24baires.com\/?cat=40"},"img":{"alt_text":"","src":"https:\/\/i0.wp.com\/www.24baires.com\/wp-content\/uploads\/2013\/06\/URNAS-VOTOS-300x200.jpg?resize=350%2C200","width":350,"height":200},"classes":[]},{"id":120226,"url":"https:\/\/www.24baires.com\/?p=120226","url_meta":{"origin":2736,"position":5},"title":"Cristina recibi\u00f3 a Scioli: \u201cA seguir trabajando, que es lo que hay que hacer\u201d","author":"AF","date":"28\/06\/2023","format":false,"excerpt":"\"Hablamos mucho, con sinceridad y con el respeto de siempre. Me transmiti\u00f3 que su vocaci\u00f3n es ayudar y colaborar como un compa\u00f1ero m\u00e1s\", asegur\u00f3 a trav\u00e9s de las redes sociales la Vicepresidenta sobre el encuentro. La Vicepresidenta Cristina Fern\u00e1ndez de Kirchner public\u00f3 en redes sociales una foto con el embajador\u2026","rel":"","context":"En \u00abPol\u00edtica\u00bb","block_context":{"text":"Pol\u00edtica","link":"https:\/\/www.24baires.com\/?cat=51"},"img":{"alt_text":"","src":"https:\/\/i0.wp.com\/www.24baires.com\/wp-content\/uploads\/2023\/06\/WhatsApp-Image-2023-06-28-at-23.30.42.jpeg?resize=350%2C200","width":350,"height":200,"srcset":"https:\/\/i0.wp.com\/www.24baires.com\/wp-content\/uploads\/2023\/06\/WhatsApp-Image-2023-06-28-at-23.30.42.jpeg?resize=350%2C200 1x, https:\/\/i0.wp.com\/www.24baires.com\/wp-content\/uploads\/2023\/06\/WhatsApp-Image-2023-06-28-at-23.30.42.jpeg?resize=525%2C300 1.5x, https:\/\/i0.wp.com\/www.24baires.com\/wp-content\/uploads\/2023\/06\/WhatsApp-Image-2023-06-28-at-23.30.42.jpeg?resize=700%2C400 2x"},"classes":[]}],"jetpack_sharing_enabled":true,"jetpack_likes_enabled":true,"_links":{"self":[{"href":"https:\/\/www.24baires.com\/index.php?rest_route=\/wp\/v2\/posts\/2736","targetHints":{"allow":["GET"]}}],"collection":[{"href":"https:\/\/www.24baires.com\/index.php?rest_route=\/wp\/v2\/posts"}],"about":[{"href":"https:\/\/www.24baires.com\/index.php?rest_route=\/wp\/v2\/types\/post"}],"author":[{"embeddable":true,"href":"https:\/\/www.24baires.com\/index.php?rest_route=\/wp\/v2\/users\/11"}],"replies":[{"embeddable":true,"href":"https:\/\/www.24baires.com\/index.php?rest_route=%2Fwp%2Fv2%2Fcomments&post=2736"}],"version-history":[{"count":0,"href":"https:\/\/www.24baires.com\/index.php?rest_route=\/wp\/v2\/posts\/2736\/revisions"}],"wp:attachment":[{"href":"https:\/\/www.24baires.com\/index.php?rest_route=%2Fwp%2Fv2%2Fmedia&parent=2736"}],"wp:term":[{"taxonomy":"category","embeddable":true,"href":"https:\/\/www.24baires.com\/index.php?rest_route=%2Fwp%2Fv2%2Fcategories&post=2736"},{"taxonomy":"post_tag","embeddable":true,"href":"https:\/\/www.24baires.com\/index.php?rest_route=%2Fwp%2Fv2%2Ftags&post=2736"}],"curies":[{"name":"wp","href":"https:\/\/api.w.org\/{rel}","templated":true}]}}