{"id":2730,"date":"2012-10-20T17:00:51","date_gmt":"2012-10-20T20:00:51","guid":{"rendered":"http:\/\/www.24baires.com\/?p=2730"},"modified":"2012-10-21T11:20:45","modified_gmt":"2012-10-21T14:20:45","slug":"en-mar-del-plata-cheppi-segarra-y-tullio-hablaron-de-las-elecciones-en-venezuela","status":"publish","type":"post","link":"https:\/\/www.24baires.com\/?p=2730","title":{"rendered":"En Mar del Plata, Cheppi, Segarra y Tullio hablaron de las elecciones en Venezuela"},"content":{"rendered":"<p><img data-recalc-dims=\"1\" loading=\"lazy\" decoding=\"async\" class=\"aligncenter size-full wp-image-2731\" title=\"Cheppi Conferencia Octubre 19\" src=\"https:\/\/i0.wp.com\/www.24baires.com\/wp-content\/uploads\/2012\/10\/Cheppi-Conferencia-Octubre-19.jpg?resize=560%2C275\" alt=\"\" width=\"560\" height=\"275\" srcset=\"https:\/\/i0.wp.com\/www.24baires.com\/wp-content\/uploads\/2012\/10\/Cheppi-Conferencia-Octubre-19.jpg?w=560&amp;ssl=1 560w, https:\/\/i0.wp.com\/www.24baires.com\/wp-content\/uploads\/2012\/10\/Cheppi-Conferencia-Octubre-19.jpg?resize=300%2C147&amp;ssl=1 300w\" sizes=\"auto, (max-width: 560px) 100vw, 560px\" \/><\/p>\n<p>Ante un auditorio de m\u00e1s de mil personas, el Embajador argentino en Venezuela, Carlos Cheppi, la Diputada nacional y veedora por la Honorable C\u00e1mara de Diputados, Adela Segarra, y el Director Nacional Electoral del Ministerio del Interior y veedor de UNASUR, Alejandro Tullio, disertaron en la Conferencia sobre el proceso eleccionario en Venezuela.<!--more--><\/p>\n<p>Durante el evento, que se realiz\u00f3 en la sala Atlantic del Hotel 13 de Julio, ubicado en la calle 9 de Julio 2777 de Mar del Plata, los oradores explicaron desde sus puntos de vista c\u00f3mo se vivieron desde adentro las elecciones venezolanas del pasado 7 de octubre.<\/p>\n<p>Segarra, que preside el Grupo Parlamentario de amistad con Venezuela y form\u00f3 parte de una comitiva invitada por el Consejo Nacional Electoral venezolano con el prop\u00f3sito de ser testigos de la transparencia de la jornada electoral, cont\u00f3 su experiencia e hizo \u00e9nfasis en la amplia participaci\u00f3n popular de los comicios.<\/p>\n<p>En ese sentido, la Diputada remarc\u00f3 que \u201cllama la atenci\u00f3n que en un pa\u00eds donde las elecciones no son obligatorias, haya un 80% de la poblaci\u00f3n dispuesta a emitir su voto\u201d, y asimismo, manifest\u00f3 que la victoria de Hugo Ch\u00e1vez \u201cfue un triunfo de todos nosotros\u201d.<\/p>\n<p>Por su parte, Tullio hizo una descripci\u00f3n del contexto hist\u00f3rico de Venezuela en sinton\u00eda con los procesos pol\u00edticos de caracter\u00edsticas nacionales y populares que se est\u00e1n viviendo en los distintos pa\u00edses de Am\u00e9rica Latina.<\/p>\n<p>M\u00e1s adelante, y luego de explicar el funcionamiento del sistema electoral venezolano, hizo referencia a la \u201cviolencia medi\u00e1tica ejercida por la oposici\u00f3n y los grupos econ\u00f3micos concentrados\u201d, y asegur\u00f3 que \u201cpese a la enorme campa\u00f1a montada para generar dudas, Carlos Cheppi desde su gran conocimiento de la realidad, nos dec\u00eda lo que iba a pasar, pero adem\u00e1s nos explicaba por qu\u00e9 iba a pasar\u201d.<\/p>\n<p>A su turno, Cheppi marc\u00f3 un recorrido por la historia de Argentina y de Venezuela desde la \u00e9poca de Bol\u00edvar y San Mart\u00edn y expres\u00f3: \u201cCasi doscientos a\u00f1os despu\u00e9s, aparecen l\u00edderes en los dos extremos de Am\u00e9rica del sur que traen procesos nacionales y populares y de integraci\u00f3n entre nuestros pa\u00edses\u201d.<\/p>\n<p>Asimismo, calific\u00f3 de \u201cpapel\u00f3n\u201d al rol de la oposici\u00f3n en ambos pa\u00edses y asegur\u00f3 que \u201cla pol\u00edtica no la est\u00e1n haciendo ellos, sino que la est\u00e1n haciendo por ellos los medios monop\u00f3licos, que a su vez responden a los grandes grupos econ\u00f3micos concentrados\u201d.<\/p>\n<p>En ese mismo sentido, sostuvo que \u201cno hay que perder de vista que el trasfondo de los intentos de desestabilizaci\u00f3n siempre es econ\u00f3mico y en esta oportunidad reside en el hecho de que Ch\u00e1vez, con independencia pol\u00edtica, est\u00e1 manejando ese recurso natural que les corresponde a los venezolanos, que es el petr\u00f3leo, con una visi\u00f3n estrat\u00e9gica para volver a generar la uni\u00f3n suramericana\u201d.<\/p>\n<p>En relaci\u00f3n a esto, el Embajador resalt\u00f3 la necesidad de mantener, tanto en Argentina como en Venezuela, la independencia para llevar adelante las gestiones de gobierno teniendo en cuenta que \u201cel enemigo son las grandes corporaciones\u201d, y agreg\u00f3 que es fundamental que en todo el territorio de Am\u00e9rica del Sur y el Caribe, \u201cdejemos de vernos como pa\u00edses distintos y trabajemos como una patria\u201d.<\/p>\n<p>Por \u00faltimo, Cheppi envi\u00f3 un mensaje a los sectores de la oposici\u00f3n en Argentina y dijo: \u201cEspero que comprendan que tienen que empezar a hacer pol\u00edtica y que si no lo hacen, no hay manera de que dejen de perder las elecciones\u201d.<\/p>\n","protected":false},"excerpt":{"rendered":"<p>Ante un auditorio de m\u00e1s de mil personas, el Embajador argentino en Venezuela, Carlos Cheppi, la Diputada nacional y veedora por la Honorable C\u00e1mara de Diputados, Adela Segarra, y el Director Nacional Electoral del Ministerio del Interior y veedor de UNASUR, Alejandro Tullio, disertaron en la Conferencia sobre el proceso eleccionario en Venezuela.<\/p>\n","protected":false},"author":11,"featured_media":0,"comment_status":"open","ping_status":"open","sticky":false,"template":"","format":"standard","meta":{"_jetpack_newsletter_access":"","_jetpack_dont_email_post_to_subs":false,"_jetpack_newsletter_tier_id":0,"_jetpack_memberships_contains_paywalled_content":false,"_jetpack_memberships_contains_paid_content":false,"footnotes":""},"categories":[51],"tags":[],"class_list":["post-2730","post","type-post","status-publish","format-standard","hentry","category-politica"],"jetpack_featured_media_url":"","jetpack_shortlink":"https:\/\/wp.me\/p2JWE0-I2","jetpack-related-posts":[{"id":45099,"url":"https:\/\/www.24baires.com\/?p=45099","url_meta":{"origin":2730,"position":0},"title":"Mar del Plata: Marcelo Artime se suma a la interna del FpV para las PASO 2015","author":"GB","date":"30\/04\/2014","format":false,"excerpt":"Se trata del ex presidente del Concejo Deliberante Marcelo Artime, quien asegur\u00f3 que \"yo siempre dije en forma honesta que me gustar\u00eda ser intendente alg\u00fan d\u00eda\" La intendencia de Mar del Plata empieza a perfilar su contienda electoral. Poco a poco, los competidores van sumando sus nombres. En el Frente\u2026","rel":"","context":"En \u00abLocales\u00bb","block_context":{"text":"Locales","link":"https:\/\/www.24baires.com\/?cat=38"},"img":{"alt_text":"artime y boudou","src":"https:\/\/i0.wp.com\/www.24baires.com\/wp-content\/uploads\/2014\/04\/artime-y-boudou-300x188.jpg?resize=350%2C200","width":350,"height":200},"classes":[]},{"id":22757,"url":"https:\/\/www.24baires.com\/?p=22757","url_meta":{"origin":2730,"position":1},"title":"\u201cEn Mar del Plata va a haber lista del Frente para la Victoria\u201d dijo Cheppi y le peg\u00f3 a Pulti","author":"Grupo Sierra","date":"05\/05\/2013","format":false,"excerpt":"Con la presencia de m\u00e1s de 400 personas, el embajador argentino en Venezuela y referente del Frente para la Victoria de General Pueyrred\u00f3n, Carlos Cheppi, encabez\u00f3 un encuentro de militantes en el Instituto Unzu\u00e9, donde se confirm\u00f3 que ese espacio trabajar\u00e1 para presentar una lista propia en las elecciones legislativas\u2026","rel":"","context":"En \u00abPol\u00edtica\u00bb","block_context":{"text":"Pol\u00edtica","link":"https:\/\/www.24baires.com\/?cat=51"},"img":{"alt_text":"Encuentro Unzu\u00e9 Mayo4","src":"https:\/\/i0.wp.com\/www.24baires.com\/wp-content\/uploads\/2013\/05\/Encuentro-Unzu%C3%A9-Mayo4.jpg?resize=350%2C200","width":350,"height":200,"srcset":"https:\/\/i0.wp.com\/www.24baires.com\/wp-content\/uploads\/2013\/05\/Encuentro-Unzu%C3%A9-Mayo4.jpg?resize=350%2C200 1x, https:\/\/i0.wp.com\/www.24baires.com\/wp-content\/uploads\/2013\/05\/Encuentro-Unzu%C3%A9-Mayo4.jpg?resize=525%2C300 1.5x"},"classes":[]},{"id":23335,"url":"https:\/\/www.24baires.com\/?p=23335","url_meta":{"origin":2730,"position":2},"title":"Se desarroll\u00f3 el Primer Encuentro de Pol\u00edticas P\u00fablicas y Protagonismo Popular","author":"AF","date":"12\/05\/2013","format":false,"excerpt":"MAR DEL PLATA - Con la presencia del Ministro de Trabajo, Carlos Tomada, concluy\u00f3 el Primer Encuentro de Pol\u00edticas P\u00fablicas y Protagonismo Popular organizado por la Escuela Superior de Gobierno, dependiente de Jefatura de Gabinete de Ministros de la Naci\u00f3n, y C\u00e1tedras Populares, dependiente del Ministerio de Desarrollo Social de\u2026","rel":"","context":"En \u00abPol\u00edtica\u00bb","block_context":{"text":"Pol\u00edtica","link":"https:\/\/www.24baires.com\/?cat=51"},"img":{"alt_text":"segarra heller","src":"https:\/\/i0.wp.com\/www.24baires.com\/wp-content\/uploads\/2013\/05\/segarra-heller.jpg?resize=350%2C200","width":350,"height":200,"srcset":"https:\/\/i0.wp.com\/www.24baires.com\/wp-content\/uploads\/2013\/05\/segarra-heller.jpg?resize=350%2C200 1x, https:\/\/i0.wp.com\/www.24baires.com\/wp-content\/uploads\/2013\/05\/segarra-heller.jpg?resize=525%2C300 1.5x"},"classes":[]},{"id":29288,"url":"https:\/\/www.24baires.com\/?p=29288","url_meta":{"origin":2730,"position":3},"title":"El Ministro Rossi recorri\u00f3 la Base Naval de Mar del Plata junto a la diputada Adela Segarra","author":"Grupo Sierra","date":"31\/07\/2013","format":false,"excerpt":"El Ministro de Defensa de la Naci\u00f3n, Agust\u00edn Rossi, recorri\u00f3 las instalaciones de la Base Naval junto a la diputada nacional, Adela Segarra y la candidata a concejal por la Lista 2 del Frente para la Victoria, Ana L\u00f3pez. Tras una serie de de actividades que realiz\u00f3 en la ciudad\u2026","rel":"","context":"En \u00abPol\u00edtica\u00bb","block_context":{"text":"Pol\u00edtica","link":"https:\/\/www.24baires.com\/?cat=51"},"img":{"alt_text":"Rossi Adela","src":"https:\/\/i0.wp.com\/www.24baires.com\/wp-content\/uploads\/2013\/07\/Rossi-Adela.jpg?resize=350%2C200","width":350,"height":200,"srcset":"https:\/\/i0.wp.com\/www.24baires.com\/wp-content\/uploads\/2013\/07\/Rossi-Adela.jpg?resize=350%2C200 1x, https:\/\/i0.wp.com\/www.24baires.com\/wp-content\/uploads\/2013\/07\/Rossi-Adela.jpg?resize=525%2C300 1.5x"},"classes":[]},{"id":102239,"url":"https:\/\/www.24baires.com\/?p=102239","url_meta":{"origin":2730,"position":4},"title":"Elecciones en Venezuela: Madur\u00f3 vot\u00f3 e inst\u00f3 al pueblo a hacerlo","author":"AF","date":"20\/05\/2018","format":false,"excerpt":"Se proclam\u00f3 \"el primer votante de la patria\" en la jornada que podr\u00eda ratificar su continuidad en la presidencia del convulsionado pa\u00eds caribe\u00f1o. La oposici\u00f3n no participa. El presidente de Venezuela, Nicol\u00e1s Maduro, fue el primero en votar en un centro electoral de Caracas este domingo, e inst\u00f3 a los\u2026","rel":"","context":"En \u00abInternacionales\u00bb","block_context":{"text":"Internacionales","link":"https:\/\/www.24baires.com\/?cat=73"},"img":{"alt_text":"","src":"https:\/\/i0.wp.com\/www.24baires.com\/wp-content\/uploads\/2018\/05\/maduro.png?resize=350%2C200","width":350,"height":200,"srcset":"https:\/\/i0.wp.com\/www.24baires.com\/wp-content\/uploads\/2018\/05\/maduro.png?resize=350%2C200 1x, https:\/\/i0.wp.com\/www.24baires.com\/wp-content\/uploads\/2018\/05\/maduro.png?resize=525%2C300 1.5x"},"classes":[]},{"id":1661,"url":"https:\/\/www.24baires.com\/?p=1661","url_meta":{"origin":2730,"position":5},"title":"\u00bfDe Venezuela a Mar del Plata?","author":"AF","date":"11\/10\/2012","format":false,"excerpt":"El kirchnerismo marplatense insiste en volver a apostar en Carlos Cheppi para las elecciones legislativas del distrito. Por esto no descartan que el actual embajador argentino en Venezuela pegue la vuelta para pelearle el Concejo a Pulti. En las elecciones para intendente del a\u00f1o pasado, Carlos Cheppi fue el perseguidor\u2026","rel":"","context":"En \u00abPol\u00edtica\u00bb","block_context":{"text":"Pol\u00edtica","link":"https:\/\/www.24baires.com\/?cat=51"},"img":{"alt_text":"","src":"https:\/\/i0.wp.com\/www.24baires.com\/wp-content\/uploads\/2012\/10\/cheppi-300x218.jpg?resize=350%2C200","width":350,"height":200},"classes":[]}],"jetpack_sharing_enabled":true,"jetpack_likes_enabled":true,"_links":{"self":[{"href":"https:\/\/www.24baires.com\/index.php?rest_route=\/wp\/v2\/posts\/2730","targetHints":{"allow":["GET"]}}],"collection":[{"href":"https:\/\/www.24baires.com\/index.php?rest_route=\/wp\/v2\/posts"}],"about":[{"href":"https:\/\/www.24baires.com\/index.php?rest_route=\/wp\/v2\/types\/post"}],"author":[{"embeddable":true,"href":"https:\/\/www.24baires.com\/index.php?rest_route=\/wp\/v2\/users\/11"}],"replies":[{"embeddable":true,"href":"https:\/\/www.24baires.com\/index.php?rest_route=%2Fwp%2Fv2%2Fcomments&post=2730"}],"version-history":[{"count":0,"href":"https:\/\/www.24baires.com\/index.php?rest_route=\/wp\/v2\/posts\/2730\/revisions"}],"wp:attachment":[{"href":"https:\/\/www.24baires.com\/index.php?rest_route=%2Fwp%2Fv2%2Fmedia&parent=2730"}],"wp:term":[{"taxonomy":"category","embeddable":true,"href":"https:\/\/www.24baires.com\/index.php?rest_route=%2Fwp%2Fv2%2Fcategories&post=2730"},{"taxonomy":"post_tag","embeddable":true,"href":"https:\/\/www.24baires.com\/index.php?rest_route=%2Fwp%2Fv2%2Ftags&post=2730"}],"curies":[{"name":"wp","href":"https:\/\/api.w.org\/{rel}","templated":true}]}}