{"id":2718,"date":"2012-10-20T13:50:34","date_gmt":"2012-10-20T16:50:34","guid":{"rendered":"http:\/\/www.24baires.com\/?p=2718"},"modified":"2012-10-20T13:50:34","modified_gmt":"2012-10-20T16:50:34","slug":"massa-se-reunio-con-intendentes","status":"publish","type":"post","link":"https:\/\/www.24baires.com\/?p=2718","title":{"rendered":"Massa se reuni\u00f3 con Intendentes"},"content":{"rendered":"<p><img data-recalc-dims=\"1\" loading=\"lazy\" decoding=\"async\" class=\"alignleft size-medium wp-image-2719\" title=\"massa1910\" src=\"https:\/\/i0.wp.com\/www.24baires.com\/wp-content\/uploads\/2012\/10\/massa1910.jpg?resize=300%2C225\" alt=\"\" width=\"300\" height=\"225\" srcset=\"https:\/\/i0.wp.com\/www.24baires.com\/wp-content\/uploads\/2012\/10\/massa1910.jpg?resize=300%2C225&amp;ssl=1 300w, https:\/\/i0.wp.com\/www.24baires.com\/wp-content\/uploads\/2012\/10\/massa1910.jpg?w=480&amp;ssl=1 480w\" sizes=\"auto, (max-width: 300px) 100vw, 300px\" \/>Intendentes bonaerenses mantuvieron reuniones en el partido de Rojas para analizar avances en materia de prevenci\u00f3n en seguridad, con lo que dieron un nuevo gui\u00f1o en el armado de v\u00ednculos pol\u00edticos en v\u00edsperas de un a\u00f1o electoral.<\/p>\n<p><!--more--><\/p>\n<p>En ese marco, anoche se encontraron los jefes comunales de Tigre, Sergio Massa; de Rojas, Mart\u00edn Caso; de San Miguel, Joaqu\u00edn de la Torre, y General Villegas, Gilberto Alegre, todos ellos con ra\u00edces peronistas, pero algo alejados ahora del kirchnerismo. Los mandatarios comunales avanzan en el dise\u00f1o de acciones conjuntas para temas referidos a la seguridad y a la inclusi\u00f3n social.<\/p>\n<p>Tras el encuentro en Rojas, Massa destac\u00f3 ante la prensa que \u00abnos juntamos para trabajar para intercambiar algunas cuestiones que tienen que ver con los centros de monitoreo, la seguridad y otros temas que, junto a San Miguel y Villegas, podemos desarrollar\u00bb.<\/p>\n<p>El intendente de Tigre y ex jefe de Gabinete del primer gobierno de Cristina Fern\u00e1ndez resalt\u00f3 que \u00abla solidaridad y la seguridad son dos ejes fundamentales de nuestra gesti\u00f3n\u00bb.<\/p>\n<p>\u00abLa seguridad porque tiene que ver con la calidad de vida de la gente, y la solidaridad porque tiene que ver con el valor m\u00e1s importante que puede tener un ser humano, que es pensar en el otro. En Tigre, Rojas o cualquier municipio de la provincia creo que si trabajamos juntos, lo podemos lograr\u00bb, ampli\u00f3.<\/p>\n<p>Caso, por su parte, se\u00f1al\u00f3 que \u00abel sistema de protecci\u00f3n ciudadana que impuls\u00f3 Tigre es nuestro modelo y aspiramos a seguir tomando todas sus experiencias exitosas, como el Dispositivo para Mujeres Agredidas (DAMA) y el trabajo que lleva adelante en materia de prevenci\u00f3n\u00bb.<\/p>\n","protected":false},"excerpt":{"rendered":"<p>Intendentes bonaerenses mantuvieron reuniones en el partido de Rojas para analizar avances en materia de prevenci\u00f3n en seguridad, con lo que dieron un nuevo gui\u00f1o en el armado de v\u00ednculos pol\u00edticos en v\u00edsperas de un a\u00f1o electoral.<\/p>\n","protected":false},"author":4,"featured_media":0,"comment_status":"open","ping_status":"open","sticky":false,"template":"","format":"standard","meta":{"_jetpack_newsletter_access":"","_jetpack_dont_email_post_to_subs":false,"_jetpack_newsletter_tier_id":0,"_jetpack_memberships_contains_paywalled_content":false,"_jetpack_memberships_contains_paid_content":false,"footnotes":""},"categories":[40],"tags":[],"class_list":["post-2718","post","type-post","status-publish","format-standard","hentry","category-provincia"],"jetpack_featured_media_url":"","jetpack_shortlink":"https:\/\/wp.me\/p2JWE0-HQ","jetpack-related-posts":[{"id":6705,"url":"https:\/\/www.24baires.com\/?p=6705","url_meta":{"origin":2718,"position":0},"title":"Instalan \u201cbot\u00f3n antip\u00e1nico\u201d para productores rurales en General Villegas","author":"Grupo Sierra","date":"25\/11\/2012","format":false,"excerpt":"El municipio de General Villegas estren\u00f3 ayer un nuevo mecanismo contra la inseguridad, esta vez directamente dirigido a los productores rurales: un mecanismo que les permitir\u00e1 accionar un \u201cbot\u00f3n de p\u00e1nico\u201d para alertar a la polic\u00eda ante situaciones delictivas en sus campos. Pero la inauguraci\u00f3n del sistema se dio, adem\u00e1s,\u2026","rel":"","context":"En \u00abLocales\u00bb","block_context":{"text":"Locales","link":"https:\/\/www.24baires.com\/?cat=38"},"img":{"alt_text":"","src":"","width":0,"height":0},"classes":[]},{"id":33710,"url":"https:\/\/www.24baires.com\/?p=33710","url_meta":{"origin":2718,"position":1},"title":"Massa, Reutemann y Lavagna estuvieron juntos en Rojas","author":"GB","date":"17\/10\/2013","format":false,"excerpt":"El primer candidato a diputado nacional por el Frente Renovador recorri\u00f3 una estancia de la zona de Carabelas; all\u00ed, junto a intendentes del espacio que lidera, Massa afirm\u00f3: \"Nos podemos juntar, aprender del otro y trabajar juntos, compartir ideas y ponernos objetivos a futuro\". Rodeado del grupo de intendentes del\u2026","rel":"","context":"En \u00abELECCIONES 2013\u00bb","block_context":{"text":"ELECCIONES 2013","link":"https:\/\/www.24baires.com\/?cat=72"},"img":{"alt_text":"massa reutemann lavagna","src":"https:\/\/i0.wp.com\/www.24baires.com\/wp-content\/uploads\/2013\/10\/massa-reutemann-lavagna.jpg?resize=350%2C200","width":350,"height":200,"srcset":"https:\/\/i0.wp.com\/www.24baires.com\/wp-content\/uploads\/2013\/10\/massa-reutemann-lavagna.jpg?resize=350%2C200 1x, https:\/\/i0.wp.com\/www.24baires.com\/wp-content\/uploads\/2013\/10\/massa-reutemann-lavagna.jpg?resize=525%2C300 1.5x"},"classes":[]},{"id":115235,"url":"https:\/\/www.24baires.com\/?p=115235","url_meta":{"origin":2718,"position":2},"title":"Intendentes opositores piden mayor autonom\u00eda y amenazan con reabrir la econom\u00eda \u00absin autorizaci\u00f3n\u00bb","author":"GB","date":"04\/06\/2020","format":false,"excerpt":"M\u00e1s de 50 intendentes le solicitaron en forma conjunta al gobernador Axel Kicillof que les otorgue mayor autonom\u00eda para tomar decisiones \u00e1giles en el territorio en el marco de la pandemia por el coronavirus. A trav\u00e9s de una carta dirigida al gobernador Axel Kicillof, los intendentes de Juntos por el\u2026","rel":"","context":"En \u00abProvincia\u00bb","block_context":{"text":"Provincia","link":"https:\/\/www.24baires.com\/?cat=40"},"img":{"alt_text":"","src":"https:\/\/i0.wp.com\/www.24baires.com\/wp-content\/uploads\/2020\/06\/kici-intendentes.jpeg?resize=350%2C200","width":350,"height":200,"srcset":"https:\/\/i0.wp.com\/www.24baires.com\/wp-content\/uploads\/2020\/06\/kici-intendentes.jpeg?resize=350%2C200 1x, https:\/\/i0.wp.com\/www.24baires.com\/wp-content\/uploads\/2020\/06\/kici-intendentes.jpeg?resize=525%2C300 1.5x"},"classes":[]},{"id":51401,"url":"https:\/\/www.24baires.com\/?p=51401","url_meta":{"origin":2718,"position":3},"title":"Sergio Massa pidi\u00f3 a sus Intendentes que adhieran a la Polic\u00eda Comunal","author":"GB","date":"08\/08\/2014","format":false,"excerpt":"Realiz\u00f3 un acto en Magdalena junto a parte de su tropa, incluyendo al grueso de sus jefes comunales, y pidi\u00f3 que apoyen la iniciativa de Daniel Scioli. \u201cNosotros no tenemos que ser un obst\u00e1culo para su implementaci\u00f3n\u201d, manifest\u00f3 la cara visible del Frente Renovador. El recuerdo de su contradictoria postura\u2026","rel":"","context":"En \u00abPol\u00edtica\u00bb","block_context":{"text":"Pol\u00edtica","link":"https:\/\/www.24baires.com\/?cat=51"},"img":{"alt_text":"massa candidaturas","src":"https:\/\/i0.wp.com\/www.24baires.com\/wp-content\/uploads\/2013\/01\/massa-candidaturas-300x179.jpg?resize=350%2C200","width":350,"height":200},"classes":[]},{"id":43912,"url":"https:\/\/www.24baires.com\/?p=43912","url_meta":{"origin":2718,"position":4},"title":"Eseverri no le hace caso a Massa e ir\u00e1 por otro mandato en Olavarr\u00eda","author":"GB","date":"15\/04\/2014","format":false,"excerpt":"El intendente de Olavarr\u00eda, Jos\u00e9 Eseverri, revel\u00f3 que tiene la intenci\u00f3n de buscar la re-reelecci\u00f3n en las pr\u00f3ximas elecciones, a pesar de que el Frente Renovador present\u00f3 un proyecto de ley en la Legislatura provincial para limitar la reelecci\u00f3n de los jefes comunales. \"Es un desaf\u00edo, tengo ganas\", precis\u00f3 el\u2026","rel":"","context":"En \u00abMunicipios\u00bb","block_context":{"text":"Municipios","link":"https:\/\/www.24baires.com\/?cat=44"},"img":{"alt_text":"eseverri","src":"https:\/\/i0.wp.com\/www.24baires.com\/wp-content\/uploads\/2013\/07\/eseverri.jpg?resize=350%2C200","width":350,"height":200,"srcset":"https:\/\/i0.wp.com\/www.24baires.com\/wp-content\/uploads\/2013\/07\/eseverri.jpg?resize=350%2C200 1x, https:\/\/i0.wp.com\/www.24baires.com\/wp-content\/uploads\/2013\/07\/eseverri.jpg?resize=525%2C300 1.5x"},"classes":[]},{"id":5788,"url":"https:\/\/www.24baires.com\/?p=5788","url_meta":{"origin":2718,"position":5},"title":"Massa formaliz\u00f3 el pedido de voto electr\u00f3nico","author":"AF","date":"17\/11\/2012","format":false,"excerpt":"Sergio Massa, secundado por importante cantidad de dirigentes, encabez\u00f3 una jornada especial de \u201cVoto Electr\u00f3nico en Argentina\u201d, a la misma hora que en La Plata se debat\u00eda sobre el voto a los 16. Horas m\u00e1s tarde, el diputado de Tercera Posici\u00f3n, Rub\u00e9n Eslaiman, daba rienda a un nuevo proyecto para\u2026","rel":"","context":"En \u00abPol\u00edtica\u00bb","block_context":{"text":"Pol\u00edtica","link":"https:\/\/www.24baires.com\/?cat=51"},"img":{"alt_text":"","src":"https:\/\/i0.wp.com\/www.24baires.com\/wp-content\/uploads\/2012\/11\/massa-voto-electr%C3%B3nico.jpg?resize=350%2C200","width":350,"height":200,"srcset":"https:\/\/i0.wp.com\/www.24baires.com\/wp-content\/uploads\/2012\/11\/massa-voto-electr%C3%B3nico.jpg?resize=350%2C200 1x, https:\/\/i0.wp.com\/www.24baires.com\/wp-content\/uploads\/2012\/11\/massa-voto-electr%C3%B3nico.jpg?resize=525%2C300 1.5x"},"classes":[]}],"jetpack_sharing_enabled":true,"jetpack_likes_enabled":true,"_links":{"self":[{"href":"https:\/\/www.24baires.com\/index.php?rest_route=\/wp\/v2\/posts\/2718","targetHints":{"allow":["GET"]}}],"collection":[{"href":"https:\/\/www.24baires.com\/index.php?rest_route=\/wp\/v2\/posts"}],"about":[{"href":"https:\/\/www.24baires.com\/index.php?rest_route=\/wp\/v2\/types\/post"}],"author":[{"embeddable":true,"href":"https:\/\/www.24baires.com\/index.php?rest_route=\/wp\/v2\/users\/4"}],"replies":[{"embeddable":true,"href":"https:\/\/www.24baires.com\/index.php?rest_route=%2Fwp%2Fv2%2Fcomments&post=2718"}],"version-history":[{"count":0,"href":"https:\/\/www.24baires.com\/index.php?rest_route=\/wp\/v2\/posts\/2718\/revisions"}],"wp:attachment":[{"href":"https:\/\/www.24baires.com\/index.php?rest_route=%2Fwp%2Fv2%2Fmedia&parent=2718"}],"wp:term":[{"taxonomy":"category","embeddable":true,"href":"https:\/\/www.24baires.com\/index.php?rest_route=%2Fwp%2Fv2%2Fcategories&post=2718"},{"taxonomy":"post_tag","embeddable":true,"href":"https:\/\/www.24baires.com\/index.php?rest_route=%2Fwp%2Fv2%2Ftags&post=2718"}],"curies":[{"name":"wp","href":"https:\/\/api.w.org\/{rel}","templated":true}]}}