{"id":27140,"date":"2013-06-28T21:29:24","date_gmt":"2013-06-29T00:29:24","guid":{"rendered":"http:\/\/www.24baires.com\/?p=27140"},"modified":"2013-06-28T21:30:03","modified_gmt":"2013-06-29T00:30:03","slug":"la-defensoria-del-publico-realizo-su-tercera-audiencia-de-oyentes-y-televidentes-en-tandil","status":"publish","type":"post","link":"https:\/\/www.24baires.com\/?p=27140","title":{"rendered":"La Defensor\u00eda del P\u00fablico realiz\u00f3 su tercera Audiencia de oyentes y televidentes en Tandil"},"content":{"rendered":"<p>M\u00e1s de 250 personas participaron de la jornada, esta vez correspondiente a la regi\u00f3n Buenos Aires, que incluye a la Ciudad Aut\u00f3noma y al territorio bonaerense. Casi 50 inscriptos opinaron y debatieron sobre el rol de los medios audiovisuales en el pa\u00eds.<!--more--><\/p>\n<p>La actividad se llev\u00f3 a cabo en el Sal\u00f3n de los Espejos del Centro Cultural Universitario de la Universidad Nacional del Centro, en Tandil, y cont\u00f3 con la participaci\u00f3n de oyentes, televidentes y distintas entidades vinculadas a la comunicaci\u00f3n, la docencia, las organizaciones intermedias y la producci\u00f3n en radio y televisi\u00f3n. Intervinieron, adem\u00e1s, delegaciones de la Autoridad Federal de Servicios de Comunicaci\u00f3n Audiovisual (AFSCA), la Asociacion de Radiodifusoras Bonaerenses y del Interior (ARBIA), la C\u00e1mara Argentina de Televisi\u00f3n Digital (CATD), la Asociaci\u00f3n Civil Territorio Cultural y la Coalici\u00f3n por una Radiodifusi\u00f3n Democr\u00e1tica, entre otros colectivos.<\/p>\n<p>La audiencia fue presidida por la Defensora del P\u00fablico, Cynthia Ottaviano, que agradeci\u00f3 a \u201clos organismos presentes, pero tambi\u00e9n a muchos oyentes y televidentes que se acercaron para dar su opini\u00f3n fundada sobre los medios. Lo que demuestra que tenemos audiencias activas y no receptores pasivos como se cre\u00eda. Desde la Defensor\u00eda del P\u00fablico vamos a seguir trabajando en el empoderamiento ciudadano, para que las audiencias se transformen en un actor decisivo de la comunicaci\u00f3n audiovisual\u201d.<\/p>\n<p>Con respecto a la Ley, y los reclamos por parte de los expositores para que la Corte Suprema de Justicia de la Naci\u00f3n no demore m\u00e1s su decisi\u00f3n de declarar la constitucionalidad, Ottaviano afirm\u00f3 que \u201csepan que acompa\u00f1amos ese pedido y que haremos todo lo que est\u00e9 a nuestro alcance para amplificarlo, esta ley es constitucional, naci\u00f3 de las entra\u00f1as del pueblo argentino y de la gran mayor\u00eda de sus representantes. Recordemos que cuando la Corte se expres\u00f3, asegur\u00f3 que en el reclamo del Grupo Clar\u00edn no est\u00e1 en juego la libertad de expresi\u00f3n, sino una cuesti\u00f3n patrimonial\u201d.<\/p>\n<p>La Defensora tambi\u00e9n se refiri\u00f3 a las corporaciones que la resisten: \u201cnosotros no discutimos sobre cuestiones patrimoniales, sino que defendemos el derecho humano a la comunicaci\u00f3n.\u00bb<\/p>\n<p>Entre los que formaron parte del debate se destacaron integrantes de la Asociaci\u00f3n de Radiodifusores Bonaerenses y del Interior de la Argentina (ARBIA), la Asociaci\u00f3n Argentina de Teledifusoras Pyme y Comunitaria (AATECO), el Centro Cultural para la Comunicaci\u00f3n Kadena Social, la Red Nacional de Medios Alternativos, la Universidad Nacional de Quilmes y emprendimientos comunicacionales barriales de Mar del Plata, Azul, Tandil, Bah\u00eda Blanca, Mor\u00f3n, Avellaneda, Rauch, San Clemente y Benito Ju\u00e1rez, entre otros lugares, y tambi\u00e9n p\u00fablico en general, como M\u00f3nica Salvatierra y Lautaro Soto.<\/p>\n<p>A lo largo de cinco horas, las exposiciones giraron en torno a permisos necesarios para el funcionamiento de radios FM en el \u00e1mbito bonaerense, y la necesidad de cumplir con el 33% del espectro destinado para la comunicaci\u00f3n sin fines de lucro, el ordenamiento necesario del espectro radioel\u00e9ctrico, la censura previa, la violencia medi\u00e1tica contra las mujeres, el tratamiento period\u00edstico sobre la salud mental, la necesidad de cumplir con el Art. 66 de la LSCA sobre accesibilidad y la manera en que los monopolios audiovisuales siguen vigentes en regiones alejadas de los centros urbanos.<\/p>\n<p>Andrea Rossetti, integrante de Periodistas de Argentina en Red por una Comunicaci\u00f3n No Sexista, detall\u00f3 las tareas de capacitaci\u00f3n puestas en pr\u00e1ctica en universidades de Olavarr\u00eda y Tandil, y pidi\u00f3 que la violencia medi\u00e1tica contra las mujeres sea considerada una cuesti\u00f3n de Derechos Humanos. \u201cEs importante el trabajo que hace la Defensor\u00eda en este sentido -dijo-, aprovechando que adem\u00e1s de la LSCA, tambi\u00e9n contamos con la reciente Ley de Violencia de G\u00e9nero para terminar con ese flagelo\u201d.<\/p>\n<p>Tambi\u00e9n hablaron Mar\u00eda Salceda, delegada del Polo Audiovisual de la Provincia de Buenos Aires y docente en la Universidad del Centro; Mariela Pugliese, en representaci\u00f3n del Foro Argentino de Radios Comunitarias (FARCO); Franco Brutti, de la Asociaci\u00f3n Civil Territorio Cultural; y Daniel Badenes, responsable de la licenciatura en Comunicaci\u00f3n Social de la Universidad Nacional de Quilmes.<\/p>\n<p>La Audiencia que se llev\u00f3 a cabo en Tandil form\u00f3 parte de un ciclo de seis encuentros que cubrir\u00e1n antes de fin de a\u00f1o todo el territorio nacional, para \u201cevaluar el adecuado funcionamiento de los medios de radiodifusi\u00f3n\u201d, como pide la LSCA. Se trata de analizar y compartir experiencias y propuestas vinculadas a la radio y la televisi\u00f3n de cada regi\u00f3n donde se llevan a cabo las charlas. Como por ejemplo el acceso a los medios de parte de actores sociales que antes, con la reglamentaci\u00f3n de la dictadura militar, ten\u00edan vedado ese derecho.<\/p>\n<p>Fue la tercera jornada del a\u00f1o, despu\u00e9s de las charlas registradas en la regi\u00f3n NEA (Misiones, Chaco, Formosa y Corrientes) y NOA (La Rioja, Catamarca, Santiago del Estero, Jujuy, Salta y Tucum\u00e1n). Debates de car\u00e1cter abierto y libre participaci\u00f3n, que se retomar\u00e1n cuando el pr\u00f3ximo 30 de agosto se lleve a cabo la Cuarta Audiencia P\u00fablica en Villa Mar\u00eda, C\u00f3rdoba.<\/p>\n","protected":false},"excerpt":{"rendered":"<p>M\u00e1s de 250 personas participaron de la jornada, esta vez correspondiente a la regi\u00f3n Buenos Aires, que incluye a la Ciudad Aut\u00f3noma y al territorio bonaerense. Casi 50 inscriptos opinaron y debatieron sobre el rol de los medios audiovisuales en el pa\u00eds.<\/p>\n","protected":false},"author":11,"featured_media":0,"comment_status":"open","ping_status":"open","sticky":false,"template":"","format":"standard","meta":{"_jetpack_newsletter_access":"","_jetpack_dont_email_post_to_subs":false,"_jetpack_newsletter_tier_id":0,"_jetpack_memberships_contains_paywalled_content":false,"_jetpack_memberships_contains_paid_content":false,"footnotes":""},"categories":[54],"tags":[],"class_list":["post-27140","post","type-post","status-publish","format-standard","hentry","category-medios"],"jetpack_featured_media_url":"","jetpack_shortlink":"https:\/\/wp.me\/p2JWE0-73K","jetpack-related-posts":[{"id":29902,"url":"https:\/\/www.24baires.com\/?p=29902","url_meta":{"origin":27140,"position":0},"title":"Se firm\u00f3 un acuerdo de cooperaci\u00f3n entre ARBIA y la Defensor\u00eda del P\u00fablico","author":"GB","date":"10\/08\/2013","format":false,"excerpt":"La Defensora del P\u00fablico de Servicios de Comunicaci\u00f3n Audiovisual, Lic. Cynthia Ottaviano y el Presidente de ARBIA, Osvaldo Franc\u00e9s, suscribieron la semana pasada, en la sede de la defensor\u00eda en la Capital Federal, un Convenio de Cooperaci\u00f3n Institucional, por el cual se oficializa el trabajo que desde el mismo momento\u2026","rel":"","context":"En \u00abMedios\u00bb","block_context":{"text":"Medios","link":"https:\/\/www.24baires.com\/?cat=54"},"img":{"alt_text":"ARBIA","src":"https:\/\/i0.wp.com\/www.24baires.com\/wp-content\/uploads\/2013\/08\/ARBIA-300x274.jpg?resize=350%2C200","width":350,"height":200},"classes":[]},{"id":32238,"url":"https:\/\/www.24baires.com\/?p=32238","url_meta":{"origin":27140,"position":1},"title":"\u201cLa ley no regula contenidos, Clar\u00edn vuelve a mentir\u201d lanz\u00f3 Sabbatella","author":"Grupo Sierra","date":"21\/09\/2013","format":false,"excerpt":"El titular de la Afsca, Mart\u00edn Sabbatella, acus\u00f3 al Grupo Clar\u00edn por \u201cmentir a sus lectores\", adem\u00e1s de \"esconder y tergiversar informaci\u00f3n con el \u00fanico objetivo de proteger sus privilegios\u201d, al salir al cruce de una solicitada en contra de la ley de Medios publicada en el principal diario del\u2026","rel":"","context":"En \u00abMedios\u00bb","block_context":{"text":"Medios","link":"https:\/\/www.24baires.com\/?cat=54"},"img":{"alt_text":"","src":"","width":0,"height":0},"classes":[]},{"id":21611,"url":"https:\/\/www.24baires.com\/?p=21611","url_meta":{"origin":27140,"position":2},"title":"Ottaviano inst\u00f3 a grandes grupos econ\u00f3micos a respetar la Ley de Medios","author":"AF","date":"22\/04\/2013","format":false,"excerpt":"La periodista Cynthia Ottaviano present\u00f3 el pasado jueves a la Defensor\u00eda del P\u00fablico en la Canciller\u00eda argentina. Invitada por el Consejo Consultivo de la Sociedad Civil, en un encuentro llevado a cabo en el marco de organizaci\u00f3n de la participaci\u00f3n argentina en la pr\u00f3xima cumbre social que se realizar\u00e1 a\u2026","rel":"","context":"En \u00abMedios\u00bb","block_context":{"text":"Medios","link":"https:\/\/www.24baires.com\/?cat=54"},"img":{"alt_text":"ottaviano","src":"https:\/\/i0.wp.com\/www.24baires.com\/wp-content\/uploads\/2013\/04\/ottaviano.jpg?resize=350%2C200","width":350,"height":200,"srcset":"https:\/\/i0.wp.com\/www.24baires.com\/wp-content\/uploads\/2013\/04\/ottaviano.jpg?resize=350%2C200 1x, https:\/\/i0.wp.com\/www.24baires.com\/wp-content\/uploads\/2013\/04\/ottaviano.jpg?resize=525%2C300 1.5x"},"classes":[]},{"id":24464,"url":"https:\/\/www.24baires.com\/?p=24464","url_meta":{"origin":27140,"position":3},"title":"La Defensor\u00eda del P\u00fablico es modelo en el mundo","author":"Grupo Sierra","date":"27\/05\/2013","format":false,"excerpt":"El organismo encabezado por Cynthia Ottaviano fue elogiado en la reciente asamblea anual de la Organization of News Ombudsmen (ONO), donde se incorpor\u00f3 como miembro regular. Frank La Rue, relator de Naciones Unidas, hab\u00eda destacado a la Defensor\u00eda como \u201cexperiencia \u00fanica a nivel internacional\u201d. Y el Parlamento uruguayo contempla la\u2026","rel":"","context":"En \u00abMedios\u00bb","block_context":{"text":"Medios","link":"https:\/\/www.24baires.com\/?cat=54"},"img":{"alt_text":"","src":"","width":0,"height":0},"classes":[]},{"id":25653,"url":"https:\/\/www.24baires.com\/?p=25653","url_meta":{"origin":27140,"position":4},"title":"Se presentaron en La Plata nuevos contenidos realizados por los Polos Audiovisuales","author":"Grupo Sierra","date":"11\/06\/2013","format":false,"excerpt":"LA PLATA.- El Coordinador General del Consejo Asesor de Televisi\u00f3n Digital, Osvaldo Niemirovsci, asegur\u00f3 hoy que en los Polos Audiovisuales \"pensamos los contenidos en t\u00e9rminos inclusivos, accesibles, gratuitos y federales\". Las universidades nacionales son las cabeceras de los 9 polos audiovisuales que hay en todo el pa\u00eds. \"Este programa es\u2026","rel":"","context":"En \u00abMedios\u00bb","block_context":{"text":"Medios","link":"https:\/\/www.24baires.com\/?cat=54"},"img":{"alt_text":"","src":"","width":0,"height":0},"classes":[]},{"id":27082,"url":"https:\/\/www.24baires.com\/?p=27082","url_meta":{"origin":27140,"position":5},"title":"Presentan petitorio contra la exposici\u00f3n de la vida privada de \u00c1ngeles Rawson","author":"AF","date":"28\/06\/2013","format":false,"excerpt":"Claudia Fern\u00e1ndez Chaparro, integrante del Plenario del Consejo de Derechos de Ni\u00f1as, Ni\u00f1os y Adolescentes, presentar\u00e1 hoy un petitorio ante el juez que lleva la causa por el asesinato de la adolescente para solicitar que \"se tomen medidas para evitar la exposici\u00f3n medi\u00e1tica a la que se encuentra sometida la\u2026","rel":"","context":"En \u00abSociedad\u00bb","block_context":{"text":"Sociedad","link":"https:\/\/www.24baires.com\/?cat=1"},"img":{"alt_text":"\u00e1ngeles rawson","src":"https:\/\/i0.wp.com\/www.24baires.com\/wp-content\/uploads\/2013\/06\/%C3%A1ngeles-rawson.jpg?resize=350%2C200","width":350,"height":200,"srcset":"https:\/\/i0.wp.com\/www.24baires.com\/wp-content\/uploads\/2013\/06\/%C3%A1ngeles-rawson.jpg?resize=350%2C200 1x, https:\/\/i0.wp.com\/www.24baires.com\/wp-content\/uploads\/2013\/06\/%C3%A1ngeles-rawson.jpg?resize=525%2C300 1.5x"},"classes":[]}],"jetpack_sharing_enabled":true,"jetpack_likes_enabled":true,"_links":{"self":[{"href":"https:\/\/www.24baires.com\/index.php?rest_route=\/wp\/v2\/posts\/27140","targetHints":{"allow":["GET"]}}],"collection":[{"href":"https:\/\/www.24baires.com\/index.php?rest_route=\/wp\/v2\/posts"}],"about":[{"href":"https:\/\/www.24baires.com\/index.php?rest_route=\/wp\/v2\/types\/post"}],"author":[{"embeddable":true,"href":"https:\/\/www.24baires.com\/index.php?rest_route=\/wp\/v2\/users\/11"}],"replies":[{"embeddable":true,"href":"https:\/\/www.24baires.com\/index.php?rest_route=%2Fwp%2Fv2%2Fcomments&post=27140"}],"version-history":[{"count":3,"href":"https:\/\/www.24baires.com\/index.php?rest_route=\/wp\/v2\/posts\/27140\/revisions"}],"predecessor-version":[{"id":27143,"href":"https:\/\/www.24baires.com\/index.php?rest_route=\/wp\/v2\/posts\/27140\/revisions\/27143"}],"wp:attachment":[{"href":"https:\/\/www.24baires.com\/index.php?rest_route=%2Fwp%2Fv2%2Fmedia&parent=27140"}],"wp:term":[{"taxonomy":"category","embeddable":true,"href":"https:\/\/www.24baires.com\/index.php?rest_route=%2Fwp%2Fv2%2Fcategories&post=27140"},{"taxonomy":"post_tag","embeddable":true,"href":"https:\/\/www.24baires.com\/index.php?rest_route=%2Fwp%2Fv2%2Ftags&post=27140"}],"curies":[{"name":"wp","href":"https:\/\/api.w.org\/{rel}","templated":true}]}}