{"id":27127,"date":"2013-06-28T20:16:13","date_gmt":"2013-06-28T23:16:13","guid":{"rendered":"http:\/\/www.24baires.com\/?p=27127"},"modified":"2013-06-28T20:19:18","modified_gmt":"2013-06-28T23:19:18","slug":"el-caso-angeles-ocupo-desde-el-10-de-junio-casi-600-horas-de-la-television","status":"publish","type":"post","link":"https:\/\/www.24baires.com\/?p=27127","title":{"rendered":"El Caso \u00c1ngeles ocup\u00f3 desde el 10 de junio casi 600 horas de la televisi\u00f3n"},"content":{"rendered":"<p><img data-recalc-dims=\"1\" loading=\"lazy\" decoding=\"async\" class=\"alignleft size-medium wp-image-26069\" alt=\"mangeri portero\" src=\"https:\/\/i0.wp.com\/www.24baires.com\/wp-content\/uploads\/2013\/06\/mangeri-portero.jpg?resize=300%2C180\" width=\"300\" height=\"180\" srcset=\"https:\/\/i0.wp.com\/www.24baires.com\/wp-content\/uploads\/2013\/06\/mangeri-portero.jpg?resize=300%2C180&amp;ssl=1 300w, https:\/\/i0.wp.com\/www.24baires.com\/wp-content\/uploads\/2013\/06\/mangeri-portero.jpg?w=500&amp;ssl=1 500w\" sizes=\"auto, (max-width: 300px) 100vw, 300px\" \/>La cobertura televisiva del caso Angeles Rawson, entre el 10 de junio a la fecha, ocup\u00f3 594 horas tanto en canales de aire como en los de cable, lo que equivale a casi 25 d\u00edas ininterrumpidos de transimisi\u00f3n en un solo canal, de acuerdo a un informe realizado por la Consultora Ejes.<!--more--><br \/>\nEl reporte indica que tres canales, dos de cable y uno de aire, suman casi el 50% de la cobertura del caso y el nivel de atenci\u00f3n desplegado por la TV, releg\u00f3 a un segundo plano a otros temas importantes como el choque de trenes en Castelar o el fallo sobre el Consejo de la Magistratura.<br \/>\nEl informe asegura que si bien el policial \u00abes el contenido que mayor tiempo de aire ocupa en los noticieros de la TV de aire, la cobertura del caso tom\u00f3 una dimensi\u00f3n que le permiti\u00f3 trascender ese espacio\u00bb\u00b7 En este sentido explic\u00f3 que \u00ablos diversos debates y segmentos dedicados al caso Angeles Rawson transitaron por m\u00e1s de 40 programas de TV distintos\u00bb.<br \/>\nEn un gr\u00e1fico, Ejes detalla que los canales de cable C5N y Am\u00e9rica 24, junto a Am\u00e9rica Televisi\u00f3n fueron los tres medios audiovisuales que concentraron el 47% de la cobertura televisiva total, entre las fechas mencionadas.<\/p>\n","protected":false},"excerpt":{"rendered":"<p>La cobertura televisiva del caso Angeles Rawson, entre el 10 de junio a la fecha, ocup\u00f3 594 horas tanto en canales de aire como en los de cable, lo que equivale a casi 25 d\u00edas ininterrumpidos de transimisi\u00f3n en un solo canal, de acuerdo a un informe realizado por la Consultora Ejes.<\/p>\n","protected":false},"author":11,"featured_media":0,"comment_status":"open","ping_status":"open","sticky":false,"template":"","format":"standard","meta":{"_jetpack_newsletter_access":"","_jetpack_dont_email_post_to_subs":false,"_jetpack_newsletter_tier_id":0,"_jetpack_memberships_contains_paywalled_content":false,"_jetpack_memberships_contains_paid_content":false,"footnotes":""},"categories":[54],"tags":[],"class_list":["post-27127","post","type-post","status-publish","format-standard","hentry","category-medios"],"jetpack_featured_media_url":"","jetpack_shortlink":"https:\/\/wp.me\/p2JWE0-73x","jetpack-related-posts":[{"id":39480,"url":"https:\/\/www.24baires.com\/?p=39480","url_meta":{"origin":27127,"position":0},"title":"Afsca reiter\u00f3 los criterios de la adecuaci\u00f3n de las grillas de televisi\u00f3n","author":"GB","date":"29\/01\/2014","format":false,"excerpt":"La Autoridad Federal de Servicios de Comunicaci\u00f3n Audiovisual reiter\u00f3 que todos los operadores de televisi\u00f3n por cable de Argentina deben realizar la totalidad de los cambios necesarios para adecuar sus grillas de canales. En consecuencia, las operadoras deben incluir de forma obligatoria en sus programaciones -tanto en el sistema anal\u00f3gico\u2026","rel":"","context":"En \u00abMedios\u00bb","block_context":{"text":"Medios","link":"https:\/\/www.24baires.com\/?cat=54"},"img":{"alt_text":"","src":"","width":0,"height":0},"classes":[]},{"id":77913,"url":"https:\/\/www.24baires.com\/?p=77913","url_meta":{"origin":27127,"position":1},"title":"F\u00fatbol para algunos: le entregan a Canal 13 y a Telef\u00e9 la televisaci\u00f3n de los grandes","author":"AF","date":"21\/01\/2016","format":false,"excerpt":"El Gobierno decidi\u00f3 entregar los partidos de River, Independiente,Boca y Racing a las se\u00f1ales del Grupo Clar\u00edn y de Telef\u00f3nica que pagar\u00e1n $ 180 millones, 10% de los casi $ 1900 millones que el Estado prev\u00e9 abonar a la AFA en 2016. Sin embargo, Am\u00e9rica TV pondr\u00eda un amparo alegando\u2026","rel":"","context":"En \u00abSociedad\u00bb","block_context":{"text":"Sociedad","link":"https:\/\/www.24baires.com\/?cat=1"},"img":{"alt_text":"fpt","src":"https:\/\/i0.wp.com\/www.24baires.com\/wp-content\/uploads\/2015\/12\/fpt.jpg?resize=350%2C200","width":350,"height":200,"srcset":"https:\/\/i0.wp.com\/www.24baires.com\/wp-content\/uploads\/2015\/12\/fpt.jpg?resize=350%2C200 1x, https:\/\/i0.wp.com\/www.24baires.com\/wp-content\/uploads\/2015\/12\/fpt.jpg?resize=525%2C300 1.5x"},"classes":[]},{"id":16709,"url":"https:\/\/www.24baires.com\/?p=16709","url_meta":{"origin":27127,"position":2},"title":"La TV Digital alcanza ya al 82% de la poblaci\u00f3n","author":"AF","date":"25\/02\/2013","format":false,"excerpt":"El Ministerio de Planificaci\u00f3n Federal inform\u00f3 que el sistema de Televisi\u00f3n Digital Abierta puesto en marcha en Argentina en 2010 llega a la mayor\u00eda de la poblaci\u00f3n argentina. Existen 23 canales disponibles. El sistema de Televisi\u00f3n Digital Abierta (TDA) se puso en marcha en Argentina en 2010 y el nivel\u2026","rel":"","context":"En \u00abTecnolog\u00eda\u00bb","block_context":{"text":"Tecnolog\u00eda","link":"https:\/\/www.24baires.com\/?cat=46"},"img":{"alt_text":"antena tv digital","src":"https:\/\/i0.wp.com\/www.24baires.com\/wp-content\/uploads\/2013\/02\/antena-tv-digital-300x190.jpg?resize=350%2C200","width":350,"height":200},"classes":[]},{"id":51360,"url":"https:\/\/www.24baires.com\/?p=51360","url_meta":{"origin":27127,"position":3},"title":"Mercedes: La televisi\u00f3n digital abierta gana cada vez m\u00e1s terreno","author":"GB","date":"07\/08\/2014","format":false,"excerpt":"Cada vez son m\u00e1s los domicilios en los que se instala la peque\u00f1a antena que permite ver cerca de veinte canales y con tecnolog\u00eda HD. A las entregas realizadas por Anses y Pami, algunos comercios confirmaron una buena venta, que se increment\u00f3 previo y durante el mundial del f\u00fatbol Cuando\u2026","rel":"","context":"En \u00abMedios\u00bb","block_context":{"text":"Medios","link":"https:\/\/www.24baires.com\/?cat=54"},"img":{"alt_text":"grila cable","src":"https:\/\/i0.wp.com\/www.24baires.com\/wp-content\/uploads\/2014\/08\/grila-cable.jpg?resize=350%2C200","width":350,"height":200,"srcset":"https:\/\/i0.wp.com\/www.24baires.com\/wp-content\/uploads\/2014\/08\/grila-cable.jpg?resize=350%2C200 1x, https:\/\/i0.wp.com\/www.24baires.com\/wp-content\/uploads\/2014\/08\/grila-cable.jpg?resize=525%2C300 1.5x"},"classes":[]},{"id":34607,"url":"https:\/\/www.24baires.com\/?p=34607","url_meta":{"origin":27127,"position":4},"title":"Clar\u00edn present\u00f3 su plan de adecuaci\u00f3n a la Ley de Medios","author":"AF","date":"04\/11\/2013","format":false,"excerpt":"As\u00ed lo anticip\u00f3 el gerente de Comunicaciones Externas del grupo Clar\u00edn, Mart\u00edn Etchevers, quien anunci\u00f3 que la empresa present\u00f3 un plan de adecuaci\u00f3n voluntaria a la ley de medios \"ante la AFSCA y en la Justicia\". La Autoridad Federal de Servicios de Comunicaci\u00f3n (AFSCA) recibi\u00f3 esta ma\u00f1ana un plan de\u2026","rel":"","context":"En \u00abMedios\u00bb","block_context":{"text":"Medios","link":"https:\/\/www.24baires.com\/?cat=54"},"img":{"alt_text":"grupo clarin","src":"https:\/\/i0.wp.com\/www.24baires.com\/wp-content\/uploads\/2013\/04\/grupo-clarin.jpg?resize=350%2C200","width":350,"height":200,"srcset":"https:\/\/i0.wp.com\/www.24baires.com\/wp-content\/uploads\/2013\/04\/grupo-clarin.jpg?resize=350%2C200 1x, https:\/\/i0.wp.com\/www.24baires.com\/wp-content\/uploads\/2013\/04\/grupo-clarin.jpg?resize=525%2C300 1.5x"},"classes":[]},{"id":31575,"url":"https:\/\/www.24baires.com\/?p=31575","url_meta":{"origin":27127,"position":5},"title":"\u201cAlg\u00fan d\u00eda, Clar\u00edn va a tener que cumplir con la ley\u201d","author":"GB","date":"09\/09\/2013","format":false,"excerpt":"As\u00ed lo afirm\u00f3 Carlos Vicente al referirse al fallo que obliga a Cablevisi\u00f3n a incluir en su grilla de programaci\u00f3n a la se\u00f1al cba24n de los Servicios de Radio y Televisi\u00f3n (SRT) de la Universidad Nacional de C\u00f3rdoba (UNC). El titular local de la Afsca, Carlos Vicente, afirm\u00f3 que \u201calg\u00fan\u2026","rel":"","context":"En \u00abPol\u00edtica\u00bb","block_context":{"text":"Pol\u00edtica","link":"https:\/\/www.24baires.com\/?cat=51"},"img":{"alt_text":"","src":"","width":0,"height":0},"classes":[]}],"jetpack_sharing_enabled":true,"jetpack_likes_enabled":true,"_links":{"self":[{"href":"https:\/\/www.24baires.com\/index.php?rest_route=\/wp\/v2\/posts\/27127","targetHints":{"allow":["GET"]}}],"collection":[{"href":"https:\/\/www.24baires.com\/index.php?rest_route=\/wp\/v2\/posts"}],"about":[{"href":"https:\/\/www.24baires.com\/index.php?rest_route=\/wp\/v2\/types\/post"}],"author":[{"embeddable":true,"href":"https:\/\/www.24baires.com\/index.php?rest_route=\/wp\/v2\/users\/11"}],"replies":[{"embeddable":true,"href":"https:\/\/www.24baires.com\/index.php?rest_route=%2Fwp%2Fv2%2Fcomments&post=27127"}],"version-history":[{"count":3,"href":"https:\/\/www.24baires.com\/index.php?rest_route=\/wp\/v2\/posts\/27127\/revisions"}],"predecessor-version":[{"id":27130,"href":"https:\/\/www.24baires.com\/index.php?rest_route=\/wp\/v2\/posts\/27127\/revisions\/27130"}],"wp:attachment":[{"href":"https:\/\/www.24baires.com\/index.php?rest_route=%2Fwp%2Fv2%2Fmedia&parent=27127"}],"wp:term":[{"taxonomy":"category","embeddable":true,"href":"https:\/\/www.24baires.com\/index.php?rest_route=%2Fwp%2Fv2%2Fcategories&post=27127"},{"taxonomy":"post_tag","embeddable":true,"href":"https:\/\/www.24baires.com\/index.php?rest_route=%2Fwp%2Fv2%2Ftags&post=27127"}],"curies":[{"name":"wp","href":"https:\/\/api.w.org\/{rel}","templated":true}]}}