{"id":27066,"date":"2013-06-28T11:30:19","date_gmt":"2013-06-28T14:30:19","guid":{"rendered":"http:\/\/www.24baires.com\/?p=27066"},"modified":"2013-06-28T11:43:32","modified_gmt":"2013-06-28T14:43:32","slug":"fijan-en-138-el-abono-basico-de-cablevision","status":"publish","type":"post","link":"https:\/\/www.24baires.com\/?p=27066","title":{"rendered":"Fijan en $138 el abono b\u00e1sico de Cablevisi\u00f3n"},"content":{"rendered":"<p>La Secretar\u00eda que conduce Guillermo Moreno elev\u00f3 a 138 pesos el monto que debe cobrar la empresa a sus clientes por el servicio de televisi\u00f3n paga.<!--more--><\/p>\n<p>La actualizaci\u00f3n de la tarifa del abono fue establecida a trav\u00e9s de la resoluci\u00f3n 61\/2013, publicada hoy en el Bolet\u00edn Oficial y firmada por el titular de la dependencia, Guillermo Moreno.<\/p>\n<p>El nuevo valor, que representa un incremento de 8 pesos respecto a la anterior medida adoptada por la Secretar\u00eda de Comercio, comprende el per\u00edodo que va del 1 de julio a septiembre pr\u00f3ximo.<\/p>\n<p>En los considerandos del texto, se advierte \u00abla empresa Cablevisi\u00f3n contin\u00faa sin presentar la informaci\u00f3n requerida\u00bb en resoluciones anteriores, por lo que, \u00abcomo consecuencia del incremento de costos generados en la explotaci\u00f3n de la actividad, corresponde actualizar el monto del abono b\u00e1sico mensual del servicio de televisi\u00f3n paga que presta a sus usuarios\u00bb.<\/p>\n<p>En ese marco, la nueva medida a\u00f1ade que \u00aba los fines de determinar el monto del abono b\u00e1sico citado, se procedi\u00f3 a obtener a trav\u00e9s de fuentes oficiales (p\u00e1gina web de la Comisi\u00f3n Nacional de Valores) los datos necesarios que requiere la f\u00f3rmula\u00bb.<\/p>\n<p>\u00abEn funci\u00f3n de ello y de acuerdo con los par\u00e1metros de razonabilidad previstos, esta Secretar\u00eda, en el marco de su competencia, procede a fijar el precio por el abono b\u00e1sico mensual del servicio de televisi\u00f3n paga de la empresa Cablevisi\u00f3n S.A. en la suma de $138, que los usuarios deber\u00e1n abonar durante los meses de julio a septiembre de 2013, inclusive\u00bb, concluye la resoluci\u00f3n.<\/p>\n<p>Adem\u00e1s, dispone que el precio fijado \u00abdeber\u00e1 mantener su vigencia e inmutabilidad sin variaciones durante el plazo indicado\u00bb.<\/p>\n<p>&nbsp;<\/p>\n<p>&nbsp;<\/p>\n<p>&nbsp;<\/p>\n<p>&nbsp;<\/p>\n<p>&nbsp;<\/p>\n<p>&nbsp;<\/p>\n<p>&nbsp;<\/p>\n<p>&nbsp;<\/p>\n<p>&nbsp;<\/p>\n<p>&nbsp;<\/p>\n<p>&nbsp;<\/p>\n<p>&nbsp;<\/p>\n<p>&nbsp;<\/p>\n<p>&nbsp;<\/p>\n<p>&nbsp;<\/p>\n<p>&nbsp;<\/p>\n<p>&nbsp;<\/p>\n<p>&nbsp;<\/p>\n<p>&nbsp;<\/p>\n","protected":false},"excerpt":{"rendered":"<p>La Secretar\u00eda que conduce Guillermo Moreno elev\u00f3 a 138 pesos el monto que debe cobrar la empresa a sus clientes por el servicio de televisi\u00f3n paga.<\/p>\n","protected":false},"author":4,"featured_media":0,"comment_status":"open","ping_status":"open","sticky":false,"template":"","format":"standard","meta":{"_jetpack_newsletter_access":"","_jetpack_dont_email_post_to_subs":false,"_jetpack_newsletter_tier_id":0,"_jetpack_memberships_contains_paywalled_content":false,"_jetpack_memberships_contains_paid_content":false,"footnotes":""},"categories":[54],"tags":[],"class_list":["post-27066","post","type-post","status-publish","format-standard","hentry","category-medios"],"jetpack_featured_media_url":"","jetpack_shortlink":"https:\/\/wp.me\/p2JWE0-72y","jetpack-related-posts":[{"id":10380,"url":"https:\/\/www.24baires.com\/?p=10380","url_meta":{"origin":27066,"position":0},"title":"Ya rige la medida que establece en $130 el abono a Cablevisi\u00f3n","author":"AF","date":"26\/12\/2012","format":false,"excerpt":"\u00a0 \u00a0 \u00a0 La secretar\u00eda de Comercio Interior fij\u00f3 ese precio mensual para el servicio de televisi\u00f3n paga de esa empresa para los meses de enero a marzo de 2013. La medida fue dispuesta a trav\u00e9s de la resoluci\u00f3n 161\/2012, publicada este mi\u00e9rcoles en el Bolet\u00edn Oficial, y comienza a\u2026","rel":"","context":"En \u00abMedios\u00bb","block_context":{"text":"Medios","link":"https:\/\/www.24baires.com\/?cat=54"},"img":{"alt_text":"cablevisi\u00f3n","src":"https:\/\/i0.wp.com\/www.24baires.com\/wp-content\/uploads\/2012\/12\/cablevisi%C3%B3n1.jpg?resize=350%2C200","width":350,"height":200,"srcset":"https:\/\/i0.wp.com\/www.24baires.com\/wp-content\/uploads\/2012\/12\/cablevisi%C3%B3n1.jpg?resize=350%2C200 1x, https:\/\/i0.wp.com\/www.24baires.com\/wp-content\/uploads\/2012\/12\/cablevisi%C3%B3n1.jpg?resize=525%2C300 1.5x"},"classes":[]},{"id":13638,"url":"https:\/\/www.24baires.com\/?p=13638","url_meta":{"origin":27066,"position":1},"title":"Cablevisi\u00f3n deber\u00e1 bajar la tarifa b\u00e1sica por una medida cautelar","author":"AF","date":"26\/01\/2013","format":false,"excerpt":"La justicia convalid\u00f3 la medida cautelar contra Cablevisi\u00f3n que present\u00f3 la Defensor\u00eda del Pueblo bonaerense y confirm\u00f3 que la empresa debe cobrar su abono de TV por cable a 130 pesos. El tratamiento de este caso en feria judicial surge del pedido del Defensor del Pueblo, Carlos Bonicatto, quien solicit\u00f3\u2026","rel":"","context":"En \u00abMedios\u00bb","block_context":{"text":"Medios","link":"https:\/\/www.24baires.com\/?cat=54"},"img":{"alt_text":"cablevisi\u00f3n","src":"https:\/\/i0.wp.com\/www.24baires.com\/wp-content\/uploads\/2013\/01\/cablevisi%C3%B3n-300x199.jpg?resize=350%2C200","width":350,"height":200},"classes":[]},{"id":20564,"url":"https:\/\/www.24baires.com\/?p=20564","url_meta":{"origin":27066,"position":2},"title":"Cablevisi\u00f3n \u201cNo quiere cumplir con lo que se le ordena\u00bb advirti\u00f3 Bonicatto","author":"AF","date":"09\/04\/2013","format":false,"excerpt":"El Defensor del Pueblo bonaerense, Carlos Bonicatto, dialog\u00f3 sobre la causa contra la empresa del Grupo Clar\u00edn por el cobro indebido de sus servicio en la Provincia. Adelant\u00f3 que en los pr\u00f3ximos d\u00edas podr\u00eda haber novedades de la Justicia, ya que eval\u00faa un nuevo pedido para que la cableoperadora se\u2026","rel":"","context":"En \u00abMedios\u00bb","block_context":{"text":"Medios","link":"https:\/\/www.24baires.com\/?cat=54"},"img":{"alt_text":"bonicatto","src":"https:\/\/i0.wp.com\/www.24baires.com\/wp-content\/uploads\/2013\/04\/bonicatto.jpg?resize=350%2C200","width":350,"height":200,"srcset":"https:\/\/i0.wp.com\/www.24baires.com\/wp-content\/uploads\/2013\/04\/bonicatto.jpg?resize=350%2C200 1x, https:\/\/i0.wp.com\/www.24baires.com\/wp-content\/uploads\/2013\/04\/bonicatto.jpg?resize=525%2C300 1.5x"},"classes":[]},{"id":18766,"url":"https:\/\/www.24baires.com\/?p=18766","url_meta":{"origin":27066,"position":3},"title":"Senadores bonaerenses apoyan las acciones judiciales contra Cablevisi\u00f3n","author":"AF","date":"18\/03\/2013","format":false,"excerpt":"Un proyecto impulsado en la C\u00e1mara alta respalda la presentaci\u00f3n judicial de la Defensor\u00eda del Pueblo provincial contra la empresa del Grupo Clar\u00edn por el cobro indebido de su servicio y solicita que la firma adecue el costo del abono b\u00e1sico del cable. \u201cEsta acci\u00f3n judicial logr\u00f3 ponerle un l\u00edmite\u2026","rel":"","context":"En \u00abMedios\u00bb","block_context":{"text":"Medios","link":"https:\/\/www.24baires.com\/?cat=54"},"img":{"alt_text":"","src":"","width":0,"height":0},"classes":[]},{"id":24419,"url":"https:\/\/www.24baires.com\/?p=24419","url_meta":{"origin":27066,"position":4},"title":"El Senado bonaerense apoy\u00f3 el reclamo contra Cablevisi\u00f3n por el precio del abono","author":"Grupo Sierra","date":"26\/05\/2013","format":false,"excerpt":"La C\u00e1mara de Senadores bonaerense respald\u00f3 la presentaci\u00f3n judicial de la Defensor\u00eda del Pueblo provincial contra la empresa Cablevisi\u00f3n S.A., por el valor del servicio, y solicit\u00f3 que la firma adecue el costo del abono b\u00e1sico del cable. La C\u00e1mara Alta acompa\u00f1\u00f3 el proyecto elevado por el senador del Frente\u2026","rel":"","context":"En \u00abMedios\u00bb","block_context":{"text":"Medios","link":"https:\/\/www.24baires.com\/?cat=54"},"img":{"alt_text":"senadobonaerense2-679x350","src":"https:\/\/i0.wp.com\/www.24baires.com\/wp-content\/uploads\/2013\/05\/senadobonaerense2-679x350.jpg?resize=350%2C200","width":350,"height":200,"srcset":"https:\/\/i0.wp.com\/www.24baires.com\/wp-content\/uploads\/2013\/05\/senadobonaerense2-679x350.jpg?resize=350%2C200 1x, https:\/\/i0.wp.com\/www.24baires.com\/wp-content\/uploads\/2013\/05\/senadobonaerense2-679x350.jpg?resize=525%2C300 1.5x"},"classes":[]},{"id":17649,"url":"https:\/\/www.24baires.com\/?p=17649","url_meta":{"origin":27066,"position":5},"title":"El Defensor del Pueblo bonaerense denuncia amenazas de Cablevisi\u00f3n","author":"AF","date":"06\/03\/2013","format":false,"excerpt":"Carlos Bonicatto, el defensor del pueblo bonaerense, denunci\u00f3 que la empresa Cablevisi\u00f3n le envi\u00f3 una carta documento \"amenazante\", por su decisi\u00f3n de reclamar ante la Justicia que el cableoperador respete el precio fijado por la Secretar\u00eda de Comercio Interior. La C\u00e1mara Federal de Apelaciones de La Plata ratific\u00f3 la medida\u2026","rel":"","context":"En \u00abMedios\u00bb","block_context":{"text":"Medios","link":"https:\/\/www.24baires.com\/?cat=54"},"img":{"alt_text":"","src":"","width":0,"height":0},"classes":[]}],"jetpack_sharing_enabled":true,"jetpack_likes_enabled":true,"_links":{"self":[{"href":"https:\/\/www.24baires.com\/index.php?rest_route=\/wp\/v2\/posts\/27066","targetHints":{"allow":["GET"]}}],"collection":[{"href":"https:\/\/www.24baires.com\/index.php?rest_route=\/wp\/v2\/posts"}],"about":[{"href":"https:\/\/www.24baires.com\/index.php?rest_route=\/wp\/v2\/types\/post"}],"author":[{"embeddable":true,"href":"https:\/\/www.24baires.com\/index.php?rest_route=\/wp\/v2\/users\/4"}],"replies":[{"embeddable":true,"href":"https:\/\/www.24baires.com\/index.php?rest_route=%2Fwp%2Fv2%2Fcomments&post=27066"}],"version-history":[{"count":1,"href":"https:\/\/www.24baires.com\/index.php?rest_route=\/wp\/v2\/posts\/27066\/revisions"}],"predecessor-version":[{"id":27067,"href":"https:\/\/www.24baires.com\/index.php?rest_route=\/wp\/v2\/posts\/27066\/revisions\/27067"}],"wp:attachment":[{"href":"https:\/\/www.24baires.com\/index.php?rest_route=%2Fwp%2Fv2%2Fmedia&parent=27066"}],"wp:term":[{"taxonomy":"category","embeddable":true,"href":"https:\/\/www.24baires.com\/index.php?rest_route=%2Fwp%2Fv2%2Fcategories&post=27066"},{"taxonomy":"post_tag","embeddable":true,"href":"https:\/\/www.24baires.com\/index.php?rest_route=%2Fwp%2Fv2%2Ftags&post=27066"}],"curies":[{"name":"wp","href":"https:\/\/api.w.org\/{rel}","templated":true}]}}