{"id":2701,"date":"2012-10-20T12:13:52","date_gmt":"2012-10-20T15:13:52","guid":{"rendered":"http:\/\/www.24baires.com\/?p=2701"},"modified":"2012-10-21T11:13:39","modified_gmt":"2012-10-21T14:13:39","slug":"murio-anoche-sara-derotier-de-cobacho-ex-secretaria-de-derechos-humanos-provincial","status":"publish","type":"post","link":"https:\/\/www.24baires.com\/?p=2701","title":{"rendered":"Muri\u00f3 Sara Derotier de Cobacho, ex secretaria de Derechos Humanos provincial"},"content":{"rendered":"<p><img data-recalc-dims=\"1\" loading=\"lazy\" decoding=\"async\" class=\"alignleft size-medium wp-image-2702\" title=\"saraderotierdecobacho\" src=\"https:\/\/i0.wp.com\/www.24baires.com\/wp-content\/uploads\/2012\/10\/saraderotierdecobacho.jpg?resize=300%2C228\" alt=\"\" width=\"300\" height=\"228\" srcset=\"https:\/\/i0.wp.com\/www.24baires.com\/wp-content\/uploads\/2012\/10\/saraderotierdecobacho.jpg?resize=300%2C228&amp;ssl=1 300w, https:\/\/i0.wp.com\/www.24baires.com\/wp-content\/uploads\/2012\/10\/saraderotierdecobacho.jpg?w=362&amp;ssl=1 362w\" sizes=\"auto, (max-width: 300px) 100vw, 300px\" \/>La ex secretaria de Derechos Humanos de la provincia de Buenos Aires, falleci\u00f3 anoche a las 23.30 horas. Ten\u00eda 81 a\u00f1os. El pasado 10 de mayo Cobacho dej\u00f3 la Secretar\u00eda y pas\u00f3 a ocupar un lugar en el gobierno bonaerense, como parte de su consejo de asesores.<!--more--><\/p>\n<p>Sara Derotier de Cobacho falleci\u00f3 anoche a las 23.30 horas, a la edad de 81 a\u00f1os. Sus restos son velados en Avenida Argentina 1533 de la localidad bonaerense de Merlo.<\/p>\n<p>Madre de Plaza de Mayo, madre de dos desaparecidos por la \u00faltima dictadura militar, Cobacho fue senadora provincial y directora de Derechos Humanos en el municipio de Merlo.<\/p>\n<p>En el a\u00f1o 2007 asumi\u00f3 como Secretaria de Derechos Humanos de la provincia de Buenos Aires, despu\u00e9s de haber secundado a Eduardo Binstock durante varios meses.<\/p>\n<p>En 2011, el gobernador Daniel Scioli la ratific\u00f3 al frente de la Secretar\u00eda. El 10 de mayo de este a\u00f1o, Cobacho dej\u00f3 su cargo y fue reemplazada por Guido Carlotto.<\/p>\n<p>En ese momento, el mandatario provincial dijo que \u201cno queremos que abandone la lucha (Derotier de Cobacho) pero debe priorizar su salud; no deja el gobierno, lo \u00fanico que hace es cambiar de rol. Con su dura experiencia personal vamos a contar con sus valiosos consejos\u00bb. Y as\u00ed asumi\u00f3 como parte del consejo de asesores del Gobernador.<\/p>\n","protected":false},"excerpt":{"rendered":"<p>La ex secretaria de Derechos Humanos de la provincia de Buenos Aires, falleci\u00f3 anoche a las 23.30 horas. Ten\u00eda 81 a\u00f1os. El pasado 10 de mayo Cobacho dej\u00f3 la Secretar\u00eda y pas\u00f3 a ocupar un lugar en el gobierno bonaerense, como parte de su consejo de asesores.<\/p>\n","protected":false},"author":4,"featured_media":0,"comment_status":"open","ping_status":"open","sticky":false,"template":"","format":"standard","meta":{"_jetpack_newsletter_access":"","_jetpack_dont_email_post_to_subs":false,"_jetpack_newsletter_tier_id":0,"_jetpack_memberships_contains_paywalled_content":false,"_jetpack_memberships_contains_paid_content":false,"footnotes":""},"categories":[1],"tags":[],"class_list":["post-2701","post","type-post","status-publish","format-standard","hentry","category-sociedad"],"jetpack_featured_media_url":"","jetpack_shortlink":"https:\/\/wp.me\/p2JWE0-Hz","jetpack-related-posts":[{"id":3245,"url":"https:\/\/www.24baires.com\/?p=3245","url_meta":{"origin":2701,"position":0},"title":"Se\u00f1alizaron el Centro Clandestino de Detenci\u00f3n &#8216;Tiro Federal de Campana&#8217;","author":"AF","date":"25\/10\/2012","format":false,"excerpt":"El lugar donde funcion\u00f3 durante la \u00faltima dictadura el Centro Clandestino de Detenci\u00f3n (CCD) conocido como Tiro Federal de Campana, fue se\u00f1alizado hoy en el marco de una actividad en la que, adem\u00e1s, se inaugur\u00f3 un monumento que representa la Memoria, la Verdad y la Justicia. La actividad estuvo organizada\u2026","rel":"","context":"En \u00abMemoria\u00bb","block_context":{"text":"Memoria","link":"https:\/\/www.24baires.com\/?cat=50"},"img":{"alt_text":"","src":"https:\/\/i0.wp.com\/www.24baires.com\/wp-content\/uploads\/2012\/10\/Campana_desaparecidos_Santacruz_JCP_1_68038-300x264.jpg?resize=350%2C200","width":350,"height":200},"classes":[]},{"id":113316,"url":"https:\/\/www.24baires.com\/?p=113316","url_meta":{"origin":2701,"position":1},"title":"\u00abHay una situaci\u00f3n de emergencia en la provincia\u00bb","author":"AF","date":"09\/12\/2019","format":false,"excerpt":"El gobernador bonaerense electo, Axel Kicillof, confirm\u00f3 esta tarde su Gabinete, con Pablo L\u00f3pez como ministro de Hacienda y Sergio Berni al frente de la cartera de Seguridad. En tanto, Augusto Costa ser\u00e1 ministro de Producci\u00f3n, Ciencia e Innovaci\u00f3n Tecnol\u00f3gica; Julio Alak encabezar\u00e1 la cartera de Justicia y Derechos Humanos,\u2026","rel":"","context":"En \u00abProvincia\u00bb","block_context":{"text":"Provincia","link":"https:\/\/www.24baires.com\/?cat=40"},"img":{"alt_text":"","src":"https:\/\/i0.wp.com\/www.24baires.com\/wp-content\/uploads\/2014\/01\/axelkicillof.jpg?resize=350%2C200","width":350,"height":200,"srcset":"https:\/\/i0.wp.com\/www.24baires.com\/wp-content\/uploads\/2014\/01\/axelkicillof.jpg?resize=350%2C200 1x, https:\/\/i0.wp.com\/www.24baires.com\/wp-content\/uploads\/2014\/01\/axelkicillof.jpg?resize=525%2C300 1.5x"},"classes":[]},{"id":107709,"url":"https:\/\/www.24baires.com\/?p=107709","url_meta":{"origin":2701,"position":2},"title":"Organismos de Derechos Humanos pidieron la suspensi\u00f3n de Fern\u00e1ndez Garello","author":"GB","date":"17\/04\/2019","format":false,"excerpt":"Aseguraron que \"la Comisi\u00f3n Provincial por la Memoria hall\u00f3 nuevas evidencias de su participaci\u00f3n en casos vinculados al terrorismo de Estado\". El fiscal general de Mar del Plata fue procesado el \u00faltimo lunes Organismos de Derechos Humanos pidieron la suspensi\u00f3n de Fern\u00e1ndez Garello Luego del procesamiento ordenado contra el fiscal\u2026","rel":"","context":"En \u00abMemoria\u00bb","block_context":{"text":"Memoria","link":"https:\/\/www.24baires.com\/?cat=50"},"img":{"alt_text":"","src":"https:\/\/i0.wp.com\/www.24baires.com\/wp-content\/uploads\/2019\/04\/fernandez-garello.jpg?resize=350%2C200","width":350,"height":200,"srcset":"https:\/\/i0.wp.com\/www.24baires.com\/wp-content\/uploads\/2019\/04\/fernandez-garello.jpg?resize=350%2C200 1x, https:\/\/i0.wp.com\/www.24baires.com\/wp-content\/uploads\/2019\/04\/fernandez-garello.jpg?resize=525%2C300 1.5x"},"classes":[]},{"id":105480,"url":"https:\/\/www.24baires.com\/?p=105480","url_meta":{"origin":2701,"position":3},"title":"Identificaron al 103\u00b0 soldado argentino de Malvinas en el cementerio de Darwin","author":"GB","date":"16\/11\/2018","format":false,"excerpt":"Se trata de V\u00edctor Rodr\u00edguez, oriundo de Lomas de Zamora, provincia de Buenos Aires, que falleci\u00f3 el 10 de junio de 1982 en Monte Longdon. La Secretar\u00eda de Derechos Humanos y Pluralismo Cultural de la Naci\u00f3n informa una nueva identificaci\u00f3n positiva en el marco del Plan Proyecto Humanitario Malvinas. Hasta\u2026","rel":"","context":"En \u00abMemoria\u00bb","block_context":{"text":"Memoria","link":"https:\/\/www.24baires.com\/?cat=50"},"img":{"alt_text":"","src":"https:\/\/i0.wp.com\/www.24baires.com\/wp-content\/uploads\/2016\/12\/cementerio-malvinas.jpg?resize=350%2C200","width":350,"height":200,"srcset":"https:\/\/i0.wp.com\/www.24baires.com\/wp-content\/uploads\/2016\/12\/cementerio-malvinas.jpg?resize=350%2C200 1x, https:\/\/i0.wp.com\/www.24baires.com\/wp-content\/uploads\/2016\/12\/cementerio-malvinas.jpg?resize=525%2C300 1.5x"},"classes":[]},{"id":118739,"url":"https:\/\/www.24baires.com\/?p=118739","url_meta":{"origin":2701,"position":4},"title":"Provincia inaugur\u00f3 el primer centro para Migrantes y Refugiados","author":"GB","date":"12\/04\/2022","format":false,"excerpt":"El ministro Alak encabez\u00f3 la inauguraci\u00f3n del Centro de Integraci\u00f3n para Migrantes y Refugiados (CIMR), que funciona en la zona c\u00e9ntrica de la capital de la provincia. El ministro de Justicia y Derechos Humanos de la provincia de Buenos Aires, Julio Alak, encabez\u00f3 la inauguraci\u00f3n del Centro de Integraci\u00f3n para\u2026","rel":"","context":"En \u00abProvincia\u00bb","block_context":{"text":"Provincia","link":"https:\/\/www.24baires.com\/?cat=40"},"img":{"alt_text":"","src":"https:\/\/i0.wp.com\/www.24baires.com\/wp-content\/uploads\/2022\/04\/Alak.jpeg?resize=350%2C200","width":350,"height":200,"srcset":"https:\/\/i0.wp.com\/www.24baires.com\/wp-content\/uploads\/2022\/04\/Alak.jpeg?resize=350%2C200 1x, https:\/\/i0.wp.com\/www.24baires.com\/wp-content\/uploads\/2022\/04\/Alak.jpeg?resize=525%2C300 1.5x"},"classes":[]},{"id":26473,"url":"https:\/\/www.24baires.com\/?p=26473","url_meta":{"origin":2701,"position":5},"title":"Se\u00f1alizar\u00e1n el ex centro de detenci\u00f3n &#8216;Puerto Vasco&#8217; de Quilmes","author":"AF","date":"20\/06\/2013","format":false,"excerpt":"La Red Federal de Sitios de Memoria, organismo dependiente de la Secretar\u00eda de Derechos Humanos de la Naci\u00f3n, la Secretar\u00eda de Derechos Humanos de la Provincia de Buenos Aires, y la Direcci\u00f3n de Derechos Humanos de la Municipalidad de Quilmes, se\u00f1alizar\u00e1n el ex Centro Clandestino de Detenci\u00f3n que funcion\u00f3 durante\u2026","rel":"","context":"En \u00abMemoria\u00bb","block_context":{"text":"Memoria","link":"https:\/\/www.24baires.com\/?cat=50"},"img":{"alt_text":"","src":"","width":0,"height":0},"classes":[]}],"jetpack_sharing_enabled":true,"jetpack_likes_enabled":true,"_links":{"self":[{"href":"https:\/\/www.24baires.com\/index.php?rest_route=\/wp\/v2\/posts\/2701","targetHints":{"allow":["GET"]}}],"collection":[{"href":"https:\/\/www.24baires.com\/index.php?rest_route=\/wp\/v2\/posts"}],"about":[{"href":"https:\/\/www.24baires.com\/index.php?rest_route=\/wp\/v2\/types\/post"}],"author":[{"embeddable":true,"href":"https:\/\/www.24baires.com\/index.php?rest_route=\/wp\/v2\/users\/4"}],"replies":[{"embeddable":true,"href":"https:\/\/www.24baires.com\/index.php?rest_route=%2Fwp%2Fv2%2Fcomments&post=2701"}],"version-history":[{"count":0,"href":"https:\/\/www.24baires.com\/index.php?rest_route=\/wp\/v2\/posts\/2701\/revisions"}],"wp:attachment":[{"href":"https:\/\/www.24baires.com\/index.php?rest_route=%2Fwp%2Fv2%2Fmedia&parent=2701"}],"wp:term":[{"taxonomy":"category","embeddable":true,"href":"https:\/\/www.24baires.com\/index.php?rest_route=%2Fwp%2Fv2%2Fcategories&post=2701"},{"taxonomy":"post_tag","embeddable":true,"href":"https:\/\/www.24baires.com\/index.php?rest_route=%2Fwp%2Fv2%2Ftags&post=2701"}],"curies":[{"name":"wp","href":"https:\/\/api.w.org\/{rel}","templated":true}]}}