{"id":26753,"date":"2013-06-24T11:00:14","date_gmt":"2013-06-24T14:00:14","guid":{"rendered":"http:\/\/www.24baires.com\/?p=26753"},"modified":"2013-06-24T11:16:32","modified_gmt":"2013-06-24T14:16:32","slug":"pediran-libros-e-inventarios-en-el-marco-de-la-causa-por-la-expropiacion-de-papel-prensa","status":"publish","type":"post","link":"https:\/\/www.24baires.com\/?p=26753","title":{"rendered":"Pedir\u00e1n libros e inventarios en el marco de la causa por la expropiaci\u00f3n de Papel Prensa"},"content":{"rendered":"<p><img data-recalc-dims=\"1\" loading=\"lazy\" decoding=\"async\" class=\"alignleft size-medium wp-image-26754\" alt=\"papel prensa\" src=\"https:\/\/i0.wp.com\/www.24baires.com\/wp-content\/uploads\/2013\/06\/papel-prensa.jpg?resize=300%2C224\" width=\"300\" height=\"224\" srcset=\"https:\/\/i0.wp.com\/www.24baires.com\/wp-content\/uploads\/2013\/06\/papel-prensa.jpg?resize=300%2C224&amp;ssl=1 300w, https:\/\/i0.wp.com\/www.24baires.com\/wp-content\/uploads\/2013\/06\/papel-prensa.jpg?w=507&amp;ssl=1 507w\" sizes=\"auto, (max-width: 300px) 100vw, 300px\" \/>Tras la declaraci\u00f3n que la semana pasada brind\u00f3 Lidia Papaleo, la Justicia pedir\u00e1 libros e inventarios de la empresa, antes de ordenar un estudio t\u00e9cnico, en la causa que investiga si hubo delitos de lesa humanidad en el traspaso accionario.<!--more--><\/p>\n<p>La Justicia pedir\u00e1 libros e inventarios de la empresa Papel Prensa, antes de ordenar un estudio t\u00e9cnico a peritos del Tribunal de tasadores de la Naci\u00f3n y del Poder Judicial, tras la declaraci\u00f3n que la semana pasada brind\u00f3 como testigo Lidia Papaleo, en la causa que investiga si hubo delitos de lesa humanidad en el traspaso accionario en la \u00faltima dictadura c\u00edvico militar.<\/p>\n<p>El juez federal Juli\u00e1n Ercolini avanzar\u00e1 con este estudio para determinar si las acciones de la empresa se cedieron a \u00abprecio vil\u00bb en noviembre de 1976, luego de que Papaleo declarara que acept\u00f3 vender la empresa por \u00ablas presiones sufridas\u00bb tras la muerte de su marido David Graiver en un accidente de avi\u00f3n.<\/p>\n<p>\u00abLas presiones sufridas desde la muerte de David hacen claro el por qu\u00e9 de la aceptaci\u00f3n de la venta\u00bb de las acciones de Papel Prensa, firmada por Papaleo el 2 de noviembre de 1976 a favor de la empresa \u00abFAPEL\u00bb para que finalmente quedasen en manos de los diarios Clar\u00edn, La Naci\u00f3n y La Prensa, seg\u00fan declar\u00f3 Papaleo, quien es querellante en la causa.<\/p>\n<p>Ante el juez, el 13 de junio pasado, la viuda de Graiver relat\u00f3 que volvi\u00f3 a la Argentina desde M\u00e9xico el 16 de septiembre de 1976, tras enviudar y con su peque\u00f1a hija, y entonces le trasmitieron que \u00abdeb\u00edan vender todo porque estaban mal vistos por las fuerzas\u00bb.<\/p>\n<p>En total se desprendieron de 35 empresas, entre ellas Papel Prensa. \u00abUn tal Manrique le dice a Isidoro (Graiver, hermano del fallecido empresario) que Papel Prensa se debe vender a los diarios\u00bb, y adem\u00e1s Papaleo relat\u00f3 que el entonces presidente de la empresa, de apellido Mart\u00ednez Segovia, la invit\u00f3 a tomar algo fuera de la oficina y le dijo que \u00abten\u00eda que vender Papel Prensa a los diarios y que la orden que ten\u00eda era que hab\u00eda que vender los bienes a gente que fuera argentina y que no fueran jud\u00edos\u00bb.<\/p>\n<p>Seg\u00fan la declaraci\u00f3n de Papaleo, a la que accedi\u00f3 T\u00e9lam, el fiscal federal Eduardo Taiano que entiende en la causa le pregunt\u00f3 de qui\u00e9n proced\u00eda la orden de vender y ella respondi\u00f3: Mart\u00ednez Segovia \u00abme dijo que la orden ven\u00eda del Ministerio de Econom\u00eda, de Mart\u00ednez de Hoz\u00bb.<\/p>\n<p>Papaleo refiri\u00f3 que conoci\u00f3 al CEO de Clar\u00edn H\u00e9ctor Magnetto el d\u00eda de la firma de la venta de las acciones en la sede del diario La Naci\u00f3n, al igual que a Bartolom\u00e9 Mitre, mientras que nunca vio ni conoce a la directora de Clar\u00edn, Ernestina Herrera de Noble, todos imputados en la causa.<\/p>\n<p>Tambi\u00e9n record\u00f3 las amenazas que sufri\u00f3 antes de volver al pa\u00eds por parte de gente que dec\u00eda ser de Montoneros y le reclamaba el dinero cobrado por el rescate del secuestro de los hermanos Born, que dec\u00edan hab\u00edan entregado a Graiver para que administrase.<\/p>\n<p>Y agreg\u00f3 que estando secuestrada, luego de la venta de Papel Prensa, mientras era torturada para que firmase declaciones que incriminaran a distintas personas y a su marido, se le corri\u00f3 la venda y vio en la sala de torturas a alguien a quien conoc\u00eda de apellido \u00abPaz\u00bb, quien le hab\u00eda reclamado dinero de Montoneros en varias ocasiones.<\/p>\n<p>En la causa se investigan presuntas \u00abmaniobras y acciones extorsivas dirigidas por funcionarios del \u00faltimo gobierno de facto y de personas vinculadas a la sociedad civil contra los integrantes del grupo Graiver con el fin de desapoderarlos de la participaci\u00f3n accionaria que detentaran en la sociedad Papel Prensa\u00bb seg\u00fan lo que se le ley\u00f3 a Papaleo al inicio de su declaraci\u00f3n.<\/p>\n<p>Las maniobras para beneficiar \u00abileg\u00edtimamente a quienes resultaron cesionarias\u00bb de las acciones habr\u00edan tenido lugar a fines de 1976 vinculadas a la privaci\u00f3n ilegal de la libertad y tormentos sufridos por integrantes de la familia.<\/p>\n<p>Las querellas de la causa sostienen que s\u00f3lo se pagaron siete mil d\u00f3lares del precio total de un mill\u00f3n.<\/p>\n<p>En la audiencia se le mostr\u00f3 a Papaleo la fotocopia de un recibo simple de FAPEL con la que ser\u00eda su firma y donde dec\u00eda haber cobrado el 25 de enero de 1977 la suma de 149 mil d\u00f3lares.<\/p>\n<p>La testigo dijo no recordarlo y no poder \u00abasegurar\u00bb si era o no su firma la que figuraba.<\/p>\n<p>Sobre su secuestro y el de su suegro, Papaleo record\u00f3 que la torturaban para que atribuyera delitos a Graiver y otras personas vinculados a movimientos de dinero y que cuando esto ocurri\u00f3 \u00abya estaba casi todo vendido\u00bb, incluido Papel Prensa, empresa sobre la cual no le preguntaron los secuestradores, dijo.<\/p>\n<p>Papaleo record\u00f3 que le \u00abdec\u00edan que las tres fuerzas\u00bb quer\u00edan que se venda, que el socio de Graiver luego desaparecido, Jorge Rubinstein, se opon\u00eda porque quer\u00eda seguir con las empresas y que ella e Isidoro Graiver se mostraban a favor de las ventas.<\/p>\n<p>\u00abTodo se vendi\u00f3 a precios irrisorios\u00bb, dijo al declarar y en el caso de Papel Prensa \u00abse hab\u00eda acordado un precio que no se pod\u00eda modificar, hab\u00eda que aceptarlo\u00bb.<\/p>\n<p>A la audencia concurrieron los abogados Hugo Wortman Jofre, defensor de Magnetto; Alejandro P\u00e9rez Chada, por su cliente Bartolom\u00e9 Mitre, el letrado Pablo Jacoby por Ernestina Herrera de Noble y el patrocinante de Papaleo, H\u00e9ctor Rodriguez.<\/p>\n<p>Tambi\u00e9n estuvo presente Luis Al\u00e9n por la Secretar\u00eda de Derechos Humanos de la Naci\u00f3n y el fiscal Taiano.<\/p>\n<p>&nbsp;<\/p>\n<p>&nbsp;<\/p>\n<p>&nbsp;<\/p>\n<p>&nbsp;<\/p>\n<p>&nbsp;<\/p>\n<p>&nbsp;<\/p>\n<p>&nbsp;<\/p>\n<p>&nbsp;<\/p>\n<p>&nbsp;<\/p>\n<p>&nbsp;<\/p>\n<p>&nbsp;<\/p>\n<p>&nbsp;<\/p>\n<p>&nbsp;<\/p>\n<p>&nbsp;<\/p>\n<p>&nbsp;<\/p>\n<p>&nbsp;<\/p>\n","protected":false},"excerpt":{"rendered":"<p>Tras la declaraci\u00f3n que la semana pasada brind\u00f3 Lidia Papaleo, la Justicia pedir\u00e1 libros e inventarios de la empresa, antes de ordenar un estudio t\u00e9cnico, en la causa que investiga si hubo delitos de lesa humanidad en el traspaso accionario.<\/p>\n","protected":false},"author":4,"featured_media":0,"comment_status":"open","ping_status":"open","sticky":false,"template":"","format":"standard","meta":{"_jetpack_newsletter_access":"","_jetpack_dont_email_post_to_subs":false,"_jetpack_newsletter_tier_id":0,"_jetpack_memberships_contains_paywalled_content":false,"_jetpack_memberships_contains_paid_content":false,"footnotes":""},"categories":[54,50],"tags":[],"class_list":["post-26753","post","type-post","status-publish","format-standard","hentry","category-medios","category-memoria"],"jetpack_featured_media_url":"","jetpack_shortlink":"https:\/\/wp.me\/p2JWE0-6Xv","jetpack-related-posts":[{"id":26561,"url":"https:\/\/www.24baires.com\/?p=26561","url_meta":{"origin":26753,"position":0},"title":"Papaleo sobre Papel Prensa: \u00abNo hay dudas de que se trata de un crimen de lesa humanidad\u00bb","author":"AF","date":"21\/06\/2013","format":false,"excerpt":"Lidia Papaleo de Graiver, asegur\u00f3 que \"es emp\u00edrica y jur\u00eddicamente comprobable\" que \"se violaron los Derechos Humanos\" en la venta de las acciones de la empresa a los diarios Clar\u00edn, La Naci\u00f3n y La Raz\u00f3n durante la dictadura c\u00edvico militar. As\u00ed lo remarc\u00f3 Papaleo en una entrevista que publica hoy\u2026","rel":"","context":"En \u00abMedios\u00bb","block_context":{"text":"Medios","link":"https:\/\/www.24baires.com\/?cat=54"},"img":{"alt_text":"lidia papaleo","src":"https:\/\/i0.wp.com\/www.24baires.com\/wp-content\/uploads\/2013\/06\/lidia-papaleo.jpg?resize=350%2C200","width":350,"height":200,"srcset":"https:\/\/i0.wp.com\/www.24baires.com\/wp-content\/uploads\/2013\/06\/lidia-papaleo.jpg?resize=350%2C200 1x, https:\/\/i0.wp.com\/www.24baires.com\/wp-content\/uploads\/2013\/06\/lidia-papaleo.jpg?resize=525%2C300 1.5x"},"classes":[]},{"id":25867,"url":"https:\/\/www.24baires.com\/?p=25867","url_meta":{"origin":26753,"position":1},"title":"Lidia Papaleo tras declarar en la causa Papel Prensa: \u00abMagnetto va a terminar preso\u00bb","author":"Grupo Sierra","date":"13\/06\/2013","format":false,"excerpt":"La viuda del banquero David Graiver, Lidia Papaleo, afirm\u00f3 que la investigaci\u00f3n penal por la venta de la empresa Papel Prensa durante la \u00faltima dictadura \"va a terminar bien, con el se\u00f1or (H\u00e9ctor) Magnetto preso\". As\u00ed lo expres\u00f3 luego de declarar por espacio de casi seis horas como testigo de\u2026","rel":"","context":"En \u00abPol\u00edtica\u00bb","block_context":{"text":"Pol\u00edtica","link":"https:\/\/www.24baires.com\/?cat=51"},"img":{"alt_text":"","src":"","width":0,"height":0},"classes":[]},{"id":25381,"url":"https:\/\/www.24baires.com\/?p=25381","url_meta":{"origin":26753,"position":2},"title":"Lidia Papaleo declarar\u00e1 en la causa por la apropiaci\u00f3n de Papel Prensa","author":"AF","date":"08\/06\/2013","format":false,"excerpt":"La viuda del ex banquero David Graiver declarar\u00e1 el pr\u00f3ximo jueves 13 de junio en la causa en la que se investiga la apropiaci\u00f3n ilegal de Papel Prensa durante la \u00falima dictadura c\u00edvico militar. As\u00ed lo confirm\u00f3 Osvaldo Papaleo, quien tambi\u00e9n estim\u00f3 que recibir\u00e1 en los pr\u00f3ximos d\u00edas la citaci\u00f3n\u2026","rel":"","context":"En \u00abMemoria\u00bb","block_context":{"text":"Memoria","link":"https:\/\/www.24baires.com\/?cat=50"},"img":{"alt_text":"lidia y osvaldo papaleo","src":"https:\/\/i0.wp.com\/www.24baires.com\/wp-content\/uploads\/2013\/06\/lidia-y-osvaldo-papaleo.jpg?resize=350%2C200","width":350,"height":200,"srcset":"https:\/\/i0.wp.com\/www.24baires.com\/wp-content\/uploads\/2013\/06\/lidia-y-osvaldo-papaleo.jpg?resize=350%2C200 1x, https:\/\/i0.wp.com\/www.24baires.com\/wp-content\/uploads\/2013\/06\/lidia-y-osvaldo-papaleo.jpg?resize=525%2C300 1.5x"},"classes":[]},{"id":94746,"url":"https:\/\/www.24baires.com\/?p=94746","url_meta":{"origin":26753,"position":3},"title":"Papel Prensa: la justicia confirm\u00f3 el sobreseimiento de Magnetto","author":"GB","date":"24\/05\/2017","format":false,"excerpt":"Adem\u00e1s del CEO del Grupo Clar\u00edn, fueron beneficiados Ernestina Herrera de Noble y el due\u00f1o del diario La Naci\u00f3n, Bartolom\u00e9 Mitre. Para los jueces Ballestero y Bruglia la venta de la empresa no estuvo involucrada con delitos de lesa humanidad. La Sala I de la C\u00e1mara Federal confirm\u00f3 el sobreseimiento\u2026","rel":"","context":"En \u00abMedios\u00bb","block_context":{"text":"Medios","link":"https:\/\/www.24baires.com\/?cat=54"},"img":{"alt_text":"","src":"https:\/\/i0.wp.com\/www.24baires.com\/wp-content\/uploads\/2013\/12\/magnetto-y-colorado.jpg?resize=350%2C200","width":350,"height":200,"srcset":"https:\/\/i0.wp.com\/www.24baires.com\/wp-content\/uploads\/2013\/12\/magnetto-y-colorado.jpg?resize=350%2C200 1x, https:\/\/i0.wp.com\/www.24baires.com\/wp-content\/uploads\/2013\/12\/magnetto-y-colorado.jpg?resize=525%2C300 1.5x"},"classes":[]},{"id":25720,"url":"https:\/\/www.24baires.com\/?p=25720","url_meta":{"origin":26753,"position":4},"title":"\u00abHay que investigar c\u00f3mo se lleg\u00f3 al despojo de Papel Prensa\u00bb","author":"AF","date":"12\/06\/2013","format":false,"excerpt":"Lidia Papaleo, la principal testigo en la causa en la que se investiga la apropiaci\u00f3n ilegal de la empresa durante la dictadura, se\u00f1al\u00f3 la necesidad de que la Justicia \"se deje de preocupar por el precio\" de venta e investigue \"c\u00f3mo se lleg\u00f3 al despojo\". \"Espero que el juez se\u2026","rel":"","context":"En \u00abMemoria\u00bb","block_context":{"text":"Memoria","link":"https:\/\/www.24baires.com\/?cat=50"},"img":{"alt_text":"lidia papaleo","src":"https:\/\/i0.wp.com\/www.24baires.com\/wp-content\/uploads\/2013\/06\/lidia-papaleo.jpg?resize=350%2C200","width":350,"height":200,"srcset":"https:\/\/i0.wp.com\/www.24baires.com\/wp-content\/uploads\/2013\/06\/lidia-papaleo.jpg?resize=350%2C200 1x, https:\/\/i0.wp.com\/www.24baires.com\/wp-content\/uploads\/2013\/06\/lidia-papaleo.jpg?resize=525%2C300 1.5x"},"classes":[]},{"id":26139,"url":"https:\/\/www.24baires.com\/?p=26139","url_meta":{"origin":26753,"position":5},"title":"\u00abSi declara Magnetto se comprobar\u00e1 que hubo delito de lesa humanidad\u00bb","author":"Grupo Sierra","date":"16\/06\/2013","format":false,"excerpt":"Lidia Papaleo asegur\u00f3 hoy que si el juez federal Juli\u00e1n Ercolini llama a declarar a H\u00e9ctor Magnetto, Bartolom\u00e9 Mitre y Ernestina Herrera de Noble por la causa en que se investiga la apropiaci\u00f3n de Papel Prensa durante la \u00faltima dictadura c\u00edvico militar comprobar\u00e1 que hubo \u201cun delito de lesa humanidad\u2026","rel":"","context":"En \u00abJUDICIALES\u00bb","block_context":{"text":"JUDICIALES","link":"https:\/\/www.24baires.com\/?cat=68"},"img":{"alt_text":"lidia papaleo","src":"https:\/\/i0.wp.com\/www.24baires.com\/wp-content\/uploads\/2013\/06\/lidia-papaleo.jpg?resize=350%2C200","width":350,"height":200,"srcset":"https:\/\/i0.wp.com\/www.24baires.com\/wp-content\/uploads\/2013\/06\/lidia-papaleo.jpg?resize=350%2C200 1x, https:\/\/i0.wp.com\/www.24baires.com\/wp-content\/uploads\/2013\/06\/lidia-papaleo.jpg?resize=525%2C300 1.5x"},"classes":[]}],"jetpack_sharing_enabled":true,"jetpack_likes_enabled":true,"_links":{"self":[{"href":"https:\/\/www.24baires.com\/index.php?rest_route=\/wp\/v2\/posts\/26753","targetHints":{"allow":["GET"]}}],"collection":[{"href":"https:\/\/www.24baires.com\/index.php?rest_route=\/wp\/v2\/posts"}],"about":[{"href":"https:\/\/www.24baires.com\/index.php?rest_route=\/wp\/v2\/types\/post"}],"author":[{"embeddable":true,"href":"https:\/\/www.24baires.com\/index.php?rest_route=\/wp\/v2\/users\/4"}],"replies":[{"embeddable":true,"href":"https:\/\/www.24baires.com\/index.php?rest_route=%2Fwp%2Fv2%2Fcomments&post=26753"}],"version-history":[{"count":1,"href":"https:\/\/www.24baires.com\/index.php?rest_route=\/wp\/v2\/posts\/26753\/revisions"}],"predecessor-version":[{"id":26755,"href":"https:\/\/www.24baires.com\/index.php?rest_route=\/wp\/v2\/posts\/26753\/revisions\/26755"}],"wp:attachment":[{"href":"https:\/\/www.24baires.com\/index.php?rest_route=%2Fwp%2Fv2%2Fmedia&parent=26753"}],"wp:term":[{"taxonomy":"category","embeddable":true,"href":"https:\/\/www.24baires.com\/index.php?rest_route=%2Fwp%2Fv2%2Fcategories&post=26753"},{"taxonomy":"post_tag","embeddable":true,"href":"https:\/\/www.24baires.com\/index.php?rest_route=%2Fwp%2Fv2%2Ftags&post=26753"}],"curies":[{"name":"wp","href":"https:\/\/api.w.org\/{rel}","templated":true}]}}