{"id":2673,"date":"2012-10-20T14:17:27","date_gmt":"2012-10-20T17:17:27","guid":{"rendered":"http:\/\/www.24baires.com\/?p=2673"},"modified":"2012-10-20T14:17:27","modified_gmt":"2012-10-20T17:17:27","slug":"a-dos-anos-del-crimen-de-mariano-ferreyra-agrupaciones-marchan-a-plaza-de-mayo","status":"publish","type":"post","link":"https:\/\/www.24baires.com\/?p=2673","title":{"rendered":"A dos a\u00f1os del crimen de Mariano Ferreyra, agrupaciones marchan a Plaza de Mayo"},"content":{"rendered":"<p>Agrupaciones pol\u00edticas, gremiales y sociales marchan esta tarde de la Plaza de los Dos Congresos hasta Plaza de Mayo con motivo del segundo aniversario del asesinato del militante del Partido Obrero.<!--more-->\u00abConvocamos a movilizarnos para reclamar justicia por Mariano, perpetua a Pedraza y el desmantelamiento de las patotas sindicales y empresariales\u00bb, afirman a trav\u00e9s de un comunicado.<\/p>\n<p>La marcha partir\u00e1 a las 15 desde el Congreso hasta la Plaza de Mayo. Adem\u00e1s, convocan a movilizaciones \u00aben todas las plazas y los centros pol\u00edticos\u00bb del interior del pa\u00eds.<\/p>\n<p>Los firmantes son el PO, Nuevo Mas, PSTU, PTS, MST, PCR, Libres del Sur, Liga Socialista, FUBA, FULP, Barrios de Pie, Asociaci\u00f3n Ex Detenidos Desaparecidos, Centro de Abogados por los Derechos Humanos, Agrupaci\u00f3n por el Esclarecimiento de la Masacre Impune de la AMIA (APEMIA), y diversos centros de estudiantes y entidades gremiales.<\/p>\n","protected":false},"excerpt":{"rendered":"<p>Agrupaciones pol\u00edticas, gremiales y sociales marchan esta tarde de la Plaza de los Dos Congresos hasta Plaza de Mayo con motivo del segundo aniversario del asesinato del militante del Partido Obrero.<\/p>\n","protected":false},"author":4,"featured_media":0,"comment_status":"open","ping_status":"open","sticky":false,"template":"","format":"standard","meta":{"_jetpack_newsletter_access":"","_jetpack_dont_email_post_to_subs":false,"_jetpack_newsletter_tier_id":0,"_jetpack_memberships_contains_paywalled_content":false,"_jetpack_memberships_contains_paid_content":false,"footnotes":""},"categories":[1],"tags":[],"class_list":["post-2673","post","type-post","status-publish","format-standard","hentry","category-sociedad"],"jetpack_featured_media_url":"","jetpack_shortlink":"https:\/\/wp.me\/p2JWE0-H7","jetpack-related-posts":[{"id":107509,"url":"https:\/\/www.24baires.com\/?p=107509","url_meta":{"origin":2673,"position":0},"title":"Sin huelga, las principales centrales de trabajadores se movilizar\u00e1n este jueves","author":"AF","date":"03\/04\/2019","format":false,"excerpt":"La CGT, el Frente Sindical, las CTA y los movimientos sociales se manifestar\u00e1n en rechazo a las pol\u00edticas del gobierno de Mauricio Macri. \"Tenemos las mejores expectativas para la movilizaci\u00f3n, que creo ser\u00e1 important\u00edsima y va a poner el acento en la discusi\u00f3n de un modelo de pa\u00eds distinto al\u2026","rel":"","context":"En \u00abSociedad\u00bb","block_context":{"text":"Sociedad","link":"https:\/\/www.24baires.com\/?cat=1"},"img":{"alt_text":"","src":"https:\/\/i0.wp.com\/www.24baires.com\/wp-content\/uploads\/2019\/04\/cgt.jpg?resize=350%2C200","width":350,"height":200,"srcset":"https:\/\/i0.wp.com\/www.24baires.com\/wp-content\/uploads\/2019\/04\/cgt.jpg?resize=350%2C200 1x, https:\/\/i0.wp.com\/www.24baires.com\/wp-content\/uploads\/2019\/04\/cgt.jpg?resize=525%2C300 1.5x"},"classes":[]},{"id":90264,"url":"https:\/\/www.24baires.com\/?p=90264","url_meta":{"origin":2673,"position":1},"title":"Marchas y acto en Plaza de Mayo contra la violencia de g\u00e9nero","author":"GB","date":"25\/11\/2016","format":false,"excerpt":"En el marco del D\u00eda Internacional de la Eliminaci\u00f3n de la Violencia contra la Mujer, agrupaciones, sindicatos y centros de estudiantes de movilizan desde la ma\u00f1ana. Agrupaciones, sindicatos, centros de estudiantes y organizaciones sociales y pol\u00edticas se movilizan en el marco del D\u00eda Internacional de la Eliminaci\u00f3n de la Violencia\u2026","rel":"","context":"En \u00abPol\u00edtica\u00bb","block_context":{"text":"Pol\u00edtica","link":"https:\/\/www.24baires.com\/?cat=51"},"img":{"alt_text":"niunamenos mdp","src":"https:\/\/i0.wp.com\/www.24baires.com\/wp-content\/uploads\/2015\/06\/niunamenos-mdp.png?resize=350%2C200","width":350,"height":200,"srcset":"https:\/\/i0.wp.com\/www.24baires.com\/wp-content\/uploads\/2015\/06\/niunamenos-mdp.png?resize=350%2C200 1x, https:\/\/i0.wp.com\/www.24baires.com\/wp-content\/uploads\/2015\/06\/niunamenos-mdp.png?resize=525%2C300 1.5x"},"classes":[]},{"id":99262,"url":"https:\/\/www.24baires.com\/?p=99262","url_meta":{"origin":2673,"position":2},"title":"Convocan a una marcha a las 18 para exigir el Estado de Derecho","author":"GB","date":"07\/12\/2017","format":false,"excerpt":"Es en defensa del Estado de Derecho, sin banderas pol\u00edticas. Sucede luego de la detenci\u00f3n de varios ex funcionarios acusados de Traici\u00f3n a la Patria por la denuncia de Nisman. Movimientos sociales, organismos de Derechos Humanos y todas las agrupaciones que concentran al kirchnerismo convocaron a una movilizaci\u00f3n a la\u2026","rel":"","context":"En \u00abPol\u00edtica\u00bb","block_context":{"text":"Pol\u00edtica","link":"https:\/\/www.24baires.com\/?cat=51"},"img":{"alt_text":"","src":"https:\/\/i0.wp.com\/www.24baires.com\/wp-content\/uploads\/2017\/05\/masiva-marcha.jpg?resize=350%2C200","width":350,"height":200,"srcset":"https:\/\/i0.wp.com\/www.24baires.com\/wp-content\/uploads\/2017\/05\/masiva-marcha.jpg?resize=350%2C200 1x, https:\/\/i0.wp.com\/www.24baires.com\/wp-content\/uploads\/2017\/05\/masiva-marcha.jpg?resize=525%2C300 1.5x"},"classes":[]},{"id":107348,"url":"https:\/\/www.24baires.com\/?p=107348","url_meta":{"origin":2673,"position":3},"title":"En el D\u00eda de la Memoria, miles de personas se movilizar\u00e1n en todo el pa\u00eds","author":"AF","date":"24\/03\/2019","format":false,"excerpt":"A 43 a\u00f1os del golpe de Estado que diera inicio a la m\u00e1s cruenta y atroz dictadura de la historia argentinas, se renuevan los reclamos de Justicia. Una vez m\u00e1s, este 24 de Marzo indica que es el D\u00eda Nacional de la Memoria por la Verdad y la Justicia, en\u2026","rel":"","context":"En \u00abSociedad\u00bb","block_context":{"text":"Sociedad","link":"https:\/\/www.24baires.com\/?cat=1"},"img":{"alt_text":"","src":"https:\/\/i0.wp.com\/www.24baires.com\/wp-content\/uploads\/2017\/03\/24-de-marzo.jpg?resize=350%2C200","width":350,"height":200,"srcset":"https:\/\/i0.wp.com\/www.24baires.com\/wp-content\/uploads\/2017\/03\/24-de-marzo.jpg?resize=350%2C200 1x, https:\/\/i0.wp.com\/www.24baires.com\/wp-content\/uploads\/2017\/03\/24-de-marzo.jpg?resize=525%2C300 1.5x"},"classes":[]},{"id":100649,"url":"https:\/\/www.24baires.com\/?p=100649","url_meta":{"origin":2673,"position":4},"title":"Hugo Moyano marcha contra el Gobierno","author":"GB","date":"21\/02\/2018","format":false,"excerpt":"En medio de su pelea con el Gobierno, el sindicato de Camioneros que lidera Hugo Moyano encabezar\u00e1 una movilizaci\u00f3n en el Centro de la Ciudad que contar\u00e1 con la participaci\u00f3n de las dos CTA, la Corriente Federal de Trabajadores, movimientos sociales, agrupaciones kirchneristas y partidos de izquierda. La manifestaci\u00f3n fue\u2026","rel":"","context":"En \u00abPol\u00edtica\u00bb","block_context":{"text":"Pol\u00edtica","link":"https:\/\/www.24baires.com\/?cat=51"},"img":{"alt_text":"","src":"https:\/\/i0.wp.com\/www.24baires.com\/wp-content\/uploads\/2018\/02\/moyano.jpg?resize=350%2C200","width":350,"height":200,"srcset":"https:\/\/i0.wp.com\/www.24baires.com\/wp-content\/uploads\/2018\/02\/moyano.jpg?resize=350%2C200 1x, https:\/\/i0.wp.com\/www.24baires.com\/wp-content\/uploads\/2018\/02\/moyano.jpg?resize=525%2C300 1.5x"},"classes":[]},{"id":107517,"url":"https:\/\/www.24baires.com\/?p=107517","url_meta":{"origin":2673,"position":5},"title":"D\u00eda de cortes y movilizaciones a la espera de un paro nacional","author":"GB","date":"04\/04\/2019","format":false,"excerpt":"Diversos gremios nucleados en la CGT, organizaciones populares y las dos CTA se movilizar\u00e1n en las calles de todo el pa\u00eds para apurar a la c\u00fapula de la dirigencia gremial a que se convoque un plan de lucha que incluya una jornada de paro total a nivel nacional. Mir\u00e1 como\u2026","rel":"","context":"En \u00abPol\u00edtica\u00bb","block_context":{"text":"Pol\u00edtica","link":"https:\/\/www.24baires.com\/?cat=51"},"img":{"alt_text":"","src":"https:\/\/i0.wp.com\/www.24baires.com\/wp-content\/uploads\/2019\/04\/movilizacion.jpg?resize=350%2C200","width":350,"height":200,"srcset":"https:\/\/i0.wp.com\/www.24baires.com\/wp-content\/uploads\/2019\/04\/movilizacion.jpg?resize=350%2C200 1x, https:\/\/i0.wp.com\/www.24baires.com\/wp-content\/uploads\/2019\/04\/movilizacion.jpg?resize=525%2C300 1.5x"},"classes":[]}],"jetpack_sharing_enabled":true,"jetpack_likes_enabled":true,"_links":{"self":[{"href":"https:\/\/www.24baires.com\/index.php?rest_route=\/wp\/v2\/posts\/2673","targetHints":{"allow":["GET"]}}],"collection":[{"href":"https:\/\/www.24baires.com\/index.php?rest_route=\/wp\/v2\/posts"}],"about":[{"href":"https:\/\/www.24baires.com\/index.php?rest_route=\/wp\/v2\/types\/post"}],"author":[{"embeddable":true,"href":"https:\/\/www.24baires.com\/index.php?rest_route=\/wp\/v2\/users\/4"}],"replies":[{"embeddable":true,"href":"https:\/\/www.24baires.com\/index.php?rest_route=%2Fwp%2Fv2%2Fcomments&post=2673"}],"version-history":[{"count":0,"href":"https:\/\/www.24baires.com\/index.php?rest_route=\/wp\/v2\/posts\/2673\/revisions"}],"wp:attachment":[{"href":"https:\/\/www.24baires.com\/index.php?rest_route=%2Fwp%2Fv2%2Fmedia&parent=2673"}],"wp:term":[{"taxonomy":"category","embeddable":true,"href":"https:\/\/www.24baires.com\/index.php?rest_route=%2Fwp%2Fv2%2Fcategories&post=2673"},{"taxonomy":"post_tag","embeddable":true,"href":"https:\/\/www.24baires.com\/index.php?rest_route=%2Fwp%2Fv2%2Ftags&post=2673"}],"curies":[{"name":"wp","href":"https:\/\/api.w.org\/{rel}","templated":true}]}}