{"id":26690,"date":"2013-06-23T15:50:26","date_gmt":"2013-06-23T18:50:26","guid":{"rendered":"http:\/\/www.24baires.com\/?p=26690"},"modified":"2013-06-23T14:35:47","modified_gmt":"2013-06-23T17:35:47","slug":"clarin-y-su-mafia-mediatica-sin-una-lista-de-unidad-contra-el-kirchnerismo","status":"publish","type":"post","link":"https:\/\/www.24baires.com\/?p=26690","title":{"rendered":"Clar\u00edn y su mafia medi\u00e1tica sin una lista de unidad contra el kirchnerismo"},"content":{"rendered":"<p>Hab\u00edan apostado y dirigido todas sus operaciones a un acuerdo entre Scioli, Massa y De Narv\u00e1ez como alternativa viable al oficialismo, pero no lograron conciliar las profundas diferencias de sus favoritos. Ante el fracaso, la maquinaria medi\u00e1tica sale a potenciar la figura del intendente de Tigre y lo muestra como un cruzado antikirchnerista.<!--more--><\/p>\n<p>Las corporaciones medi\u00e1ticas ven\u00edan dando se\u00f1ales de que buscaban un candidato proveniente del oficialismo que pudiera poner en entredicho la hegemon\u00eda pol\u00edtica del gobierno de Cristina Fern\u00e1ndez, al que la prensa opositora y otros actores sociales y econ\u00f3micos procuran debilitar y eventualmente reemplazar por un dirigente m\u00e1s permeable a sus intereses. Se lanzaron sobre Daniel Scioli, al que describ\u00edan como una \u201cv\u00edctima\u201d del kirchnerismo, y suger\u00edan de manera insistente que el gobernador deb\u00eda rebelarse contra el proceso pol\u00edtico que lo llev\u00f3 a ser vicepresidente primero y a ser gobernador de la principal provincia argentina despu\u00e9s. Agotada esa v\u00eda, fueron por Sergio Massa, al que ahora, luego del cierre de las listas para las Elecciones Primarias, presentan como si fuera un \u201ccruzado\u201d contra la continuidad de la Jefa de Estado, quien sin embargo nunca se manifest\u00f3 a favor de la reforma constitucional a la que insistentemente aluden los medios como parte de su estrategia de presentarla como una suerte de desafiante de los l\u00edmites institucionales.<\/p>\n<p>\u201cScioli va con Cristina y Massa los desaf\u00eda\u201d, es el t\u00edtulo central del diario Clar\u00edn. Fotos peque\u00f1as en la portada aluden a esos tres dirigentes, a Mauricio Macri y a Francisco de Narv\u00e1ez. Mart\u00edn Insaurralde, candidato del oficialismo, es mencionado en el sumario de la nota principal pero no aparece entre las fotos.<\/p>\n<p>\u201cEstoy absolutamente en contra de la re-relecci\u00f3n\u201d, se titula un art\u00edculo con declaraciones de Massa, con lo cual el diario busca colocar al intendente de Tigre en ese terreno de discusi\u00f3n y no en el de otras cuestiones pol\u00edticas, econ\u00f3micas y sociales respecto de las cuales la opini\u00f3n del intendente de Tigre no ha sido hecha p\u00fablica.<\/p>\n<p>Seg\u00fan Clar\u00edn, la Presidenta \u201cno pudo instalar un candidato fuerte en el principal distrito del Pa\u00eds\u201d, lo que redunda en la desvalorizaci\u00f3n de Insaurralde. Por otro lado, \u201cScioli busc\u00f3 un acuerdo con Massa, pero Cristina lo apret\u00f3 y cedi\u00f3\u201d, dice el diario, ocultando que el propio Massa neg\u00f3 que haya habido negociaciones serias en ese sentido. Por otro lado seg\u00fan Clar\u00edn, Macri \u201cse sum\u00f3 a Massa\u201d y De Narv\u00e1ez, otrora candidato de las corporaciones, \u201cno logr\u00f3 acordar con Massa, va con lista propia y debilitado\u201d; es decir, se da por sentado que el centro del armado pol\u00edtico antikirchnerista es el tigrense, y De Narv\u00e1ez queda \u201cdebilitado\u201d al no formar parte de ese eventual polo de poder.<\/p>\n<p>Por el lado del oficialismo, Clar\u00edn coloca a las supuestas intenciones del gobierno a una distancia enorme de sus potencialidades. Asegura que en una simple elecci\u00f3n de renovaci\u00f3n legislativa Cristina Fern\u00e1ndez \u201cse juega su supervivencia pol\u00edtica\u201d, como si se tratara de un sistema parlamentario, o como si por un factor extra-institucional pudiera verse en peligro su continuidad en el cargo hasta el 10 de diciembre de 2015.<\/p>\n<p>En contraste, asegura que, pese a las reiteradas desmentidas de la Presidenta a las especulaciones de la prensa, \u201cel kirchnerismo aspira a orillar los 40 puntos en Buenos Aires para ampliar la cantidad de diputados por ese distrito, lo que le permitir\u00eda dejar abierto el escenario de una eventual reforma constitucional\u201d. De all\u00ed deduce casi una obviedad dentro de ese universo de an\u00e1lisis: \u201cel panorama no se le presenta nada sencillo\u201d.<\/p>\n<p>\u201cSe lanz\u00f3 Massa y le suma otro problema al kirchnerismo\u201d, es la cr\u00f3nica central del diario, que lo muestra a Massa vestido de manera informal en las escalinatas del edificio de la intendencia de Tigre. Seg\u00fan Guido Braslavsky, que firma el art\u00edculo, se trata de \u201cun lanzamiento con horizonte en 2015 y que podr\u00eda modificar radicalmente el escenario en la Provincia de Buenos Aires\u201d, y \u201crepresenta un desaf\u00edo para el gobierno de Cristina Kirchner en el distrito donde apuesta todo a un triunfo contundente para mantener vivo el sue\u00f1o de la reforma constitucional que le posibilite la re-reelecci\u00f3n a la Presidenta\u201d, seg\u00fan insiste. Agrega que \u201caunque negoci\u00f3 con Massa, Daniel Scioli privilegi\u00f3 su alianza con la Casa Rosada, o \u2032no se anim\u00f3 a romper\u201b, seg\u00fan la mirada de los cr\u00edticos\u201d, entre los cuales parece incluirse.<\/p>\n<p>\u201cLa Presidenta, que hace poco lo vapule\u00f3 en p\u00fablico al reprocharle que no la defend\u00eda y la tomaba por \u2032idiota\u2032, no concedi\u00f3 al gobernador los espacios que aspiraba en la lista de diputados\u201d, dice el periodista, dando por sentado que el gobernador fue blanco de esas palabras, y obviando la presencia defuncionarios del gobierno provincial en lugares importantes.<\/p>\n<p>Est\u00e1 ausente adem\u00e1s una autocr\u00edtica del diario por haber anunciado que los ministros nacionales Alicia Kirchner y Florencio Randazzo iban a ser postulantes en primer t\u00e9rmino de la lista del oficialismo \u2013 cuando ni siquiera integran la n\u00f3mina \u2013 o que dirigentes de la Agrupaci\u00f3n la C\u00e1mpora \u2013 a que la prensa hegem\u00f3nica busc\u00f3 relacionar con hechos de corrupci\u00f3n o violencia pol\u00edtica &#8211; iban a ocupar pr\u00e1cticamente todos los espacios restantes, hecho que tampoco se produjo.<\/p>\n<p>\u201cScioli se qued\u00f3 con Cristina\u201d, dice a su vez el diario a partir de la definici\u00f3n: \u201cVoy a apoyar la lista del Frente para la Victoria\u201d, adjudicada al gobernador. En los d\u00edas previos al cierre, el diario ven\u00eda presionando en favor de un frente pol\u00edtico que pusiera frente a la Presidenta a Scioli, Massa, De Narv\u00e1ez y dirigentes macristas. Seg\u00fan el periodista Ignacio Ortelli, Scioli \u201canaliz\u00f3 hasta \u00faltimo momento la posibilidad de dejar el kirchnerismo\u201d, aunque el propio gobernador dijo ayer: \u201cNo existi\u00f3 nada de eso en ning\u00fan momento\u201d. Aqu\u00ed otra vez el diario supone realidades que van a contrapelo de las declaraciones p\u00fablicas de los protagonistas del pol\u00edtica.<\/p>\n<p>\u201cEstoy absolutamente en contra de la re-reelecci\u00f3n; para m\u00ed es un tema l\u00edmite\u201d, titula el diario la entrevista con Massa firmada por Santiago Fioriti. Y \u201cDe Narv\u00e1ez ya hace campa\u00f1a contra Massa\u201d, dice por otro lado, manteniendo el centro de gravedad sobre el intendente, el cual no da definiciones tajantes respecto de otros temas, y niega las negociaciones con Scioli que le adjudica Clar\u00edn.<\/p>\n<p>En la \u201ctribuna\u201d de doctrina<\/p>\n<p>\u201cMassa lanz\u00f3 su candidatura y alter\u00f3 todo el mapa electoral\u201d, titula La Naci\u00f3n. \u201cEncabezar\u00e1 una lista de la que no participar\u00e1 el sciolismo; el gobernador bonaerense tampoco obtuvo lugares en el oficialismo ni con De Narv\u00e1ez\u201d, agrega el diario, redundando en las afirmaciones de Clar\u00edn, desmentidas por Massa, Scioli y la presencia de funcionarios bonaerenses en la lista del oficialismo nacional. No obstante, en las peque\u00f1as fotos que acompa\u00f1an el t\u00edtulo central, el diario de las familias Mitre-Saguier se diferencia del multimedios en incluir a Insaurralde y a Margarita Stolbizer y en arriesgar un orden, que de izquierda a derecha ser\u00eda: Insaurralde, Massa, De Narv\u00e1ez, Stolbizer.<\/p>\n<p>En su edici\u00f3n, el matutino habla de \u201cuna postulaci\u00f3n determinante\u201d, ya que \u201cMassa confirm\u00f3 que ser\u00e1 candidato y sacudi\u00f3 el tablero pol\u00edtico bonaerense\u201d. No obstante, \u201cno incluy\u00f3 a referentes del sciolismo, pese a las negociaciones\u201d, insiste Marcelo Veneranda pese a la desmentida del tigrense, quien en otra nota responde: \u201cNo. Hubo mucho de versiones y poco de verdad en todo eso\u201d a la pregunta: \u201c\u00bfEstuvieron por cerrar un acuerdo esta semana?\u201d. Asimismo, \u201cdecidido a esquivar definiciones que lo ubiquen como oficialista u opositor, el intendente de Tigre s\u00f3lo fue taxativo ante dos escenarios: el rechazo a la re-reelecci\u00f3n presidencial y al cepo al d\u00f3lar\u201d, dice Marcelo Veneranda, autor de la entrevista.<\/p>\n<p>La Naci\u00f3n habla adem\u00e1s de \u201clos que ganaron y los que perdieron con la postulaci\u00f3n\u201d, anticip\u00e1ndose as\u00ed al resultado de los comicios. Macri ser\u00eda \u201cganador\u201d, aunque luego el diario aclara que se tratar\u00eda de \u201cun triunfo m\u00f3dico\u201d, mientras que los \u201cperdedores\u201d ser\u00edan Scioli, quien \u201cqued\u00f3 descolocado, primero negociando con Sergio Massa y despu\u00e9s con el kirchnerismo\u201d; la Presidenta, ya que \u201cla candidatura de Massa reduce notablemente las posibilidades de \u00e9xito de su lista en provincia\u201d; y De Narv\u00e1ez, ya que \u201csus chances se reducen con la postulaci\u00f3n de Massa\u201d.<\/p>\n<p>\u201cMalas noticias para Cristina y Scioli\u201d, redunda Joaqu\u00edn Morales Sol\u00e1 en su an\u00e1lisis de cierre de listas. Y luego desgrana diferentes evaluaciones e hip\u00f3tesis, desentendi\u00e9ndose de errores groseros que cometi\u00f3 en an\u00e1lisis anteriores. Dice que \u201cel cristinismo esper\u00f3, como siempre, un milagro de \u00faltima hora\u201d, con lo cual ubica a los partidarios de la Presidenta (a los que obvia tratar de \u201ckirchneristas\u201d) en una suerte de irrealidad. Adem\u00e1s, \u201ctodo indica que Daniel Scioli entr\u00f3 ayer, sin darse cuenta quiz\u00e1s, en el per\u00edodo de su definitivo eclipse\u201d, cuando hasta hace pocos d\u00edas era el aspirante a la presidencia preferido de las corporaciones medi\u00e1ticas.<\/p>\n<p>Seg\u00fan Morales Sol\u00e1, a Scioli ten\u00eda todo para acordar con Massa pero \u201cel miedo lo paraliz\u00f3\u201d. Luego de elogiar al intendente de Tigre, el columnista sentencia: \u201cel gobernador no ganar\u00e1 nada con su defecci\u00f3n de ayer. Es probable que ni siquiera espere ganar algo. Su miedo es la expresi\u00f3n de una personalidad que no ha nacido para pelear. No sabe \u201chacerlo\u201d. Por todo esto, Scioli se enfrentar\u00e1 a momentos de enorme debilidad. Desde ayer ya no es un peligro electoral para el cristinismo\u201d, concluye.<\/p>\n<p>Y por otro lado, afirma que \u201cel cristinismo est\u00e1 dispuesto a desconocer la Constituci\u00f3n\u201d, tesis ampliada por Mariano Grondona en la nota titulada, precisamente: \u201cEl Gobierno desaf\u00eda la Constituci\u00f3n\u201d, donde el columnista busca otorgar preeminencia a un \u00f3rgano integrado por magistrados designados por otros poderes del Estado por sobre una Presidenta y un Congreso elegidos por la voluntad popular.<\/p>\n<p>&nbsp;<\/p>\n<p>&nbsp;<\/p>\n<p>&nbsp;<\/p>\n","protected":false},"excerpt":{"rendered":"<p>Hab\u00edan apostado y dirigido todas sus operaciones a un acuerdo entre Scioli, Massa y De Narv\u00e1ez como alternativa viable al oficialismo, pero no lograron conciliar las profundas diferencias de sus favoritos. Ante el fracaso, la maquinaria medi\u00e1tica sale a potenciar la figura del intendente de Tigre y lo muestra como un cruzado antikirchnerista.<\/p>\n","protected":false},"author":11,"featured_media":0,"comment_status":"open","ping_status":"open","sticky":false,"template":"","format":"standard","meta":{"_jetpack_newsletter_access":"","_jetpack_dont_email_post_to_subs":false,"_jetpack_newsletter_tier_id":0,"_jetpack_memberships_contains_paywalled_content":false,"_jetpack_memberships_contains_paid_content":false,"footnotes":""},"categories":[54,51],"tags":[],"class_list":["post-26690","post","type-post","status-publish","format-standard","hentry","category-medios","category-politica"],"jetpack_featured_media_url":"","jetpack_shortlink":"https:\/\/wp.me\/p2JWE0-6Wu","jetpack-related-posts":[{"id":44879,"url":"https:\/\/www.24baires.com\/?p=44879","url_meta":{"origin":26690,"position":0},"title":"\u201cScioli se gan\u00f3 el derecho de ser candidato del FpV\u201d, asegur\u00f3 Forster","author":"AF","date":"28\/04\/2014","format":false,"excerpt":"Uno de los integrantes del grupo de pensamiento Carta Abierta, Ricardo Forster, ampar\u00f3 al gobernador de la provincia de Buenos Aires, Daniel Scioli y opin\u00f3 que \u201cse gan\u00f3 el derecho de ser candidato del FpV\u201d, entre otras cosas, por la \u201clealtad\u201d que le ha propiciado al kirchnerismo en todos estos\u2026","rel":"","context":"En \u00abPol\u00edtica\u00bb","block_context":{"text":"Pol\u00edtica","link":"https:\/\/www.24baires.com\/?cat=51"},"img":{"alt_text":"scioli","src":"https:\/\/i0.wp.com\/www.24baires.com\/wp-content\/uploads\/2014\/03\/scioli.jpg?resize=350%2C200","width":350,"height":200,"srcset":"https:\/\/i0.wp.com\/www.24baires.com\/wp-content\/uploads\/2014\/03\/scioli.jpg?resize=350%2C200 1x, https:\/\/i0.wp.com\/www.24baires.com\/wp-content\/uploads\/2014\/03\/scioli.jpg?resize=525%2C300 1.5x"},"classes":[]},{"id":108387,"url":"https:\/\/www.24baires.com\/?p=108387","url_meta":{"origin":26690,"position":1},"title":"Scioli ratific\u00f3 su candidatura presidencial","author":"GB","date":"25\/05\/2019","format":false,"excerpt":"El exgobernador de la Provincia de Buenos Aires particip\u00f3 del Congreso Educativo de Ajedrez que se realiz\u00f3 en la ciudad balnearia y manifest\u00f3 sus deseos de ser el primer mandatario del pa\u00eds despu\u00e9s del 10 de diciembre, sin embargo aclar\u00f3: \u201cVer\u00e9 como peronista en qu\u00e9 lugar puedo hacer mi mayor\u2026","rel":"","context":"En \u00abPol\u00edtica\u00bb","block_context":{"text":"Pol\u00edtica","link":"https:\/\/www.24baires.com\/?cat=51"},"img":{"alt_text":"","src":"https:\/\/i0.wp.com\/www.24baires.com\/wp-content\/uploads\/2019\/05\/scioli-mar-del.jpg?resize=350%2C200","width":350,"height":200,"srcset":"https:\/\/i0.wp.com\/www.24baires.com\/wp-content\/uploads\/2019\/05\/scioli-mar-del.jpg?resize=350%2C200 1x, https:\/\/i0.wp.com\/www.24baires.com\/wp-content\/uploads\/2019\/05\/scioli-mar-del.jpg?resize=525%2C300 1.5x"},"classes":[]},{"id":15602,"url":"https:\/\/www.24baires.com\/?p=15602","url_meta":{"origin":26690,"position":2},"title":"Scioli y Cobos habr\u00edan cenado en secreto","author":"Grupo Sierra","date":"14\/02\/2013","format":false,"excerpt":"El gobernador bonaerense Daniel Scioli y el ex vicepresidente Julio Cobos, ambos con aspiraciones para suceder a Cristina Fern\u00e1ndez de Kirchner, cenaron en secreto d\u00edas atr\u00e1s en La \u00d1ata, la chacra n\u00e1utica que el bonaerense ha creado como b\u00fanker pol\u00edtico, futbolero y farandulero. La cena entre ambos fue gestada por\u2026","rel":"","context":"En \u00abPol\u00edtica\u00bb","block_context":{"text":"Pol\u00edtica","link":"https:\/\/www.24baires.com\/?cat=51"},"img":{"alt_text":"scioliycobos2","src":"https:\/\/i0.wp.com\/www.24baires.com\/wp-content\/uploads\/2013\/02\/scioliycobos2.jpg?resize=350%2C200","width":350,"height":200,"srcset":"https:\/\/i0.wp.com\/www.24baires.com\/wp-content\/uploads\/2013\/02\/scioliycobos2.jpg?resize=350%2C200 1x, https:\/\/i0.wp.com\/www.24baires.com\/wp-content\/uploads\/2013\/02\/scioliycobos2.jpg?resize=525%2C300 1.5x"},"classes":[]},{"id":119049,"url":"https:\/\/www.24baires.com\/?p=119049","url_meta":{"origin":26690,"position":3},"title":"Silvina Batakis es la nueva Ministra de Econom\u00eda","author":"GB","date":"04\/07\/2022","format":false,"excerpt":"Tras largas horas de negociaciones, el presidente Alberto Fern\u00e1ndez design\u00f3 a Batakis en reemplazo de Mart\u00edn Guzm\u00e1n La nueva ministra de Econom\u00eda ser\u00e1 Silvina Batakis confirmaron este domingo fuentes oficiales, luego de intensas negociaciones de los diferentes espacios que integran el Frente de Todos (FdT) en el marco de cambios\u2026","rel":"","context":"En \u00abEconom\u00eda\u00bb","block_context":{"text":"Econom\u00eda","link":"https:\/\/www.24baires.com\/?cat=45"},"img":{"alt_text":"","src":"https:\/\/i0.wp.com\/www.24baires.com\/wp-content\/uploads\/2022\/07\/batakis.jpg?resize=350%2C200","width":350,"height":200,"srcset":"https:\/\/i0.wp.com\/www.24baires.com\/wp-content\/uploads\/2022\/07\/batakis.jpg?resize=350%2C200 1x, https:\/\/i0.wp.com\/www.24baires.com\/wp-content\/uploads\/2022\/07\/batakis.jpg?resize=525%2C300 1.5x, https:\/\/i0.wp.com\/www.24baires.com\/wp-content\/uploads\/2022\/07\/batakis.jpg?resize=700%2C400 2x"},"classes":[]},{"id":120181,"url":"https:\/\/www.24baires.com\/?p=120181","url_meta":{"origin":26690,"position":4},"title":"El Frente de Todos pasa a llamarse \u00abUni\u00f3n por la Patria\u00bb","author":"AF","date":"14\/06\/2023","format":false,"excerpt":"Los distintos sectores que componen el frente oficialista mantienen reuniones para definir, entre otras cosas, la constituci\u00f3n de su junta partidaria y el reglamento electoral que fijar\u00e1 pisos y porcentajes para la integraci\u00f3n de listas. El Frente de Todos (FdT) se llamar\u00e1 Uni\u00f3n por la Patria (UxP) en las pr\u00f3ximas\u2026","rel":"","context":"En \u00abPol\u00edtica\u00bb","block_context":{"text":"Pol\u00edtica","link":"https:\/\/www.24baires.com\/?cat=51"},"img":{"alt_text":"","src":"https:\/\/i0.wp.com\/www.24baires.com\/wp-content\/uploads\/2023\/06\/cfk-25-5.png?resize=350%2C200","width":350,"height":200,"srcset":"https:\/\/i0.wp.com\/www.24baires.com\/wp-content\/uploads\/2023\/06\/cfk-25-5.png?resize=350%2C200 1x, https:\/\/i0.wp.com\/www.24baires.com\/wp-content\/uploads\/2023\/06\/cfk-25-5.png?resize=525%2C300 1.5x, https:\/\/i0.wp.com\/www.24baires.com\/wp-content\/uploads\/2023\/06\/cfk-25-5.png?resize=700%2C400 2x"},"classes":[]},{"id":108334,"url":"https:\/\/www.24baires.com\/?p=108334","url_meta":{"origin":26690,"position":5},"title":"Lavagna: \u00abNi Cristina ni cambiemos\u00bb","author":"AF","date":"22\/05\/2019","format":false,"excerpt":"\"Recibimos a los radicales que no se sientan representados por el PRO\", sostuvo por C5N el candidato presidencial por Consenso 19, quien remarc\u00f3 que el kirchnerismo \"no puede recibir nada de nosotros\". El ex ministro de Econom\u00eda Roberto Lavagna ratific\u00f3 este mi\u00e9rcoles por la tarde su precandidatura presidencial por Consenso\u2026","rel":"","context":"En \u00abPol\u00edtica\u00bb","block_context":{"text":"Pol\u00edtica","link":"https:\/\/www.24baires.com\/?cat=51"},"img":{"alt_text":"","src":"https:\/\/i0.wp.com\/www.24baires.com\/wp-content\/uploads\/2013\/12\/lavagna-solo.jpg?resize=350%2C200","width":350,"height":200,"srcset":"https:\/\/i0.wp.com\/www.24baires.com\/wp-content\/uploads\/2013\/12\/lavagna-solo.jpg?resize=350%2C200 1x, https:\/\/i0.wp.com\/www.24baires.com\/wp-content\/uploads\/2013\/12\/lavagna-solo.jpg?resize=525%2C300 1.5x"},"classes":[]}],"jetpack_sharing_enabled":true,"jetpack_likes_enabled":true,"_links":{"self":[{"href":"https:\/\/www.24baires.com\/index.php?rest_route=\/wp\/v2\/posts\/26690","targetHints":{"allow":["GET"]}}],"collection":[{"href":"https:\/\/www.24baires.com\/index.php?rest_route=\/wp\/v2\/posts"}],"about":[{"href":"https:\/\/www.24baires.com\/index.php?rest_route=\/wp\/v2\/types\/post"}],"author":[{"embeddable":true,"href":"https:\/\/www.24baires.com\/index.php?rest_route=\/wp\/v2\/users\/11"}],"replies":[{"embeddable":true,"href":"https:\/\/www.24baires.com\/index.php?rest_route=%2Fwp%2Fv2%2Fcomments&post=26690"}],"version-history":[{"count":2,"href":"https:\/\/www.24baires.com\/index.php?rest_route=\/wp\/v2\/posts\/26690\/revisions"}],"predecessor-version":[{"id":26692,"href":"https:\/\/www.24baires.com\/index.php?rest_route=\/wp\/v2\/posts\/26690\/revisions\/26692"}],"wp:attachment":[{"href":"https:\/\/www.24baires.com\/index.php?rest_route=%2Fwp%2Fv2%2Fmedia&parent=26690"}],"wp:term":[{"taxonomy":"category","embeddable":true,"href":"https:\/\/www.24baires.com\/index.php?rest_route=%2Fwp%2Fv2%2Fcategories&post=26690"},{"taxonomy":"post_tag","embeddable":true,"href":"https:\/\/www.24baires.com\/index.php?rest_route=%2Fwp%2Fv2%2Ftags&post=26690"}],"curies":[{"name":"wp","href":"https:\/\/api.w.org\/{rel}","templated":true}]}}