{"id":26561,"date":"2013-06-21T19:00:19","date_gmt":"2013-06-21T22:00:19","guid":{"rendered":"http:\/\/www.24baires.com\/?p=26561"},"modified":"2013-06-21T18:15:43","modified_gmt":"2013-06-21T21:15:43","slug":"papaleo-sobre-papel-prensa-no-hay-dudas-de-que-se-trata-de-un-crimen-de-lesa-humanidad","status":"publish","type":"post","link":"https:\/\/www.24baires.com\/?p=26561","title":{"rendered":"Papaleo sobre Papel Prensa: \u00abNo hay dudas de que se trata de un crimen de lesa humanidad\u00bb"},"content":{"rendered":"<p><img data-recalc-dims=\"1\" loading=\"lazy\" decoding=\"async\" class=\"aligncenter size-full wp-image-25722\" alt=\"lidia papaleo\" src=\"https:\/\/i0.wp.com\/www.24baires.com\/wp-content\/uploads\/2013\/06\/lidia-papaleo.jpg?resize=560%2C248\" width=\"560\" height=\"248\" srcset=\"https:\/\/i0.wp.com\/www.24baires.com\/wp-content\/uploads\/2013\/06\/lidia-papaleo.jpg?w=560&amp;ssl=1 560w, https:\/\/i0.wp.com\/www.24baires.com\/wp-content\/uploads\/2013\/06\/lidia-papaleo.jpg?resize=300%2C132&amp;ssl=1 300w\" sizes=\"auto, (max-width: 560px) 100vw, 560px\" \/>Lidia Papaleo de Graiver, asegur\u00f3 que \u00abes emp\u00edrica y jur\u00eddicamente comprobable\u00bb que \u00abse violaron los Derechos Humanos\u00bb en la venta de las acciones de la empresa a los diarios Clar\u00edn, La Naci\u00f3n y La Raz\u00f3n durante la dictadura c\u00edvico militar.<!--more--><\/p>\n<p>As\u00ed lo remarc\u00f3 Papaleo en una entrevista que publica hoy el diario P\u00e1gina 12, al recordar que en noviembre de 1976, tres meses despu\u00e9s de la muerte a\u00fan no esclarecida de su esposo, David Graiver en un accidente a\u00e9reo, fue obligada a firmar la venta de Papel Prensa a precio \u00abvil\u00bb bajo la amenaza del CEO de Clar\u00edn, H\u00e9ctor Magnetto y meses despu\u00e9s fue secuestrada y torturada.<\/p>\n<p>La viuda de Graiver, quien declar\u00f3 por primera vez en la causa Papel Prensa en 1985, cuestion\u00f3 a \u00abla justicia\u00bb y a los directivos de Clar\u00edn y La Naci\u00f3n por \u00abno avanzar\u00bb en la investigaci\u00f3n.<\/p>\n<p>\u00abEl diario Clar\u00edn, el se\u00f1or Magnetto, el diario La Naci\u00f3n, son los que trataron, lo han hecho durante los \u00faltimos 35 a\u00f1os, de que este tema no avanzara\u00bb, acus\u00f3 Papaleo al remarcar que la causa se activ\u00f3 a partir de 2010 con la presentaci\u00f3n judicial de la presidenta Cristina Fern\u00e1ndez de Kirchner del \u00abinforme Papel Prensa\u00bb.<\/p>\n<p>La viuda de David Graiver declar\u00f3 la semana pasada como querellante en la causa que lleva adelante el juez Juli\u00e1n Ercolini y que investiga si el traspaso accionario de Papel Prensa a los diarios Clar\u00edn, La Naci\u00f3n y La Raz\u00f3n se constituy\u00f3 en delito delesa humanidad.<\/p>\n<p>\u00abNos presentamos como querellantes contra el se\u00f1or Magnetto en la primera causa en la que se lo acusa de delitos de lesa humanidad\u00bb, se\u00f1al\u00f3 Papaleo al referirse tambi\u00e9n a la Secretar\u00eda de Derechos Humanos de la Naci\u00f3n.<\/p>\n<p>\u00abPapel Prensa se vende bajo presi\u00f3n y la amenaza de muerte que el se\u00f1or Magnetto me hace a m\u00ed. Ac\u00e1 no hay duda posible acerca de que se trata de un crimen de lesa humanidad: hay amenaza de muerte, hay secuestro, hay tortura y est\u00e1 todo demostrado\u00bb, sostuvo la viuda del empresario.<\/p>\n<p>Record\u00f3 que el a\u00f1o pasado, en el juicio por cr\u00edmenes de lesa humanidad cometidos en Circuito Camps, el represor Alberto Cozzani \u00abreconoci\u00f3 que ten\u00eda la orden de torturar a la familia Graiver para que entregara sus bienes\u00bb.<\/p>\n<p>\u00abLo importante fue que reconoci\u00f3 que participaron en secuestrarnos, en torturarnos, que ten\u00edan la orden de Ram\u00f3n Camps y que a \u00e9l le lleg\u00f3 del Ej\u00e9rcito. No hab\u00edan dicho nada en 36 a\u00f1os\u00bb, sostuvo.<\/p>\n<p>Ante la pregunta sobre el m\u00f3vil del delito, Papaleo se\u00f1al\u00f3 que era \u00abapoderarse de Papel Prensa\u00bb dado que en el pa\u00eds no se fabricaba papel para diario y deb\u00eda importarse de los pa\u00edses escandinavos.<\/p>\n<p>En la entrevista, la mujer mostr\u00f3 su confianza en que \u00abse haga justicia\u00bb para que \u00abPapel Prensa sea finalmente una empresa de la Argentina\u00bb.<\/p>\n<p>&nbsp;<\/p>\n<p>&nbsp;<\/p>\n<p>&nbsp;<\/p>\n<p>&nbsp;<\/p>\n<p>&nbsp;<\/p>\n<p>&nbsp;<\/p>\n<p>&nbsp;<\/p>\n<p>&nbsp;<\/p>\n<p>&nbsp;<\/p>\n<p>&nbsp;<\/p>\n<p>&nbsp;<\/p>\n<p>&nbsp;<\/p>\n<p>&nbsp;<\/p>\n<p>&nbsp;<\/p>\n<p>&nbsp;<\/p>\n","protected":false},"excerpt":{"rendered":"<p>Lidia Papaleo de Graiver, asegur\u00f3 que \u00abes emp\u00edrica y jur\u00eddicamente comprobable\u00bb que \u00abse violaron los Derechos Humanos\u00bb en la venta de las acciones de la empresa a los diarios Clar\u00edn, La Naci\u00f3n y La Raz\u00f3n durante la dictadura c\u00edvico militar.<\/p>\n","protected":false},"author":4,"featured_media":0,"comment_status":"open","ping_status":"open","sticky":false,"template":"","format":"standard","meta":{"_jetpack_newsletter_access":"","_jetpack_dont_email_post_to_subs":false,"_jetpack_newsletter_tier_id":0,"_jetpack_memberships_contains_paywalled_content":false,"_jetpack_memberships_contains_paid_content":false,"footnotes":""},"categories":[54,50],"tags":[],"class_list":["post-26561","post","type-post","status-publish","format-standard","hentry","category-medios","category-memoria"],"jetpack_featured_media_url":"","jetpack_shortlink":"https:\/\/wp.me\/p2JWE0-6Up","jetpack-related-posts":[{"id":42066,"url":"https:\/\/www.24baires.com\/?p=42066","url_meta":{"origin":26561,"position":0},"title":"Osvaldo Papaleo declarar\u00e1 en la causa por Papel Prensa","author":"Grupo Sierra","date":"13\/03\/2014","format":false,"excerpt":"El hermano de la viuda del expropietario de Papel Prensa David Graiver deber\u00e1 presentarse a declarar el 29 de mayo pr\u00f3ximo en el juzgado Federal 10. El hermano de la viuda del expropietario de Papel Prensa David Graiver deber\u00e1 presentarse a declarar el 29 de mayo pr\u00f3ximo en el juzgado\u2026","rel":"","context":"En \u00abJUDICIALES\u00bb","block_context":{"text":"JUDICIALES","link":"https:\/\/www.24baires.com\/?cat=68"},"img":{"alt_text":"papel prensa","src":"https:\/\/i0.wp.com\/www.24baires.com\/wp-content\/uploads\/2013\/06\/papel-prensa-300x224.jpg?resize=350%2C200","width":350,"height":200},"classes":[]},{"id":26753,"url":"https:\/\/www.24baires.com\/?p=26753","url_meta":{"origin":26561,"position":1},"title":"Pedir\u00e1n libros e inventarios en el marco de la causa por la expropiaci\u00f3n de Papel Prensa","author":"AF","date":"24\/06\/2013","format":false,"excerpt":"Tras la declaraci\u00f3n que la semana pasada brind\u00f3 Lidia Papaleo, la Justicia pedir\u00e1 libros e inventarios de la empresa, antes de ordenar un estudio t\u00e9cnico, en la causa que investiga si hubo delitos de lesa humanidad en el traspaso accionario. La Justicia pedir\u00e1 libros e inventarios de la empresa Papel\u2026","rel":"","context":"En \u00abMedios\u00bb","block_context":{"text":"Medios","link":"https:\/\/www.24baires.com\/?cat=54"},"img":{"alt_text":"papel prensa","src":"https:\/\/i0.wp.com\/www.24baires.com\/wp-content\/uploads\/2013\/06\/papel-prensa-300x224.jpg?resize=350%2C200","width":350,"height":200},"classes":[]},{"id":26139,"url":"https:\/\/www.24baires.com\/?p=26139","url_meta":{"origin":26561,"position":2},"title":"\u00abSi declara Magnetto se comprobar\u00e1 que hubo delito de lesa humanidad\u00bb","author":"Grupo Sierra","date":"16\/06\/2013","format":false,"excerpt":"Lidia Papaleo asegur\u00f3 hoy que si el juez federal Juli\u00e1n Ercolini llama a declarar a H\u00e9ctor Magnetto, Bartolom\u00e9 Mitre y Ernestina Herrera de Noble por la causa en que se investiga la apropiaci\u00f3n de Papel Prensa durante la \u00faltima dictadura c\u00edvico militar comprobar\u00e1 que hubo \u201cun delito de lesa humanidad\u2026","rel":"","context":"En \u00abJUDICIALES\u00bb","block_context":{"text":"JUDICIALES","link":"https:\/\/www.24baires.com\/?cat=68"},"img":{"alt_text":"lidia papaleo","src":"https:\/\/i0.wp.com\/www.24baires.com\/wp-content\/uploads\/2013\/06\/lidia-papaleo.jpg?resize=350%2C200","width":350,"height":200,"srcset":"https:\/\/i0.wp.com\/www.24baires.com\/wp-content\/uploads\/2013\/06\/lidia-papaleo.jpg?resize=350%2C200 1x, https:\/\/i0.wp.com\/www.24baires.com\/wp-content\/uploads\/2013\/06\/lidia-papaleo.jpg?resize=525%2C300 1.5x"},"classes":[]},{"id":94746,"url":"https:\/\/www.24baires.com\/?p=94746","url_meta":{"origin":26561,"position":3},"title":"Papel Prensa: la justicia confirm\u00f3 el sobreseimiento de Magnetto","author":"GB","date":"24\/05\/2017","format":false,"excerpt":"Adem\u00e1s del CEO del Grupo Clar\u00edn, fueron beneficiados Ernestina Herrera de Noble y el due\u00f1o del diario La Naci\u00f3n, Bartolom\u00e9 Mitre. Para los jueces Ballestero y Bruglia la venta de la empresa no estuvo involucrada con delitos de lesa humanidad. La Sala I de la C\u00e1mara Federal confirm\u00f3 el sobreseimiento\u2026","rel":"","context":"En \u00abMedios\u00bb","block_context":{"text":"Medios","link":"https:\/\/www.24baires.com\/?cat=54"},"img":{"alt_text":"","src":"https:\/\/i0.wp.com\/www.24baires.com\/wp-content\/uploads\/2013\/12\/magnetto-y-colorado.jpg?resize=350%2C200","width":350,"height":200,"srcset":"https:\/\/i0.wp.com\/www.24baires.com\/wp-content\/uploads\/2013\/12\/magnetto-y-colorado.jpg?resize=350%2C200 1x, https:\/\/i0.wp.com\/www.24baires.com\/wp-content\/uploads\/2013\/12\/magnetto-y-colorado.jpg?resize=525%2C300 1.5x"},"classes":[]},{"id":25867,"url":"https:\/\/www.24baires.com\/?p=25867","url_meta":{"origin":26561,"position":4},"title":"Lidia Papaleo tras declarar en la causa Papel Prensa: \u00abMagnetto va a terminar preso\u00bb","author":"Grupo Sierra","date":"13\/06\/2013","format":false,"excerpt":"La viuda del banquero David Graiver, Lidia Papaleo, afirm\u00f3 que la investigaci\u00f3n penal por la venta de la empresa Papel Prensa durante la \u00faltima dictadura \"va a terminar bien, con el se\u00f1or (H\u00e9ctor) Magnetto preso\". As\u00ed lo expres\u00f3 luego de declarar por espacio de casi seis horas como testigo de\u2026","rel":"","context":"En \u00abPol\u00edtica\u00bb","block_context":{"text":"Pol\u00edtica","link":"https:\/\/www.24baires.com\/?cat=51"},"img":{"alt_text":"","src":"","width":0,"height":0},"classes":[]},{"id":25381,"url":"https:\/\/www.24baires.com\/?p=25381","url_meta":{"origin":26561,"position":5},"title":"Lidia Papaleo declarar\u00e1 en la causa por la apropiaci\u00f3n de Papel Prensa","author":"AF","date":"08\/06\/2013","format":false,"excerpt":"La viuda del ex banquero David Graiver declarar\u00e1 el pr\u00f3ximo jueves 13 de junio en la causa en la que se investiga la apropiaci\u00f3n ilegal de Papel Prensa durante la \u00falima dictadura c\u00edvico militar. As\u00ed lo confirm\u00f3 Osvaldo Papaleo, quien tambi\u00e9n estim\u00f3 que recibir\u00e1 en los pr\u00f3ximos d\u00edas la citaci\u00f3n\u2026","rel":"","context":"En \u00abMemoria\u00bb","block_context":{"text":"Memoria","link":"https:\/\/www.24baires.com\/?cat=50"},"img":{"alt_text":"lidia y osvaldo papaleo","src":"https:\/\/i0.wp.com\/www.24baires.com\/wp-content\/uploads\/2013\/06\/lidia-y-osvaldo-papaleo.jpg?resize=350%2C200","width":350,"height":200,"srcset":"https:\/\/i0.wp.com\/www.24baires.com\/wp-content\/uploads\/2013\/06\/lidia-y-osvaldo-papaleo.jpg?resize=350%2C200 1x, https:\/\/i0.wp.com\/www.24baires.com\/wp-content\/uploads\/2013\/06\/lidia-y-osvaldo-papaleo.jpg?resize=525%2C300 1.5x"},"classes":[]}],"jetpack_sharing_enabled":true,"jetpack_likes_enabled":true,"_links":{"self":[{"href":"https:\/\/www.24baires.com\/index.php?rest_route=\/wp\/v2\/posts\/26561","targetHints":{"allow":["GET"]}}],"collection":[{"href":"https:\/\/www.24baires.com\/index.php?rest_route=\/wp\/v2\/posts"}],"about":[{"href":"https:\/\/www.24baires.com\/index.php?rest_route=\/wp\/v2\/types\/post"}],"author":[{"embeddable":true,"href":"https:\/\/www.24baires.com\/index.php?rest_route=\/wp\/v2\/users\/4"}],"replies":[{"embeddable":true,"href":"https:\/\/www.24baires.com\/index.php?rest_route=%2Fwp%2Fv2%2Fcomments&post=26561"}],"version-history":[{"count":3,"href":"https:\/\/www.24baires.com\/index.php?rest_route=\/wp\/v2\/posts\/26561\/revisions"}],"predecessor-version":[{"id":26564,"href":"https:\/\/www.24baires.com\/index.php?rest_route=\/wp\/v2\/posts\/26561\/revisions\/26564"}],"wp:attachment":[{"href":"https:\/\/www.24baires.com\/index.php?rest_route=%2Fwp%2Fv2%2Fmedia&parent=26561"}],"wp:term":[{"taxonomy":"category","embeddable":true,"href":"https:\/\/www.24baires.com\/index.php?rest_route=%2Fwp%2Fv2%2Fcategories&post=26561"},{"taxonomy":"post_tag","embeddable":true,"href":"https:\/\/www.24baires.com\/index.php?rest_route=%2Fwp%2Fv2%2Ftags&post=26561"}],"curies":[{"name":"wp","href":"https:\/\/api.w.org\/{rel}","templated":true}]}}