{"id":2652,"date":"2012-10-19T10:45:47","date_gmt":"2012-10-19T13:45:47","guid":{"rendered":"http:\/\/www.24baires.com\/?p=2652"},"modified":"2012-10-19T20:21:47","modified_gmt":"2012-10-19T23:21:47","slug":"el-peronismo-se-divide-porque-se-esta-acomodando-al-proximo-ano-electoral","status":"publish","type":"post","link":"https:\/\/www.24baires.com\/?p=2652","title":{"rendered":"\u201cEl peronismo se divide porque se est\u00e1 acomodando al pr\u00f3ximo a\u00f1o electoral\u201d"},"content":{"rendered":"<p><img data-recalc-dims=\"1\" loading=\"lazy\" decoding=\"async\" class=\"aligncenter size-full wp-image-2653\" title=\"gagino-FPV-Lanus\" src=\"https:\/\/i0.wp.com\/www.24baires.com\/wp-content\/uploads\/2012\/10\/gagino-FPV-Lanus.jpg?resize=560%2C420\" alt=\"\" width=\"560\" height=\"420\" srcset=\"https:\/\/i0.wp.com\/www.24baires.com\/wp-content\/uploads\/2012\/10\/gagino-FPV-Lanus.jpg?w=560&amp;ssl=1 560w, https:\/\/i0.wp.com\/www.24baires.com\/wp-content\/uploads\/2012\/10\/gagino-FPV-Lanus.jpg?resize=300%2C225&amp;ssl=1 300w\" sizes=\"auto, (max-width: 560px) 100vw, 560px\" \/><br \/>\n<strong>LAN\u00daS.-<\/strong> La concejal del Frente Para la Victoria de Lan\u00fas, Mabel Gagino, realiz\u00f3 un an\u00e1lisis de las internas del PJ local y consider\u00f3 \u201cnormales\u201d las divisiones y los distintos posicionamientos que tambi\u00e9n se registran a nivel provincial y nacional.<!--more--><\/p>\n<p>La sesi\u00f3n de este viernes del Concejo Deliberante de Lan\u00fas comenz\u00f3 con un homenaje por el \u201cD\u00eda de la Lealtad\u201d, al cumplirse el pasado 17 de octubre 67 a\u00f1os de la gesta en la que naci\u00f3 al peronismo. Lan\u00fas fue un distrito con muchos actos conmemorativos de diferentes sectores del peronismo y esa divisi\u00f3n se not\u00f3 en el debate del HCD.<\/p>\n<p>El kirchnerismo local manifest\u00f3 que \u201cese d\u00eda marc\u00f3 el principio de una historia, que hasta el d\u00eda de hoy nos encuentra otra vez en la lucha\u201d, mientras que el Frente Renovador 17 de Octubre, que responde a \u201cLa Juan Domingo\u201d, sostuvo que \u201cPer\u00f3n hay uno solo, y no hay que pensar en otro nombre que no sea el de \u00e9l como referente\u201d.<\/p>\n<p>La concejal del Frente para la Victoria, Mabel Gagino, manifest\u00f3 que \u201cse est\u00e1n viviendo internas en todos los \u00e1mbitos del peronismo nacional y Lan\u00fas no es la excepci\u00f3n\u201d.<\/p>\n<p>Gagino consider\u00f3 que \u201cel peronismo se divide porque se est\u00e1 acomodando al pr\u00f3ximo a\u00f1o electoral\u201d, en referencia a las legislativas, pero dijo que \u201ces normal\u201d. En ese marco, \u201ccada uno busca el sector que m\u00e1s lo contenga y represente\u201d, agreg\u00f3.<\/p>\n<p>En el caso particular de la interna que se vive en el distrito con el bloque de la agrupaci\u00f3n que conduce el senador provincial Baldomero \u201cCacho\u201d \u00c1lvarez, Gagino sostuvo que \u201cellos eligen qu\u00e9 bandera del peronismo levantan o qu\u00e9 peronismo quieren\u201d.<\/p>\n<p>\u201cLa cr\u00edtica que les hacemos desde el FPV es que politizan temas muy delicados, los que en algunos casos rozan la falta de respeto\u201d, dijo en referencia a las campa\u00f1as de \u201cLa Juan Domingo\u201d contra el intendente Dar\u00edo D\u00edaz P\u00e9rez.<\/p>\n<p>Uno de los temas con los que el frente sciolista intenta \u201csacar provecho\u201d es el tratamiento de pol\u00edticas de seguridad ciudadana.<\/p>\n<p>\u201cLos problemas de seguridad se hacen notorios cuando hay un caso grave, como ocurri\u00f3 en Lan\u00fas, y lamentablemente ninguno est\u00e1 exento de vivirlo\u201d, sostuvo la concejal al recordar el asesinato de una mujer de 64 a\u00f1os que el mes pasado moviliz\u00f3 a los vecinos.<\/p>\n<p>A pesar de las acciones opositoras de \u201cLa Juan Domingo\u201d, Gagino explic\u00f3 que \u201chemos trabajado mucho y en este momento podemos decir que el tema de seguridad est\u00e1 tranquilo. Seguiremos tratando proyectos para mejorar la calidad ciudadana\u201d.<\/p>\n","protected":false},"excerpt":{"rendered":"<p>LAN\u00daS.- La concejal del Frente Para la Victoria de Lan\u00fas, Mabel Gagino, realiz\u00f3 un an\u00e1lisis de las internas del PJ local y consider\u00f3 \u201cnormales\u201d las divisiones y los distintos posicionamientos que tambi\u00e9n se registran a nivel provincial y nacional.<\/p>\n","protected":false},"author":11,"featured_media":0,"comment_status":"open","ping_status":"open","sticky":false,"template":"","format":"standard","meta":{"_jetpack_newsletter_access":"","_jetpack_dont_email_post_to_subs":false,"_jetpack_newsletter_tier_id":0,"_jetpack_memberships_contains_paywalled_content":false,"_jetpack_memberships_contains_paid_content":false,"footnotes":""},"categories":[51],"tags":[],"class_list":["post-2652","post","type-post","status-publish","format-standard","hentry","category-politica"],"jetpack_featured_media_url":"","jetpack_shortlink":"https:\/\/wp.me\/p2JWE0-GM","jetpack-related-posts":[{"id":122754,"url":"https:\/\/www.24baires.com\/?p=122754","url_meta":{"origin":2652,"position":0},"title":"Lan\u00fas: cierra una empresa textil y deja a 50 trabajadores en la calle","author":"GB","date":"10\/12\/2025","format":false,"excerpt":"Debido a la apertura de las importaciones, la empresa Hazan Silvia cerrar\u00e1 sus persianas y dejar\u00e1 a 50 trabajadores en la calle. La cartera laboral bonaerense dict\u00f3 la conciliaci\u00f3n obligatoria. La noticia sobre el cese de actividades por parte de las empresas se volvi\u00f3 moneda corriente en Argentina. Cada semana\u2026","rel":"","context":"En \u00abMunicipios\u00bb","block_context":{"text":"Municipios","link":"https:\/\/www.24baires.com\/?cat=44"},"img":{"alt_text":"","src":"https:\/\/i0.wp.com\/www.24baires.com\/wp-content\/uploads\/2025\/12\/conflicto-lanus.webp?resize=350%2C200","width":350,"height":200,"srcset":"https:\/\/i0.wp.com\/www.24baires.com\/wp-content\/uploads\/2025\/12\/conflicto-lanus.webp?resize=350%2C200 1x, https:\/\/i0.wp.com\/www.24baires.com\/wp-content\/uploads\/2025\/12\/conflicto-lanus.webp?resize=525%2C300 1.5x, https:\/\/i0.wp.com\/www.24baires.com\/wp-content\/uploads\/2025\/12\/conflicto-lanus.webp?resize=700%2C400 2x"},"classes":[]},{"id":100749,"url":"https:\/\/www.24baires.com\/?p=100749","url_meta":{"origin":2652,"position":1},"title":"Grindetti logr\u00f3 privatizar tres inmuebles municipales","author":"GB","date":"27\/02\/2018","format":false,"excerpt":"El intendente de Lan\u00fas, N\u00e9stor Grindetti, logr\u00f3 que el Concejo Deliberante aprobara un proyecto de ordenanza para subastar tres inmuebles municipales de dependencias de Desarrollo Social. La iniciativa fue respaldada por el massismo. El jefe comunal de Lan\u00fas por Cambiemos, N\u00e9stor Grindetti, finalmente logr\u00f3 que el Concejo Deliberante aprobara un\u2026","rel":"","context":"En \u00abMunicipios\u00bb","block_context":{"text":"Municipios","link":"https:\/\/www.24baires.com\/?cat=44"},"img":{"alt_text":"","src":"https:\/\/i0.wp.com\/www.24baires.com\/wp-content\/uploads\/2016\/04\/grindetti.jpg?resize=350%2C200","width":350,"height":200,"srcset":"https:\/\/i0.wp.com\/www.24baires.com\/wp-content\/uploads\/2016\/04\/grindetti.jpg?resize=350%2C200 1x, https:\/\/i0.wp.com\/www.24baires.com\/wp-content\/uploads\/2016\/04\/grindetti.jpg?resize=525%2C300 1.5x"},"classes":[]},{"id":2326,"url":"https:\/\/www.24baires.com\/?p=2326","url_meta":{"origin":2652,"position":2},"title":"Duros cuestionamientos a &#8216;La Juan Domingo&#8217; en Lan\u00fas","author":"Grupo Sierra","date":"16\/10\/2012","format":false,"excerpt":"Concejales del Frente para la Victoria denuncian que la agrupaci\u00f3n sciolista intenta \u201cpolitizar\u201d algunos debates importantes para perjudicar la gesti\u00f3n del intendente local Dar\u00edo D\u00edaz P\u00e9rez. Al ser consultado el titular del bloque oficialista, H\u00e9ctor Montero, calific\u00f3 la situaci\u00f3n como \u201clamentable\u201d. Las denuncias del FPV apuntan al bloque \u201c17 de\u2026","rel":"","context":"En \u00abPol\u00edtica\u00bb","block_context":{"text":"Pol\u00edtica","link":"https:\/\/www.24baires.com\/?cat=51"},"img":{"alt_text":"","src":"","width":0,"height":0},"classes":[]},{"id":102457,"url":"https:\/\/www.24baires.com\/?p=102457","url_meta":{"origin":2652,"position":3},"title":"Municipios gobernados por Cambiemos son los de paritarias m\u00e1s bajas","author":"GB","date":"31\/05\/2018","format":false,"excerpt":"Seg\u00fan un informe, el macrismo es la fuerza pol\u00edtica que cerr\u00f3 los aumentos salariales m\u00e1s bajos para trabajadores municipales en la regi\u00f3n metropolitana desde 2016. Para 2018, el promedio en los distritos oficialistas fue de 13 %, ocho puntos por debajo de las gestiones peronistas. Los intendentes que menos pagan\u2026","rel":"","context":"En \u00abProvincia\u00bb","block_context":{"text":"Provincia","link":"https:\/\/www.24baires.com\/?cat=40"},"img":{"alt_text":"","src":"https:\/\/i0.wp.com\/www.24baires.com\/wp-content\/uploads\/2018\/05\/intendentes-cambiemos.jpg?resize=350%2C200","width":350,"height":200,"srcset":"https:\/\/i0.wp.com\/www.24baires.com\/wp-content\/uploads\/2018\/05\/intendentes-cambiemos.jpg?resize=350%2C200 1x, https:\/\/i0.wp.com\/www.24baires.com\/wp-content\/uploads\/2018\/05\/intendentes-cambiemos.jpg?resize=525%2C300 1.5x"},"classes":[]},{"id":94121,"url":"https:\/\/www.24baires.com\/?p=94121","url_meta":{"origin":2652,"position":4},"title":"Scioli llam\u00f3 a \u00aborganizarse\u00bb contra el \u00abmodelo de ajuste\u00bb","author":"GB","date":"26\/04\/2017","format":false,"excerpt":"LAN\u00daS-En un plenario del PJ que encabez\u00f3 junto a intendentes y legisladores, el ex Gobernador pidi\u00f3 \"defender nuestras ideas con convicci\u00f3n\" y enfrentar las medidas econ\u00f3micas de Macri. El ex gobernador bonaerense Daniel Scioli encabez\u00f3 ayer un plenario del peronismo en Lan\u00fas, donde llam\u00f3 a \"organizarse\" frente al \"modelo de\u2026","rel":"","context":"En \u00abPol\u00edtica\u00bb","block_context":{"text":"Pol\u00edtica","link":"https:\/\/www.24baires.com\/?cat=51"},"img":{"alt_text":"","src":"https:\/\/i0.wp.com\/www.24baires.com\/wp-content\/uploads\/2015\/11\/scioli-plataforma.jpg?resize=350%2C200","width":350,"height":200,"srcset":"https:\/\/i0.wp.com\/www.24baires.com\/wp-content\/uploads\/2015\/11\/scioli-plataforma.jpg?resize=350%2C200 1x, https:\/\/i0.wp.com\/www.24baires.com\/wp-content\/uploads\/2015\/11\/scioli-plataforma.jpg?resize=525%2C300 1.5x"},"classes":[]},{"id":44537,"url":"https:\/\/www.24baires.com\/?p=44537","url_meta":{"origin":2652,"position":5},"title":"Lan\u00fas festeja sus 70 a\u00f1os a todo trapo","author":"Grupo Sierra","date":"23\/04\/2014","format":false,"excerpt":"La Plaza de Villa Obrera en Lan\u00fas Este -ubicada entre las calles Pergamino y Tucum\u00e1n, y las avenidas Eva Per\u00f3n y Villa de Luj\u00e1n- ser\u00e1 escenario de una jornada de festejos comunitarios en el marco del 70 aniversario del Municipio de Lan\u00fas, recordando a uno de sus visitantes m\u00e1s ilustres:\u2026","rel":"","context":"En \u00abLocales\u00bb","block_context":{"text":"Locales","link":"https:\/\/www.24baires.com\/?cat=38"},"img":{"alt_text":"01 Lan\u00fas ya tiene su primer skatepark (01)","src":"https:\/\/i0.wp.com\/www.24baires.com\/wp-content\/uploads\/2014\/01\/01-Lan%C3%BAs-ya-tiene-su-primer-skatepark-01-300x153.jpg?resize=350%2C200","width":350,"height":200},"classes":[]}],"jetpack_sharing_enabled":true,"jetpack_likes_enabled":true,"_links":{"self":[{"href":"https:\/\/www.24baires.com\/index.php?rest_route=\/wp\/v2\/posts\/2652","targetHints":{"allow":["GET"]}}],"collection":[{"href":"https:\/\/www.24baires.com\/index.php?rest_route=\/wp\/v2\/posts"}],"about":[{"href":"https:\/\/www.24baires.com\/index.php?rest_route=\/wp\/v2\/types\/post"}],"author":[{"embeddable":true,"href":"https:\/\/www.24baires.com\/index.php?rest_route=\/wp\/v2\/users\/11"}],"replies":[{"embeddable":true,"href":"https:\/\/www.24baires.com\/index.php?rest_route=%2Fwp%2Fv2%2Fcomments&post=2652"}],"version-history":[{"count":0,"href":"https:\/\/www.24baires.com\/index.php?rest_route=\/wp\/v2\/posts\/2652\/revisions"}],"wp:attachment":[{"href":"https:\/\/www.24baires.com\/index.php?rest_route=%2Fwp%2Fv2%2Fmedia&parent=2652"}],"wp:term":[{"taxonomy":"category","embeddable":true,"href":"https:\/\/www.24baires.com\/index.php?rest_route=%2Fwp%2Fv2%2Fcategories&post=2652"},{"taxonomy":"post_tag","embeddable":true,"href":"https:\/\/www.24baires.com\/index.php?rest_route=%2Fwp%2Fv2%2Ftags&post=2652"}],"curies":[{"name":"wp","href":"https:\/\/api.w.org\/{rel}","templated":true}]}}