{"id":26512,"date":"2013-06-20T15:00:32","date_gmt":"2013-06-20T18:00:32","guid":{"rendered":"http:\/\/www.24baires.com\/?p=26512"},"modified":"2013-06-20T20:42:07","modified_gmt":"2013-06-20T23:42:07","slug":"una-nariz-electronica-es-capaz-de-distinguir-variedades-de-vinos","status":"publish","type":"post","link":"https:\/\/www.24baires.com\/?p=26512","title":{"rendered":"Una nariz electr\u00f3nica es capaz de distinguir variedades de vinos"},"content":{"rendered":"<p><img data-recalc-dims=\"1\" loading=\"lazy\" decoding=\"async\" class=\"aligncenter size-full wp-image-26519\" alt=\"oler vino\" src=\"https:\/\/i0.wp.com\/www.24baires.com\/wp-content\/uploads\/2013\/06\/oler-vino.jpg?resize=560%2C342\" width=\"560\" height=\"342\" srcset=\"https:\/\/i0.wp.com\/www.24baires.com\/wp-content\/uploads\/2013\/06\/oler-vino.jpg?w=560&amp;ssl=1 560w, https:\/\/i0.wp.com\/www.24baires.com\/wp-content\/uploads\/2013\/06\/oler-vino.jpg?resize=300%2C183&amp;ssl=1 300w\" sizes=\"auto, (max-width: 560px) 100vw, 560px\" \/>La Universidad de Valencia cre\u00f3 un sistema con sensores que permiten distinguir aromas. El foco del invento est\u00e1 puesto en el sector vitivin\u00edcola. \u00bfSe vienen los sommeliers robotizados?<!--more--><br \/>\nTodos los d\u00edas conocemos una nueva investigaci\u00f3n cient\u00edfica que deriva en un producto o robot extra\u00f1o que se mete en la cocina. El que nos llam\u00f3 la atenci\u00f3n esta semana es el de una nariz electr\u00f3nica capaz de seleccionar vinos. Tiene 32 sensores que le permiten distinguir, por ejemplo, el aroma de una manzana del de una pera.<br \/>\nFue creada por la Universidad Polit\u00e9cnica de Valencia, en colaboraci\u00f3n con miembros de la Universidad sueca de G\u00e4vle, principalmente para servir al sector vitivin\u00edcola, donde el olfato es esencial para distinguir tipos y calidades de uvas. Claro que una m\u00e1quina que tenga desarrollado el sentido del gusto, esencial tambi\u00e9n para distinguir un buen vino, todav\u00eda no se ha inventado.<br \/>\nQui\u00e9n sabe, tal vez en un futuro cuando vayamos a un restaurante un robot ser\u00e1 el que nos aconsejar\u00e1 sobre el mejor vino para combinar con nuestra comida. Si somos capaces de bajar los prejuicios y confiar en la tecnolog\u00eda, por supuesto.<\/p>\n<p>&nbsp;<\/p>\n<p>&nbsp;<\/p>\n<p>&nbsp;<\/p>\n<p>&nbsp;<\/p>\n<p>&nbsp;<\/p>\n<p>&nbsp;<\/p>\n<p>&nbsp;<\/p>\n<p>&nbsp;<\/p>\n<p>&nbsp;<\/p>\n<p>&nbsp;<\/p>\n<p>&nbsp;<\/p>\n<p>&nbsp;<\/p>\n<p>&nbsp;<\/p>\n<p>&nbsp;<\/p>\n<p>&nbsp;<\/p>\n<p>&nbsp;<\/p>\n<p>&nbsp;<\/p>\n<p>&nbsp;<\/p>\n","protected":false},"excerpt":{"rendered":"<p>La Universidad de Valencia cre\u00f3 un sistema con sensores que permiten distinguir aromas. El foco del invento est\u00e1 puesto en el sector vitivin\u00edcola. \u00bfSe vienen los sommeliers robotizados?<\/p>\n","protected":false},"author":4,"featured_media":0,"comment_status":"open","ping_status":"open","sticky":false,"template":"","format":"standard","meta":{"_jetpack_newsletter_access":"","_jetpack_dont_email_post_to_subs":false,"_jetpack_newsletter_tier_id":0,"_jetpack_memberships_contains_paywalled_content":false,"_jetpack_memberships_contains_paid_content":false,"footnotes":""},"categories":[52],"tags":[],"class_list":["post-26512","post","type-post","status-publish","format-standard","hentry","category-cocina-vinos"],"jetpack_featured_media_url":"","jetpack_shortlink":"https:\/\/wp.me\/p2JWE0-6TC","jetpack-related-posts":[{"id":10631,"url":"https:\/\/www.24baires.com\/?p=10631","url_meta":{"origin":26512,"position":0},"title":"Alumno de la UNS desarroll\u00f3 un avi\u00f3n no tripulado para estudios de agroclima","author":"AF","date":"27\/12\/2012","format":false,"excerpt":"Se trata de Carlos Reynoso, quien es el creador del proyecto denominado Vantri, el cual ser\u00e1 presentado este viernes como trabajo final y con el que aspirar\u00e1 a obtener su t\u00edtulo de Ingeniero Electr\u00f3nico. El aparato es la primera avioneta aut\u00f3noma realizada en la Universidad Nacional del Sur (UNS). Un\u2026","rel":"","context":"En \u00abSociedad\u00bb","block_context":{"text":"Sociedad","link":"https:\/\/www.24baires.com\/?cat=1"},"img":{"alt_text":"","src":"","width":0,"height":0},"classes":[]},{"id":53624,"url":"https:\/\/www.24baires.com\/?p=53624","url_meta":{"origin":26512,"position":1},"title":"Argentina volver\u00e1 a ser sede del Congreso Mundial de la Vi\u00f1a y el Vino","author":"GB","date":"14\/09\/2014","format":false,"excerpt":"La Argentina ser\u00e1 sede del principal encuentro vitivin\u00edcola del mundo, el Congreso Mundial de la Vi\u00f1a y el Vino, por segunda vez en la historia. Esta 37ma. edici\u00f3n se realizar\u00e1 del 9 al 14 de noviembre en Mendoza y San Juan, bajo el lema \"Vitivinicultura del Sur, confluencia de Conocimiento\u2026","rel":"","context":"En \u00abCocina &amp; Vinos\u00bb","block_context":{"text":"Cocina &amp; Vinos","link":"https:\/\/www.24baires.com\/?cat=52"},"img":{"alt_text":"vino (1)","src":"https:\/\/i0.wp.com\/www.24baires.com\/wp-content\/uploads\/2013\/08\/vino-1-300x231.jpg?resize=350%2C200","width":350,"height":200,"srcset":"https:\/\/i0.wp.com\/www.24baires.com\/wp-content\/uploads\/2013\/08\/vino-1-300x231.jpg?resize=350%2C200 1x, https:\/\/i0.wp.com\/www.24baires.com\/wp-content\/uploads\/2013\/08\/vino-1-300x231.jpg?resize=525%2C300 1.5x"},"classes":[]},{"id":49151,"url":"https:\/\/www.24baires.com\/?p=49151","url_meta":{"origin":26512,"position":2},"title":"Crece cada vez m\u00e1s la venta de vinos por internet","author":"Grupo Sierra","date":"02\/07\/2014","format":false,"excerpt":"Los consumidores ganan confianza y cada vez m\u00e1s desarrollan sus compras a trav\u00e9s de la web. Las compras se suman aunque falta la oferta que demandan los diferentes mercados. El Malbec es el m\u00e1s elegido. La comercializaci\u00f3n de productos a trav\u00e9s de la web ha crecido un 43% en los\u2026","rel":"","context":"En \u00abCocina &amp; Vinos\u00bb","block_context":{"text":"Cocina &amp; Vinos","link":"https:\/\/www.24baires.com\/?cat=52"},"img":{"alt_text":"oler vino","src":"https:\/\/i0.wp.com\/www.24baires.com\/wp-content\/uploads\/2013\/06\/oler-vino.jpg?resize=350%2C200","width":350,"height":200,"srcset":"https:\/\/i0.wp.com\/www.24baires.com\/wp-content\/uploads\/2013\/06\/oler-vino.jpg?resize=350%2C200 1x, https:\/\/i0.wp.com\/www.24baires.com\/wp-content\/uploads\/2013\/06\/oler-vino.jpg?resize=525%2C300 1.5x"},"classes":[]},{"id":47000,"url":"https:\/\/www.24baires.com\/?p=47000","url_meta":{"origin":26512,"position":3},"title":"Cr\u00edticas por la elaboraci\u00f3n de vinos con uva chinche: \u00abSon intomables\u00bb","author":"Grupo Sierra","date":"29\/05\/2014","format":false,"excerpt":"La decisi\u00f3n del INV de autorizar la elaboraci\u00f3n de vinos con uva chinche no para de cosechar cr\u00edticas. El reconocido en\u00f3logo, \u00c1ngel Mendoza fue contundente en la calificaci\u00f3n que hizo: \u201cLos caldos que se elaboran con uva chinche, son brebajes intomables\u201d. La posici\u00f3n del especialista se conoci\u00f3 tras la decisi\u00f3n\u2026","rel":"","context":"En \u00abCocina &amp; Vinos\u00bb","block_context":{"text":"Cocina &amp; Vinos","link":"https:\/\/www.24baires.com\/?cat=52"},"img":{"alt_text":"vino-alcohol-copa-tomar_MUJIMA20110224_0057_24","src":"https:\/\/i0.wp.com\/www.24baires.com\/wp-content\/uploads\/2012\/09\/vino-alcohol-copa-tomar_MUJIMA20110224_0057_24.jpg?resize=350%2C200","width":350,"height":200,"srcset":"https:\/\/i0.wp.com\/www.24baires.com\/wp-content\/uploads\/2012\/09\/vino-alcohol-copa-tomar_MUJIMA20110224_0057_24.jpg?resize=350%2C200 1x, https:\/\/i0.wp.com\/www.24baires.com\/wp-content\/uploads\/2012\/09\/vino-alcohol-copa-tomar_MUJIMA20110224_0057_24.jpg?resize=525%2C300 1.5x"},"classes":[]},{"id":26606,"url":"https:\/\/www.24baires.com\/?p=26606","url_meta":{"origin":26512,"position":4},"title":"Reconocen oficialmente como \u00abregional\u00bb al vino de la costa bonaerense","author":"AF","date":"22\/06\/2013","format":false,"excerpt":"El Vino de la Costa, tradicional producto regional de los distritos bonaerenses de Berisso y Avellaneda, recibi\u00f3 un importante respaldo al obtener el reconocimiento oficial y los certificados del Instituto Nacional de Vitivinicultura (INV). Productores vitivin\u00edcolas del distrito de Berisso, adem\u00e1s del reconocimiento oficial y los certificados del Instituto Nacional\u2026","rel":"","context":"En \u00abProvincia\u00bb","block_context":{"text":"Provincia","link":"https:\/\/www.24baires.com\/?cat=40"},"img":{"alt_text":"","src":"","width":0,"height":0},"classes":[]},{"id":60100,"url":"https:\/\/www.24baires.com\/?p=60100","url_meta":{"origin":26512,"position":5},"title":"Cristina firm\u00f3 un acuerdo con la industria del vino para evitar precios abusivos","author":"Grupo Sierra","date":"14\/01\/2015","format":false,"excerpt":"La presidenta Cristina Fern\u00e1ndez de Kirchner anunci\u00f3 la reglamentaci\u00f3n del Observatorio de Precios para ese sector productivo, con el objetivo de evitar conductas abusivas en los precios e impulsar su financiamiento. \u00a0 De acuerdo a fuentes oficiales, Cristina firm\u00f3 \"convenios de colaboraci\u00f3n con el fin de evitar potenciales conductas oligop\u00f3licas\u2026","rel":"","context":"En \u00abEconom\u00eda\u00bb","block_context":{"text":"Econom\u00eda","link":"https:\/\/www.24baires.com\/?cat=45"},"img":{"alt_text":"cristina vino","src":"https:\/\/i0.wp.com\/www.24baires.com\/wp-content\/uploads\/2015\/01\/cristina-vino.jpg?resize=350%2C200","width":350,"height":200,"srcset":"https:\/\/i0.wp.com\/www.24baires.com\/wp-content\/uploads\/2015\/01\/cristina-vino.jpg?resize=350%2C200 1x, https:\/\/i0.wp.com\/www.24baires.com\/wp-content\/uploads\/2015\/01\/cristina-vino.jpg?resize=525%2C300 1.5x"},"classes":[]}],"jetpack_sharing_enabled":true,"jetpack_likes_enabled":true,"_links":{"self":[{"href":"https:\/\/www.24baires.com\/index.php?rest_route=\/wp\/v2\/posts\/26512","targetHints":{"allow":["GET"]}}],"collection":[{"href":"https:\/\/www.24baires.com\/index.php?rest_route=\/wp\/v2\/posts"}],"about":[{"href":"https:\/\/www.24baires.com\/index.php?rest_route=\/wp\/v2\/types\/post"}],"author":[{"embeddable":true,"href":"https:\/\/www.24baires.com\/index.php?rest_route=\/wp\/v2\/users\/4"}],"replies":[{"embeddable":true,"href":"https:\/\/www.24baires.com\/index.php?rest_route=%2Fwp%2Fv2%2Fcomments&post=26512"}],"version-history":[{"count":2,"href":"https:\/\/www.24baires.com\/index.php?rest_route=\/wp\/v2\/posts\/26512\/revisions"}],"predecessor-version":[{"id":26521,"href":"https:\/\/www.24baires.com\/index.php?rest_route=\/wp\/v2\/posts\/26512\/revisions\/26521"}],"wp:attachment":[{"href":"https:\/\/www.24baires.com\/index.php?rest_route=%2Fwp%2Fv2%2Fmedia&parent=26512"}],"wp:term":[{"taxonomy":"category","embeddable":true,"href":"https:\/\/www.24baires.com\/index.php?rest_route=%2Fwp%2Fv2%2Fcategories&post=26512"},{"taxonomy":"post_tag","embeddable":true,"href":"https:\/\/www.24baires.com\/index.php?rest_route=%2Fwp%2Fv2%2Ftags&post=26512"}],"curies":[{"name":"wp","href":"https:\/\/api.w.org\/{rel}","templated":true}]}}