{"id":2639,"date":"2012-10-19T20:03:05","date_gmt":"2012-10-19T23:03:05","guid":{"rendered":"http:\/\/www.24baires.com\/?p=2639"},"modified":"2012-10-19T20:03:05","modified_gmt":"2012-10-19T23:03:05","slug":"sabbatella-hablo-de-anclar-territorialmente-en-todos-los-rincones-de-la-patria-la-ley-de-medios","status":"publish","type":"post","link":"https:\/\/www.24baires.com\/?p=2639","title":{"rendered":"Sabbatella habl\u00f3 de \u00abanclar territorialmente en todos los rincones de la patria\u00bb la Ley de Medios"},"content":{"rendered":"<p style=\"text-align: center;\"><img data-recalc-dims=\"1\" loading=\"lazy\" decoding=\"async\" class=\"size-full wp-image-2640 aligncenter\" title=\"Sabatella_1_Pascual_19102012_aa_83312\" src=\"https:\/\/i0.wp.com\/www.24baires.com\/wp-content\/uploads\/2012\/10\/Sabatella_1_Pascual_19102012_aa_83312.jpg?resize=560%2C382\" alt=\"\" width=\"560\" height=\"382\" srcset=\"https:\/\/i0.wp.com\/www.24baires.com\/wp-content\/uploads\/2012\/10\/Sabatella_1_Pascual_19102012_aa_83312.jpg?w=560&amp;ssl=1 560w, https:\/\/i0.wp.com\/www.24baires.com\/wp-content\/uploads\/2012\/10\/Sabatella_1_Pascual_19102012_aa_83312.jpg?resize=300%2C204&amp;ssl=1 300w\" sizes=\"auto, (max-width: 560px) 100vw, 560px\" \/><\/p>\n<p>El presidente de la Autoridad Federal de Servicios de Comunicaci\u00f3n Audiovisual (AFSCA), Mart\u00edn Sabbatella, afirm\u00f3 hoy que \u00abnecesitamos terminar de anclar territorialmente el valor de esta ley en cada uno de los rincones de nuestra patria\u00bb.<!--more--><br \/>\nSabbatella formul\u00f3 estas declaraciones al participar de la presentaci\u00f3n de un convenio firmado con el ministro de Trabajo, Carlos Tomada, en un acto desarrollado en la sede de la cartera laboral.<\/p>\n","protected":false},"excerpt":{"rendered":"<p>El presidente de la Autoridad Federal de Servicios de Comunicaci\u00f3n Audiovisual (AFSCA), Mart\u00edn Sabbatella, afirm\u00f3 hoy que \u00abnecesitamos terminar de anclar territorialmente el valor de esta ley en cada uno de los rincones de nuestra patria\u00bb.<\/p>\n","protected":false},"author":11,"featured_media":0,"comment_status":"open","ping_status":"open","sticky":false,"template":"","format":"standard","meta":{"_jetpack_newsletter_access":"","_jetpack_dont_email_post_to_subs":false,"_jetpack_newsletter_tier_id":0,"_jetpack_memberships_contains_paywalled_content":false,"_jetpack_memberships_contains_paid_content":false,"footnotes":""},"categories":[54],"tags":[],"class_list":["post-2639","post","type-post","status-publish","format-standard","hentry","category-medios"],"jetpack_featured_media_url":"","jetpack_shortlink":"https:\/\/wp.me\/p2JWE0-Gz","jetpack-related-posts":[{"id":104501,"url":"https:\/\/www.24baires.com\/?p=104501","url_meta":{"origin":2639,"position":0},"title":"El macrismo rechaz\u00f3 el proyecto de Emergencia Educativa en Mor\u00f3n","author":"GB","date":"16\/09\/2018","format":false,"excerpt":"La iniciativa hab\u00eda sido presentada por los bloques opositores frente a la crisis de infraestructura en las escuelas. \"La educaci\u00f3n no es prioridad para Tagliaferro\", denunciaron desde el kirchnerismo. Mientras se agudiza el conflicto salarial y edilicio en la provincia de Buenos Aires, Cambiemos vot\u00f3 en contra del proyecto presentado\u2026","rel":"","context":"En \u00abMunicipios\u00bb","block_context":{"text":"Municipios","link":"https:\/\/www.24baires.com\/?cat=44"},"img":{"alt_text":"","src":"https:\/\/i0.wp.com\/www.24baires.com\/wp-content\/uploads\/2018\/03\/tagliaferro.jpg?resize=350%2C200","width":350,"height":200,"srcset":"https:\/\/i0.wp.com\/www.24baires.com\/wp-content\/uploads\/2018\/03\/tagliaferro.jpg?resize=350%2C200 1x, https:\/\/i0.wp.com\/www.24baires.com\/wp-content\/uploads\/2018\/03\/tagliaferro.jpg?resize=525%2C300 1.5x"},"classes":[]},{"id":9252,"url":"https:\/\/www.24baires.com\/?p=9252","url_meta":{"origin":2639,"position":1},"title":"\u00abCorporaci\u00f3n o pueblo\u00bb","author":"Grupo Sierra","date":"15\/12\/2012","format":false,"excerpt":"El titular de la AFSCA asever\u00f3 que la discusi\u00f3n que se plantea con la ley de medios es \u201cquien define el rumbo del pa\u00eds, si las corporaciones o el pueblo a trav\u00e9s de sus representantes\u201d. A un d\u00eda del fallo del juez Horacio Alfonso sobre la constitucionalidad de art\u00edculos claves\u2026","rel":"","context":"En \u00abPol\u00edtica\u00bb","block_context":{"text":"Pol\u00edtica","link":"https:\/\/www.24baires.com\/?cat=51"},"img":{"alt_text":"sabbatella desafio","src":"https:\/\/i0.wp.com\/www.24baires.com\/wp-content\/uploads\/2012\/10\/sabbatella-desafio.jpg?resize=350%2C200","width":350,"height":200,"srcset":"https:\/\/i0.wp.com\/www.24baires.com\/wp-content\/uploads\/2012\/10\/sabbatella-desafio.jpg?resize=350%2C200 1x, https:\/\/i0.wp.com\/www.24baires.com\/wp-content\/uploads\/2012\/10\/sabbatella-desafio.jpg?resize=525%2C300 1.5x"},"classes":[]},{"id":53953,"url":"https:\/\/www.24baires.com\/?p=53953","url_meta":{"origin":2639,"position":2},"title":"Sabbatella asegur\u00f3 que \u00abeste gobierno no permitir\u00e1 que se le vuelva a quitar la voz al  pueblo \u00ab","author":"GB","date":"19\/09\/2014","format":false,"excerpt":"El titular de Afsca, Mart\u00edn Sabbatella, resalt\u00f3 los logros de la Ley de Medios y asegur\u00f3 que \u201cel pueblo tom\u00f3 la palabra y este Gobierno no permitir\u00e1 que se la vuelvan a quitar\u201d. En la apertura del encuentro de Comunicaci\u00f3n Audiovisual en San Juan, el titular de la Afsca sostuvo\u2026","rel":"","context":"En \u00abPol\u00edtica\u00bb","block_context":{"text":"Pol\u00edtica","link":"https:\/\/www.24baires.com\/?cat=51"},"img":{"alt_text":"sabbatella mendoza","src":"https:\/\/i0.wp.com\/www.24baires.com\/wp-content\/uploads\/2012\/11\/sabbatella-mendoza.jpg?resize=350%2C200","width":350,"height":200,"srcset":"https:\/\/i0.wp.com\/www.24baires.com\/wp-content\/uploads\/2012\/11\/sabbatella-mendoza.jpg?resize=350%2C200 1x, https:\/\/i0.wp.com\/www.24baires.com\/wp-content\/uploads\/2012\/11\/sabbatella-mendoza.jpg?resize=525%2C300 1.5x"},"classes":[]},{"id":3243,"url":"https:\/\/www.24baires.com\/?p=3243","url_meta":{"origin":2639,"position":3},"title":"La CTA respald\u00f3 la gesti\u00f3n de Mart\u00edn Sabbatella al frente de la AFSCA","author":"Grupo Sierra","date":"25\/10\/2012","format":false,"excerpt":"La Central de Trabajadores de la Argentina, que encabeza Hugo Yasky, reiter\u00f3 este jueves su apoyo a la gesti\u00f3n de Mart\u00edn Sabbatella al frente de la Autoridad Federal de Servicios de Comunicaci\u00f3n Audiovisual (AFSCA), y el compromiso con la inmediata aplicaci\u00f3n de la ley de Servicios de Comunicaci\u00f3n Audiovisual. \u201cVenimos\u2026","rel":"","context":"En \u00abMedios\u00bb","block_context":{"text":"Medios","link":"https:\/\/www.24baires.com\/?cat=54"},"img":{"alt_text":"","src":"https:\/\/i0.wp.com\/www.24baires.com\/wp-content\/uploads\/2012\/10\/yasky-sabbatella-300x213.jpg?resize=350%2C200","width":350,"height":200},"classes":[]},{"id":101098,"url":"https:\/\/www.24baires.com\/?p=101098","url_meta":{"origin":2639,"position":4},"title":"Denuncian ajuste en salud en Merlo","author":"GB","date":"16\/03\/2018","format":false,"excerpt":"Unidad Ciudadana advirti\u00f3 que Tagliaferro aplic\u00f3 en Mor\u00f3n un recorte de 100 millones en el presupuesto para el \u00e1rea con respecto a 2017. El bloque de concejales de Unidad Ciudadana de Mor\u00f3n denunci\u00f3 que la gesti\u00f3n del intendente Ramiro Tagliaferro recort\u00f3 en 100 millones el presupuesto en salud para 2018.\u2026","rel":"","context":"En \u00abMunicipios\u00bb","block_context":{"text":"Municipios","link":"https:\/\/www.24baires.com\/?cat=44"},"img":{"alt_text":"","src":"https:\/\/i0.wp.com\/www.24baires.com\/wp-content\/uploads\/2018\/03\/tagliaferro.jpg?resize=350%2C200","width":350,"height":200,"srcset":"https:\/\/i0.wp.com\/www.24baires.com\/wp-content\/uploads\/2018\/03\/tagliaferro.jpg?resize=350%2C200 1x, https:\/\/i0.wp.com\/www.24baires.com\/wp-content\/uploads\/2018\/03\/tagliaferro.jpg?resize=525%2C300 1.5x"},"classes":[]},{"id":76949,"url":"https:\/\/www.24baires.com\/?p=76949","url_meta":{"origin":2639,"position":5},"title":"El nuevo interventor de AFSCA despidi\u00f3 a 15 funcionarios del organismo","author":"GB","date":"28\/12\/2015","format":false,"excerpt":"En su gran mayor\u00eda se trata de militantes de Nuevo Encuentro, el partido pol\u00edtico que encabeza Mart\u00edn Sabbatella. \u201cLlevamos tranquilidad a los empleados. No van a tener problemas todos los que tengan una funci\u00f3n y trabajen\u201d, asegur\u00f3 el interventor. El interventor de AFSCA, Agust\u00edn Garz\u00f3n, ech\u00f3 a 15 empleados jer\u00e1rquicos\u2026","rel":"","context":"En \u00abPol\u00edtica\u00bb","block_context":{"text":"Pol\u00edtica","link":"https:\/\/www.24baires.com\/?cat=51"},"img":{"alt_text":"AFSCA","src":"https:\/\/i0.wp.com\/www.24baires.com\/wp-content\/uploads\/2015\/12\/AFSCA.jpg?resize=350%2C200","width":350,"height":200,"srcset":"https:\/\/i0.wp.com\/www.24baires.com\/wp-content\/uploads\/2015\/12\/AFSCA.jpg?resize=350%2C200 1x, https:\/\/i0.wp.com\/www.24baires.com\/wp-content\/uploads\/2015\/12\/AFSCA.jpg?resize=525%2C300 1.5x"},"classes":[]}],"jetpack_sharing_enabled":true,"jetpack_likes_enabled":true,"_links":{"self":[{"href":"https:\/\/www.24baires.com\/index.php?rest_route=\/wp\/v2\/posts\/2639","targetHints":{"allow":["GET"]}}],"collection":[{"href":"https:\/\/www.24baires.com\/index.php?rest_route=\/wp\/v2\/posts"}],"about":[{"href":"https:\/\/www.24baires.com\/index.php?rest_route=\/wp\/v2\/types\/post"}],"author":[{"embeddable":true,"href":"https:\/\/www.24baires.com\/index.php?rest_route=\/wp\/v2\/users\/11"}],"replies":[{"embeddable":true,"href":"https:\/\/www.24baires.com\/index.php?rest_route=%2Fwp%2Fv2%2Fcomments&post=2639"}],"version-history":[{"count":0,"href":"https:\/\/www.24baires.com\/index.php?rest_route=\/wp\/v2\/posts\/2639\/revisions"}],"wp:attachment":[{"href":"https:\/\/www.24baires.com\/index.php?rest_route=%2Fwp%2Fv2%2Fmedia&parent=2639"}],"wp:term":[{"taxonomy":"category","embeddable":true,"href":"https:\/\/www.24baires.com\/index.php?rest_route=%2Fwp%2Fv2%2Fcategories&post=2639"},{"taxonomy":"post_tag","embeddable":true,"href":"https:\/\/www.24baires.com\/index.php?rest_route=%2Fwp%2Fv2%2Ftags&post=2639"}],"curies":[{"name":"wp","href":"https:\/\/api.w.org\/{rel}","templated":true}]}}