{"id":2634,"date":"2012-10-19T19:39:47","date_gmt":"2012-10-19T22:39:47","guid":{"rendered":"http:\/\/www.24baires.com\/?p=2634"},"modified":"2012-10-20T13:24:28","modified_gmt":"2012-10-20T16:24:28","slug":"docentes-dudan-de-la-fecha-de-inicio-de-clases-y-hablan-de-decision-unilateral-de-scioli","status":"publish","type":"post","link":"https:\/\/www.24baires.com\/?p=2634","title":{"rendered":"Docentes dudan de la fecha de inicio de clases y hablan de \u00abdecisi\u00f3n unilateral\u00bb de Scioli"},"content":{"rendered":"<p><img data-recalc-dims=\"1\" loading=\"lazy\" decoding=\"async\" class=\"alignleft size-full wp-image-2635\" title=\"SUTEBA BARADEL\" src=\"https:\/\/i0.wp.com\/www.24baires.com\/wp-content\/uploads\/2012\/10\/SUTEBA-BARADEL.jpg?resize=320%2C200\" alt=\"\" width=\"320\" height=\"200\" srcset=\"https:\/\/i0.wp.com\/www.24baires.com\/wp-content\/uploads\/2012\/10\/SUTEBA-BARADEL.jpg?w=320&amp;ssl=1 320w, https:\/\/i0.wp.com\/www.24baires.com\/wp-content\/uploads\/2012\/10\/SUTEBA-BARADEL.jpg?resize=300%2C187&amp;ssl=1 300w\" sizes=\"auto, (max-width: 320px) 100vw, 320px\" \/>Desde CTERA advirtieron que la fecha del comienzo del ciclo escolar \u201cdebi\u00f3 tratarse en paritarias y no haberse resuelto en forma unilateral por el gobierno\u201d. En tanto, la CTA bonaerense confirm\u00f3 el paro de 48 horas para la semana pr\u00f3xima.<!--more--><\/p>\n<p>Frente al anuncio del Ministerio de Educaci\u00f3n sobre el comienzo del ciclo lectivo del a\u00f1o pr\u00f3ximo, que ser\u00e1 el 25 de febrero, desde la CTERA salieron a cuestionar que la decisi\u00f3n se tom\u00f3 de forma \u201cunilateral\u201d. Adem\u00e1s, CTA confirm\u00f3 el paro de la semana que viene.<\/p>\n<p>\u201cEl calendario escolar es un tema que debi\u00f3 tratarse en paritarias y no haberse resuelto en forma unilateral por el gobierno\u201d, se\u00f1alaron desde CTERA, al tiempo que reiteraron \u201cla necesidad de garantizar condiciones dignas de ense\u00f1ar y aprender en todos las escuelas del pa\u00eds\u201d.<\/p>\n<p>Adem\u00e1s, manifestaron: \u201cExpresamos nuestra preocupaci\u00f3n ya que en muchas provincias para la fecha en cuesti\u00f3n, no van a estar designados los docentes en todos los cargos\u201d. \u201cDesde CTERA destacamos que la calidad educativa debe ser garantizada cumpliendo con la Ley Nacional de Educaci\u00f3n, con capacitaci\u00f3n docente en servicio y salarios dignos\u201d, acot\u00f3 el gremio dirigido por Stella Maldonado a trav\u00e9s de un comunicado de prensa.<\/p>\n<p>En tanto, la CTA Provincia de Buenos Aires confirm\u00f3 el paro de 48 horas para la semana que viene, la medida de fuerza se concretar\u00e1 los d\u00edas 23 y 24 de octubre, con una movilizaci\u00f3n a la Gobernaci\u00f3n el 24.<\/p>\n<p>En tanto, Roberto Baradel responsabiliz\u00f3 al gobierno bonaerense por \u201cno ejecutar el presupuesto de infraestructura, porque hay m\u00e1s de 3.000 docentes de la provincia de Buenos Aires que desde abril no cobran el salario por fallas administrativas e ineficiencia de la administraci\u00f3n, por los cortes en los servicios de los transportes en algunos distritos, por no haber resuelto el reclamo de Asignaciones Familiares (cuando ha nivel nacional ya se resolvi\u00f3 desde hace un mes), por pagar con retrasos los aportes a la obra social IOMA, por la falta de insumos en los hospitales, por el recorte en el salario de los trabajadores estatales, la falta de presupuesto en la justicia, el corte en los comedores comunitarios y por no haber convocado a paritarias\u201d.<\/p>\n","protected":false},"excerpt":{"rendered":"<p>Desde CTERA advirtieron que la fecha del comienzo del ciclo escolar \u201cdebi\u00f3 tratarse en paritarias y no haberse resuelto en forma unilateral por el gobierno\u201d. En tanto, la CTA bonaerense confirm\u00f3 el paro de 48 horas para la semana pr\u00f3xima.<\/p>\n","protected":false},"author":11,"featured_media":0,"comment_status":"open","ping_status":"open","sticky":false,"template":"","format":"standard","meta":{"_jetpack_newsletter_access":"","_jetpack_dont_email_post_to_subs":false,"_jetpack_newsletter_tier_id":0,"_jetpack_memberships_contains_paywalled_content":false,"_jetpack_memberships_contains_paid_content":false,"footnotes":""},"categories":[40],"tags":[],"class_list":["post-2634","post","type-post","status-publish","format-standard","hentry","category-provincia"],"jetpack_featured_media_url":"","jetpack_shortlink":"https:\/\/wp.me\/p2JWE0-Gu","jetpack-related-posts":[{"id":79277,"url":"https:\/\/www.24baires.com\/?p=79277","url_meta":{"origin":2634,"position":0},"title":"Ctera llama a no comenzar las clases el lunes","author":"GB","date":"23\/02\/2016","format":false,"excerpt":"El gremio anunciar\u00e1 un paro para el primer d\u00eda de clases, el pr\u00f3ximo lunes. Los docentes agrupados en la Central de Trabajadores de la Educaci\u00f3n de la Rep\u00fablica Argentina (Ctera) ratificar\u00e1n el viernes un paro nacional para el lunes pr\u00f3ximo, por lo que las clases no comenzar\u00e1n con normalidad en\u2026","rel":"","context":"En \u00abPol\u00edtica\u00bb","block_context":{"text":"Pol\u00edtica","link":"https:\/\/www.24baires.com\/?cat=51"},"img":{"alt_text":"paritaria docentes","src":"https:\/\/i0.wp.com\/www.24baires.com\/wp-content\/uploads\/2015\/12\/paritaria-docentes.jpg?resize=350%2C200","width":350,"height":200,"srcset":"https:\/\/i0.wp.com\/www.24baires.com\/wp-content\/uploads\/2015\/12\/paritaria-docentes.jpg?resize=350%2C200 1x, https:\/\/i0.wp.com\/www.24baires.com\/wp-content\/uploads\/2015\/12\/paritaria-docentes.jpg?resize=525%2C300 1.5x"},"classes":[]},{"id":103122,"url":"https:\/\/www.24baires.com\/?p=103122","url_meta":{"origin":2634,"position":1},"title":"Comenz\u00f3 el paro nacional docente convocado por CTERA","author":"GB","date":"03\/07\/2018","format":false,"excerpt":"La Confederaci\u00f3n de Trabajadores de la Educaci\u00f3n realiza la medida de fuerza por 24 horas a ra\u00edz de la represi\u00f3n que sufrieron sus pares en Chubut. Adem\u00e1s exigen la reapertura de la paritaria nacional y la resoluci\u00f3n de los reclamos salariales. La Confederaci\u00f3n de Trabajadores de la Educaci\u00f3n (CTERA) convoc\u00f3\u2026","rel":"","context":"En \u00abPol\u00edtica\u00bb","block_context":{"text":"Pol\u00edtica","link":"https:\/\/www.24baires.com\/?cat=51"},"img":{"alt_text":"","src":"https:\/\/i0.wp.com\/www.24baires.com\/wp-content\/uploads\/2016\/03\/ctera-paro.jpg?resize=350%2C200","width":350,"height":200,"srcset":"https:\/\/i0.wp.com\/www.24baires.com\/wp-content\/uploads\/2016\/03\/ctera-paro.jpg?resize=350%2C200 1x, https:\/\/i0.wp.com\/www.24baires.com\/wp-content\/uploads\/2016\/03\/ctera-paro.jpg?resize=525%2C300 1.5x"},"classes":[]},{"id":121175,"url":"https:\/\/www.24baires.com\/?p=121175","url_meta":{"origin":2634,"position":2},"title":"CTERA anunci\u00f3 un paro nacional docente para el jueves 4 de abril","author":"GB","date":"03\/04\/2024","format":false,"excerpt":"Se trata de una protesta por la eliminaci\u00f3n del FONID y la no convocatoria de la Paritaria Nacional Docente. En protesta por la eliminaci\u00f3n del FONID y la no convocatoria de la Paritaria Nacional Docente, los trabajadores docentes nucleados en CTERA anunciaron un paro nacional para el pr\u00f3ximo jueves 4\u2026","rel":"","context":"En \u00abPol\u00edtica\u00bb","block_context":{"text":"Pol\u00edtica","link":"https:\/\/www.24baires.com\/?cat=51"},"img":{"alt_text":"","src":"https:\/\/i0.wp.com\/www.24baires.com\/wp-content\/uploads\/2024\/02\/ctera.webp?resize=350%2C200","width":350,"height":200,"srcset":"https:\/\/i0.wp.com\/www.24baires.com\/wp-content\/uploads\/2024\/02\/ctera.webp?resize=350%2C200 1x, https:\/\/i0.wp.com\/www.24baires.com\/wp-content\/uploads\/2024\/02\/ctera.webp?resize=525%2C300 1.5x, https:\/\/i0.wp.com\/www.24baires.com\/wp-content\/uploads\/2024\/02\/ctera.webp?resize=700%2C400 2x"},"classes":[]},{"id":112304,"url":"https:\/\/www.24baires.com\/?p=112304","url_meta":{"origin":2634,"position":3},"title":"Los judiciales bonaerenses anunciaron un paro el pr\u00f3ximo jueves en reclamo de paritarias","author":"GB","date":"01\/10\/2019","format":false,"excerpt":"De acuerdo a lo resuelto por el Congreso Provincial realizado el pasado lunes frente a la decisi\u00f3n del gobierno de disponer un nuevo aumento unilateral sin retomar la negociaci\u00f3n paritaria, la AJB convoco a un paro con movilizaci\u00f3n a La Plata para el pr\u00f3ximo jueves. Adem\u00e1s, se realizar\u00e1 al mediod\u00eda\u2026","rel":"","context":"En \u00abProvincia\u00bb","block_context":{"text":"Provincia","link":"https:\/\/www.24baires.com\/?cat=40"},"img":{"alt_text":"","src":"https:\/\/i0.wp.com\/www.24baires.com\/wp-content\/uploads\/2014\/03\/judicial.gif?resize=350%2C200","width":350,"height":200,"srcset":"https:\/\/i0.wp.com\/www.24baires.com\/wp-content\/uploads\/2014\/03\/judicial.gif?resize=350%2C200 1x, https:\/\/i0.wp.com\/www.24baires.com\/wp-content\/uploads\/2014\/03\/judicial.gif?resize=525%2C300 1.5x"},"classes":[]},{"id":107705,"url":"https:\/\/www.24baires.com\/?p=107705","url_meta":{"origin":2634,"position":4},"title":"Docentes se suman al paro nacional del 30 de abril y no habr\u00e1 clases","author":"GB","date":"17\/04\/2019","format":false,"excerpt":"SUTEBA inform\u00f3 que se plegar\u00e1n al paro del martes 30 de abril que realizar\u00e1n la Multisectorial 21F, las tres CTA, movimientos sociales y la izquierda. Lo confirmaron la secretaria general de la CTERA, Sonia Alesso y el secretario general de SUTEBA, Roberto Baradel. Horas despu\u00e9s del cierre de la paritaria\u2026","rel":"","context":"En \u00abPol\u00edtica\u00bb","block_context":{"text":"Pol\u00edtica","link":"https:\/\/www.24baires.com\/?cat=51"},"img":{"alt_text":"","src":"https:\/\/i0.wp.com\/www.24baires.com\/wp-content\/uploads\/2018\/04\/docentes-universitarios.jpg?resize=350%2C200","width":350,"height":200,"srcset":"https:\/\/i0.wp.com\/www.24baires.com\/wp-content\/uploads\/2018\/04\/docentes-universitarios.jpg?resize=350%2C200 1x, https:\/\/i0.wp.com\/www.24baires.com\/wp-content\/uploads\/2018\/04\/docentes-universitarios.jpg?resize=525%2C300 1.5x"},"classes":[]},{"id":103024,"url":"https:\/\/www.24baires.com\/?p=103024","url_meta":{"origin":2634,"position":5},"title":"Docentes de todo el pa\u00eds paran el pr\u00f3ximo martes","author":"GB","date":"27\/06\/2018","format":false,"excerpt":"Bajo la consigna \u201cla represi\u00f3n es nuestro l\u00edmite\u201d, la CTERA lanz\u00f3 un paro nacional con movilizaci\u00f3n para el 3 de julio. Por ahora adhiere SUTEBA, que adelant\u00f3 que estudia un paro provincial antes del receso de invierno. Los docentes de todo el pa\u00eds parar\u00e1n el pr\u00f3ximo martes, 3 de julio,\u2026","rel":"","context":"En \u00abPol\u00edtica\u00bb","block_context":{"text":"Pol\u00edtica","link":"https:\/\/www.24baires.com\/?cat=51"},"img":{"alt_text":"","src":"https:\/\/i0.wp.com\/www.24baires.com\/wp-content\/uploads\/2016\/03\/ctera-paro.jpg?resize=350%2C200","width":350,"height":200,"srcset":"https:\/\/i0.wp.com\/www.24baires.com\/wp-content\/uploads\/2016\/03\/ctera-paro.jpg?resize=350%2C200 1x, https:\/\/i0.wp.com\/www.24baires.com\/wp-content\/uploads\/2016\/03\/ctera-paro.jpg?resize=525%2C300 1.5x"},"classes":[]}],"jetpack_sharing_enabled":true,"jetpack_likes_enabled":true,"_links":{"self":[{"href":"https:\/\/www.24baires.com\/index.php?rest_route=\/wp\/v2\/posts\/2634","targetHints":{"allow":["GET"]}}],"collection":[{"href":"https:\/\/www.24baires.com\/index.php?rest_route=\/wp\/v2\/posts"}],"about":[{"href":"https:\/\/www.24baires.com\/index.php?rest_route=\/wp\/v2\/types\/post"}],"author":[{"embeddable":true,"href":"https:\/\/www.24baires.com\/index.php?rest_route=\/wp\/v2\/users\/11"}],"replies":[{"embeddable":true,"href":"https:\/\/www.24baires.com\/index.php?rest_route=%2Fwp%2Fv2%2Fcomments&post=2634"}],"version-history":[{"count":0,"href":"https:\/\/www.24baires.com\/index.php?rest_route=\/wp\/v2\/posts\/2634\/revisions"}],"wp:attachment":[{"href":"https:\/\/www.24baires.com\/index.php?rest_route=%2Fwp%2Fv2%2Fmedia&parent=2634"}],"wp:term":[{"taxonomy":"category","embeddable":true,"href":"https:\/\/www.24baires.com\/index.php?rest_route=%2Fwp%2Fv2%2Fcategories&post=2634"},{"taxonomy":"post_tag","embeddable":true,"href":"https:\/\/www.24baires.com\/index.php?rest_route=%2Fwp%2Fv2%2Ftags&post=2634"}],"curies":[{"name":"wp","href":"https:\/\/api.w.org\/{rel}","templated":true}]}}