{"id":26338,"date":"2013-06-18T23:51:24","date_gmt":"2013-06-19T02:51:24","guid":{"rendered":"http:\/\/www.24baires.com\/?p=26338"},"modified":"2013-06-18T23:54:01","modified_gmt":"2013-06-19T02:54:01","slug":"la-justicia-poderosa","status":"publish","type":"post","link":"https:\/\/www.24baires.com\/?p=26338","title":{"rendered":"La justicia poderosa"},"content":{"rendered":"<p style=\"text-align: center;\"><img data-recalc-dims=\"1\" loading=\"lazy\" decoding=\"async\" class=\"aligncenter  wp-image-26346\" alt=\"corte suprema mala\" src=\"https:\/\/i0.wp.com\/www.24baires.com\/wp-content\/uploads\/2013\/06\/corte-suprema-mala.jpg?resize=560%2C375\" width=\"560\" height=\"375\" \/><\/p>\n<p>Aunque, aclaran, el fallo no genera ninguna modificaci\u00f3n en la convocatoria a elecciones legislativas para senadores, diputados, concejales y consejeros escolares de agosto, la Corte Suprema de Justicia declar\u00f3 inconstitucional cuatro art\u00edculos de la oportunamente votada reforma del Consejo de la Magistratura, art\u00edculos que significaban la elecci\u00f3n mediante el voto popular de consejeros durante las Primarias Abiertas Simult\u00e1neas y Obligatorias de agosto.<!--more--><br \/>\nRecordemos, aunque sea unos segundos, no hay por qu\u00e9 abusar, aquel llamado de la rep\u00fablica que hizo Elisa Carri\u00f3, como ella sola sabe hacer, y dijo, denunciando, que hab\u00eda un pacto entre Ricardo Lorenzetti y Cristina Fern\u00e1ndez de Kirchner. Se dificulta mucho encontrar las pruebas de ese supuesto acuerdo, al menos en los hechos, o como muchos gustan en llamar: la realidad. Podemos, tambi\u00e9n, para no dejar la mente fija en Carri\u00f3, recordar todo lo que dijeron desde la oposici\u00f3n sobre el manejo que el gobierno nacional ten\u00eda por sobre el Poder Judicial. Dijeron que la justicia estaba a merced del Kirchnerismo, dijeron que Cristina, casi de taquito, acomodaba los fallos a su antojo y conveniencia. \u00bfSi? Pero, esta Cristina, fallando en su propia contra, siempre.<\/p>\n<p>V\u00eda Per Saltum, hab\u00eda llegado al m\u00e1ximo tribunal la reforma al Consejo de la Magistratura, luego de que Mar\u00eda Servini de Cubr\u00eda hab\u00eda declarado inconstitucionales esos cuatro art\u00edculos. Y con el voto en disidencia de Ra\u00fal Zaffaroni, la Corte decidi\u00f3 suscribir en esa l\u00ednea.<br \/>\nArduo proceso el de la democratizaci\u00f3n judicial. No s\u00f3lo complejo y necesario, sino tambi\u00e9n cargado de trabas e imposiciones. Descartando el absurdo de que la justicia fall\u00f3 a favor de la rep\u00fablica, como algunos pol\u00edticos fan\u00e1ticos de los lugares comunes y del facilismo que regala el lenguaje barato y breve se apresuraron en se\u00f1alar, \u00bfa qu\u00e9 le tiene miedo el Poder judicial? \u00bfPor qu\u00e9 la corporaci\u00f3n judicial ataja mejor que Goycochea en el mundial de Italia? Son preguntas que resultan necesarias a la luz de los hechos, de los fallos.<\/p>\n<p>La corporaci\u00f3n judicial elimina de plano la posibilidad de que el pueblo elija. Eso no ha de estar bien nunca. \u00bfLe temen al pueblo soberano? \u00bfLe tienen temor a lo que el pueblo puede hacer eligiendo? Parece que si, parece que les da miedo lo que puede significa el voto popular.<br \/>\nNo han defendido a la rep\u00fablica, como alg\u00fan ex gobernador se alegr\u00f3 por ah\u00ed. Le han restado una libertad al pueblo, la cual fue adquirida democr\u00e1ticamente mediante el voto de sus representantes en las c\u00e1maras. Y eso s\u00f3lo puede alegrar a quienes no conf\u00edan en las decisiones populares, y quienes no conf\u00edan en el pueblo, dif\u00edcilmente lo respeten, lo comprendan, lo representen.<\/p>\n<p>\u201cLa ley resulta inconstitucional en cuanto: a) rompe el equilibrio al disponer que la totalidad de los miembros del Consejo resulte directa o indirectamente emergente del sistema pol\u00edtico-partidario, b) desconoce el principio de representaci\u00f3n de los estamentos t\u00e9cnicos al establecer la elecci\u00f3n directa de jueces, abogados, acad\u00e9micos y cient\u00edficos, c) compromete la independencia judicial al obligar a los jueces a intervenir en la lucha partidaria, y d) vulnera el ejercicio de los derechos de los ciudadanos al distorsionar el proceso electoral\u201d, dice el fallo.<\/p>\n<p>Todos los jueces, todos los miembros de la Corte, todo el poder judicial, responde a intereses, propios, ajenos. Son parte del sistema pol\u00edtico-partidario del cual reniegan, porque son parte del sistema republicano. No son independientes de sus ideas, todos profesan una ideolog\u00eda determinada y obran en consecuencia. Mienten al negarlo.<\/p>\n<p>Son tres poderes los que nos gobiernan. El judicial es uno de ellos. Algunos miembros del poder legislativo, porque no pueden ser el poder ejecutivo, se recuestan c\u00f3modos en estos fallos, porque quisieran que est\u00e9n por sobre los representantes que las mayor\u00edas eligieron, porque esas mayor\u00edas, no los votaron a ellos. Porque sigue siendo el poder econ\u00f3mico, el corporativo, que tambi\u00e9n atraviesa la justicia argentina, el que siempre, hist\u00f3ricamente, falla a favor de un selecto grupo, minoritario y poderoso, ese grupo que estuvo y est\u00e1 en contra de los intereses del pueblo.<\/p>\n<p>&nbsp;<\/p>\n<p>&nbsp;<\/p>\n","protected":false},"excerpt":{"rendered":"<p>Aunque, aclaran, el fallo no genera ninguna modificaci\u00f3n en la convocatoria a elecciones legislativas para senadores, diputados, concejales y consejeros escolares de agosto, la Corte Suprema de Justicia declar\u00f3 inconstitucional cuatro art\u00edculos de la oportunamente votada reforma del Consejo de la Magistratura, art\u00edculos que significaban la elecci\u00f3n mediante el voto popular de consejeros durante las Primarias Abiertas Simult\u00e1neas y Obligatorias [&#8230;]<\/p>\n","protected":false},"author":11,"featured_media":0,"comment_status":"open","ping_status":"open","sticky":false,"template":"","format":"standard","meta":{"_jetpack_newsletter_access":"","_jetpack_dont_email_post_to_subs":false,"_jetpack_newsletter_tier_id":0,"_jetpack_memberships_contains_paywalled_content":false,"_jetpack_memberships_contains_paid_content":false,"footnotes":""},"categories":[64],"tags":[],"class_list":["post-26338","post","type-post","status-publish","format-standard","hentry","category-opinion"],"jetpack_featured_media_url":"","jetpack_shortlink":"https:\/\/wp.me\/p2JWE0-6QO","jetpack-related-posts":[{"id":25835,"url":"https:\/\/www.24baires.com\/?p=25835","url_meta":{"origin":26338,"position":0},"title":"Hasta que la Corte no se expida, la elecci\u00f3n popular de consejeros sigue vigente","author":"AF","date":"13\/06\/2013","format":false,"excerpt":"La jueza Mar\u00eda Servini de Cubr\u00eda declar\u00f3 la inconstitucionalidad de la elecci\u00f3n popular de los integrantes del Consejo de la Magistratura. Julio Alak confirm\u00f3 que antes del viernes el gobierno apelar\u00e1 la medida y declar\u00f3: \"donde no hay democracia, hay aristocracia\u201d. El ministro de Justicia y Derechos Humanos, Julio Alak,\u2026","rel":"","context":"En \u00abSociedad\u00bb","block_context":{"text":"Sociedad","link":"https:\/\/www.24baires.com\/?cat=1"},"img":{"alt_text":"alak","src":"https:\/\/i0.wp.com\/www.24baires.com\/wp-content\/uploads\/2012\/10\/alak.jpg?resize=350%2C200","width":350,"height":200,"srcset":"https:\/\/i0.wp.com\/www.24baires.com\/wp-content\/uploads\/2012\/10\/alak.jpg?resize=350%2C200 1x, https:\/\/i0.wp.com\/www.24baires.com\/wp-content\/uploads\/2012\/10\/alak.jpg?resize=525%2C300 1.5x"},"classes":[]},{"id":24456,"url":"https:\/\/www.24baires.com\/?p=24456","url_meta":{"origin":26338,"position":1},"title":"La elecci\u00f3n del Consejo de la Magistratura se har\u00e1 junto con las primarias de agosto","author":"Grupo Sierra","date":"27\/05\/2013","format":false,"excerpt":"El llamado a elecci\u00f3n es junto con las primarias (PASO) del 11 de agosto y las legislativas del 27 de octubre. Y promulg\u00f3 la ley de reforma del Consejo que ampl\u00eda de 13 a 19 el n\u00famero de miembros y establece la designaci\u00f3n de 12 de ellos por el voto\u2026","rel":"","context":"En \u00abPol\u00edtica\u00bb","block_context":{"text":"Pol\u00edtica","link":"https:\/\/www.24baires.com\/?cat=51"},"img":{"alt_text":"","src":"","width":0,"height":0},"classes":[]},{"id":25707,"url":"https:\/\/www.24baires.com\/?p=25707","url_meta":{"origin":26338,"position":2},"title":"El Gobierno inform\u00f3 que apelar\u00e1 al fallo contra la elecci\u00f3n popular de consejeros","author":"AF","date":"12\/06\/2013","format":false,"excerpt":"Anoche, la jueza Mar\u00eda Servini de Cubr\u00eda declar\u00f3 la inconstitucionalidad de la elecci\u00f3n popular de los integrantes del Consejo de la Magistratura. Esta ma\u00f1ana, Julio Alak confirm\u00f3 que entre hoy el viernes el gobierno apelar\u00e1 la medida. Julio Alak, confirm\u00f3 hoy que el Gobierno apelar\u00e1 \"entre hoy y el viernes\"\u2026","rel":"","context":"En \u00abPol\u00edtica\u00bb","block_context":{"text":"Pol\u00edtica","link":"https:\/\/www.24baires.com\/?cat=51"},"img":{"alt_text":"alak ley medios","src":"https:\/\/i0.wp.com\/www.24baires.com\/wp-content\/uploads\/2012\/12\/alak-ley-medios.jpg?resize=350%2C200","width":350,"height":200,"srcset":"https:\/\/i0.wp.com\/www.24baires.com\/wp-content\/uploads\/2012\/12\/alak-ley-medios.jpg?resize=350%2C200 1x, https:\/\/i0.wp.com\/www.24baires.com\/wp-content\/uploads\/2012\/12\/alak-ley-medios.jpg?resize=525%2C300 1.5x"},"classes":[]},{"id":24503,"url":"https:\/\/www.24baires.com\/?p=24503","url_meta":{"origin":26338,"position":3},"title":"La oposici\u00f3n dice que presentar\u00e1 una lista \u00fanica para el Consejo de la Magistratura","author":"Grupo Sierra","date":"27\/05\/2013","format":false,"excerpt":"El radicalismo, a trav\u00e9s de un comunicado, inform\u00f3 que la demanda contra la ley de reforma del Consejo de la Magistratura, promulgada por el Poder Ejecutivo, fue presentada por el titular del partido, Mario Barletta, y qued\u00f3 radicada en el juzgado con competencia electoral de la Capital Federal, a cargo\u2026","rel":"","context":"En \u00abProvincia\u00bb","block_context":{"text":"Provincia","link":"https:\/\/www.24baires.com\/?cat=40"},"img":{"alt_text":"marcha oposicion tribunales","src":"https:\/\/i0.wp.com\/www.24baires.com\/wp-content\/uploads\/2013\/05\/marcha-oposicion-tribunales-300x224.jpg?resize=350%2C200","width":350,"height":200},"classes":[]},{"id":112714,"url":"https:\/\/www.24baires.com\/?p=112714","url_meta":{"origin":26338,"position":4},"title":"Aseguran que vot\u00f3 m\u00e1s del 80% del electorado","author":"AF","date":"27\/10\/2019","format":false,"excerpt":"\"Fueron unas elecciones tranquilas\", subray\u00f3 el ministro del Interior apenas cerraron los comicios. El ministro del Interior, Rogelio Frigerio, confirm\u00f3 este domingo a las 18 que cerraron los centros de votaci\u00f3n en todo el pa\u00eds y que m\u00e1s del 80% del padr\u00f3n ejerci\u00f3 su sufragio en la fecha central del\u2026","rel":"","context":"En \u00abELECCIONES 2019\u00bb","block_context":{"text":"ELECCIONES 2019","link":"https:\/\/www.24baires.com\/?cat=329"},"img":{"alt_text":"","src":"https:\/\/i0.wp.com\/www.24baires.com\/wp-content\/uploads\/2013\/08\/urna3.jpg?resize=350%2C200","width":350,"height":200,"srcset":"https:\/\/i0.wp.com\/www.24baires.com\/wp-content\/uploads\/2013\/08\/urna3.jpg?resize=350%2C200 1x, https:\/\/i0.wp.com\/www.24baires.com\/wp-content\/uploads\/2013\/08\/urna3.jpg?resize=525%2C300 1.5x"},"classes":[]},{"id":25677,"url":"https:\/\/www.24baires.com\/?p=25677","url_meta":{"origin":26338,"position":5},"title":"Servini de Cubr\u00eda fren\u00f3 la elecci\u00f3n popular del Consejo de la Magistratura","author":"Grupo Sierra","date":"11\/06\/2013","format":false,"excerpt":"La jueza federal con competencia electoral Mar\u00eda Romilda Servini de Cubr\u00eda declar\u00f3 inconstitucional la ley votada en el Congreso que habilitaba la votaci\u00f3n popular de los miembros del Consejo de la Magistratura. La magistrada fall\u00f3 sobre dos recursos de amparo que hab\u00edan presentado el presidente del Colegio P\u00fablico de Abogados,\u2026","rel":"","context":"En \u00abPol\u00edtica\u00bb","block_context":{"text":"Pol\u00edtica","link":"https:\/\/www.24baires.com\/?cat=51"},"img":{"alt_text":"0000servini","src":"https:\/\/i0.wp.com\/www.24baires.com\/wp-content\/uploads\/2013\/06\/0000servini.jpg?resize=350%2C200","width":350,"height":200,"srcset":"https:\/\/i0.wp.com\/www.24baires.com\/wp-content\/uploads\/2013\/06\/0000servini.jpg?resize=350%2C200 1x, https:\/\/i0.wp.com\/www.24baires.com\/wp-content\/uploads\/2013\/06\/0000servini.jpg?resize=525%2C300 1.5x"},"classes":[]}],"jetpack_sharing_enabled":true,"jetpack_likes_enabled":true,"_links":{"self":[{"href":"https:\/\/www.24baires.com\/index.php?rest_route=\/wp\/v2\/posts\/26338","targetHints":{"allow":["GET"]}}],"collection":[{"href":"https:\/\/www.24baires.com\/index.php?rest_route=\/wp\/v2\/posts"}],"about":[{"href":"https:\/\/www.24baires.com\/index.php?rest_route=\/wp\/v2\/types\/post"}],"author":[{"embeddable":true,"href":"https:\/\/www.24baires.com\/index.php?rest_route=\/wp\/v2\/users\/11"}],"replies":[{"embeddable":true,"href":"https:\/\/www.24baires.com\/index.php?rest_route=%2Fwp%2Fv2%2Fcomments&post=26338"}],"version-history":[{"count":3,"href":"https:\/\/www.24baires.com\/index.php?rest_route=\/wp\/v2\/posts\/26338\/revisions"}],"predecessor-version":[{"id":26351,"href":"https:\/\/www.24baires.com\/index.php?rest_route=\/wp\/v2\/posts\/26338\/revisions\/26351"}],"wp:attachment":[{"href":"https:\/\/www.24baires.com\/index.php?rest_route=%2Fwp%2Fv2%2Fmedia&parent=26338"}],"wp:term":[{"taxonomy":"category","embeddable":true,"href":"https:\/\/www.24baires.com\/index.php?rest_route=%2Fwp%2Fv2%2Fcategories&post=26338"},{"taxonomy":"post_tag","embeddable":true,"href":"https:\/\/www.24baires.com\/index.php?rest_route=%2Fwp%2Fv2%2Ftags&post=26338"}],"curies":[{"name":"wp","href":"https:\/\/api.w.org\/{rel}","templated":true}]}}