{"id":2619,"date":"2012-10-19T17:37:54","date_gmt":"2012-10-19T20:37:54","guid":{"rendered":"http:\/\/www.24baires.com\/?p=2619"},"modified":"2012-10-19T19:27:58","modified_gmt":"2012-10-19T22:27:58","slug":"tellechea-resiste-la-zancadilla-del-momo-venegas-movilizando-al-kirchnerismo-local","status":"publish","type":"post","link":"https:\/\/www.24baires.com\/?p=2619","title":{"rendered":"Tellechea resiste la zancadilla del \u201cMomo\u201d Venegas movilizando al kirchnerismo local"},"content":{"rendered":"<p><img data-recalc-dims=\"1\" loading=\"lazy\" decoding=\"async\" class=\"aligncenter size-full wp-image-2620\" title=\"tellechea-necochea-la\" src=\"https:\/\/i0.wp.com\/www.24baires.com\/wp-content\/uploads\/2012\/10\/tellechea-necochea-la.jpg?resize=560%2C357\" alt=\"\" width=\"560\" height=\"357\" srcset=\"https:\/\/i0.wp.com\/www.24baires.com\/wp-content\/uploads\/2012\/10\/tellechea-necochea-la.jpg?w=560&amp;ssl=1 560w, https:\/\/i0.wp.com\/www.24baires.com\/wp-content\/uploads\/2012\/10\/tellechea-necochea-la.jpg?resize=300%2C191&amp;ssl=1 300w\" sizes=\"auto, (max-width: 560px) 100vw, 560px\" \/><\/p>\n<p><strong>NECOCHEA<\/strong>.-La agrupaci\u00f3n kirchnerista \u201cUnidos y Organizados\u201d prepara para esta fin de semana una caravana contra \u201cel golpe institucional\u201d en Necochea. Tras la conformaci\u00f3n de una comisi\u00f3n investigadora en el Concejo Deliberante local, el intendente recibi\u00f3 el apoyo de los gobiernos nacional y provincial. Scioli consider\u00f3 que se trata de \u201cmaniobras\u201d con \u201cun claro objetivo pol\u00edtico\u201d.\u00a0<!--more--><br \/>\nMientras los concejales de la Uni\u00f3n Peronista que responden al duhaldista-moyanista Ger\u00f3nimo \u201cMomo\u201d Venegas avanzan con la comisi\u00f3n investigadora por supuestas irregularidades en la compra de aparatolog\u00eda para el Hospital \u201cDr. Emilio Ferreyra\u201d, el intendente Horacio Tellechea viene sumando fuertes respaldos pol\u00edticos e institucionales.<\/p>\n<p>Esta semana fue uno de los jefes comunales que estuvo en las celebraciones por el 17 de octubre en la Casa Rosada. All\u00ed mantuvo reuniones con el ministro de Planificaci\u00f3n Federal, Julio De Vido, por las obras que se llevan adelante en Necocheacon fondos del Gobierno nacional, y con el secretario de Cultura, Jorge Coscia, para incorporar al distrito al Plan Nacional de Igualdad Cultural.<\/p>\n<p>Telechea tambi\u00e9n recibi\u00f3 el apoyo del gobernador bonaerense Daniel Scioli antes de un encuentro realizado ayer con una veintena de intendentes oficialistas.<\/p>\n<p>Scioli le expres\u00f3 su \u201cmayor solidaridad y acompa\u00f1amiento\u201d y asegur\u00f3 que \u201cvamos a trabajar para que prevalezca la mayor racionalidad, en el marco del respeto del Estado de derecho y de la ley, no de maniobras que se est\u00e1n llevando adelante con un claro objetivo pol\u00edtico\u201d.<\/p>\n<p>El pr\u00f3ximo domingo, en tanto, los dirigentes de \u201cUnidos y Organizados\u201d de Necochea encabezar\u00e1n una caravana para repudiar los intentos destituyentes de la oposici\u00f3n. Partir\u00e1n a las 17, desde la Avenida 59 y la calle 106 de la ciudad costera.<\/p>\n<p>Desde la organizaci\u00f3n kirchneristas denunciaron que la \u201cdecisi\u00f3n de destituir a Horacio Tellechea ya est\u00e1 tomada desde hace tiempo\u201d y que fue \u201cordenada\u201d por el \u201cMomo\u201d Venegas.<\/p>\n<p>\u201cVenegas no soporta haber perdido otra elecci\u00f3n m\u00e1s en Necochea y s\u00f3lo quiere molestar a la presidenta de la Naci\u00f3n, Cristina Fern\u00e1ndez de Kirchner, cueste lo que cueste, destituyendo a uno de los hombres que mas defienden el Proyecto Nacional en nuestro distrito. No le ha sido suficiente con alinearse con sus patrones de la Sociedad Rural, la Federaci\u00f3n Agraria, el PRO de Macri y m\u00e1s recientemente con Hugo Moyano; su actitud sigue siendo golpista y antidemocr\u00e1tica\u201d, afirmaron en un comunicado.<\/p>\n<p>La comisi\u00f3n investigadora impulsada recientemente por los concejales de la Uni\u00f3n Peronista, en alianza con el radicalismo, se tomar\u00e1 un mes para reunir antecedentes y pruebas en torno a las denuncias de irregularidades en la compra de equipamiento m\u00e9dico por 2 millones de pesos.<\/p>\n<p>Luego, el intendente tendr\u00e1 10 d\u00edas para ejercer su derecho a defensa, tras lo cual se abrir\u00e1 otro plazo de 15 d\u00edas para que aquellos integrantes de la comisi\u00f3n eleven los resultados de la investigaci\u00f3n al Consejo Deliberante.<\/p>\n<p>\u201cCon una mayor\u00eda de dos tercios, pueden votar lo que quieran. Pero ac\u00e1 no hubo dolo, no hay corrupci\u00f3n\u201d, asegur\u00f3 en estos d\u00edas Tellechea y vincul\u00f3 las acciones opositoras a una maniobra que va m\u00e1s all\u00e1 de su distrito.<\/p>\n<p>\u201cSoy un intendente kirchnerista y est\u00e1n buscando artilugios como para lograr que esto exceda a Necochea y toque cuestiones a nivel nacional\u201d, sentenci\u00f3 el intendente.<\/p>\n","protected":false},"excerpt":{"rendered":"<p>NECOCHEA.-La agrupaci\u00f3n kirchnerista \u201cUnidos y Organizados\u201d prepara para esta fin de semana una caravana contra \u201cel golpe institucional\u201d en Necochea. Tras la conformaci\u00f3n de una comisi\u00f3n investigadora en el Concejo Deliberante local, el intendente recibi\u00f3 el apoyo de los gobiernos nacional y provincial. Scioli consider\u00f3 que se trata de \u201cmaniobras\u201d con \u201cun claro objetivo pol\u00edtico\u201d.\u00a0<\/p>\n","protected":false},"author":11,"featured_media":0,"comment_status":"open","ping_status":"open","sticky":false,"template":"","format":"standard","meta":{"_jetpack_newsletter_access":"","_jetpack_dont_email_post_to_subs":false,"_jetpack_newsletter_tier_id":0,"_jetpack_memberships_contains_paywalled_content":false,"_jetpack_memberships_contains_paid_content":false,"footnotes":""},"categories":[51],"tags":[],"class_list":["post-2619","post","type-post","status-publish","format-standard","hentry","category-politica"],"jetpack_featured_media_url":"","jetpack_shortlink":"https:\/\/wp.me\/p2JWE0-Gf","jetpack-related-posts":[{"id":6934,"url":"https:\/\/www.24baires.com\/?p=6934","url_meta":{"origin":2619,"position":0},"title":"Tellechea pedir\u00e1 a la Suprema Corte que rechace su suspensi\u00f3n","author":"AF","date":"27\/11\/2012","format":false,"excerpt":"As\u00ed lo confirm\u00f3 el propio Horacio Tellechea, jefe comunal de Necochea. Solicitar\u00e1 a la Suprema Corte de la Provincia que rechace la resoluci\u00f3n del Concejo Deliberante que la semana pasada lo suspendi\u00f3 en su funciones, en lo que fue un verdadero golpe organizado por el Momo Venegas. Horacio Tellechea, confirm\u00f3\u2026","rel":"","context":"En \u00abPol\u00edtica\u00bb","block_context":{"text":"Pol\u00edtica","link":"https:\/\/www.24baires.com\/?cat=51"},"img":{"alt_text":"","src":"","width":0,"height":0},"classes":[]},{"id":18880,"url":"https:\/\/www.24baires.com\/?p=18880","url_meta":{"origin":2619,"position":1},"title":"Tellechea: \u201cNo tengo dudas de que hubo un grupo de concejales que buscaron mi destituci\u00f3n\u201d","author":"AF","date":"20\/03\/2013","format":false,"excerpt":"Ante la posibilidad de que la Suprema Corte trate hoy el recurso presentado por el intendente Horacio Tellechea, para impedir lo que ser\u00eda una decidida maniobra destituyente impulsada por los ediles de la oposici\u00f3n que responden al \u201cMomo\u201d Venegas, el jefe comunal sostuvo: \u201cque Issin sea concejal y gerente en\u2026","rel":"","context":"En \u00abPol\u00edtica\u00bb","block_context":{"text":"Pol\u00edtica","link":"https:\/\/www.24baires.com\/?cat=51"},"img":{"alt_text":"tellechea-necochea-la","src":"https:\/\/i0.wp.com\/www.24baires.com\/wp-content\/uploads\/2012\/10\/tellechea-necochea-la.jpg?resize=350%2C200","width":350,"height":200,"srcset":"https:\/\/i0.wp.com\/www.24baires.com\/wp-content\/uploads\/2012\/10\/tellechea-necochea-la.jpg?resize=350%2C200 1x, https:\/\/i0.wp.com\/www.24baires.com\/wp-content\/uploads\/2012\/10\/tellechea-necochea-la.jpg?resize=525%2C300 1.5x"},"classes":[]},{"id":4297,"url":"https:\/\/www.24baires.com\/?p=4297","url_meta":{"origin":2619,"position":2},"title":"Sospechan que \u2018El Momo\u2019 Venegas est\u00e1 atr\u00e1s de las acusaciones contra Tellechea","author":"Grupo Sierra","date":"03\/11\/2012","format":false,"excerpt":"NECOCHEA - Los concejales del FpV, Noem\u00ed Cesio y Luciano Lescano, aseguraron que la \u201ccomisi\u00f3n investigadora\u201d creada por la oposici\u00f3n en el Concejo Deliberante de Necochea es \u201cun intento de destituir al jefe comunal\u201d. El rol que juega Ger\u00f3nimo \u201cel Momo\u201d Venegas. Un aire raro se respira en Nechochea tras\u2026","rel":"","context":"En \u00abPol\u00edtica\u00bb","block_context":{"text":"Pol\u00edtica","link":"https:\/\/www.24baires.com\/?cat=51"},"img":{"alt_text":"","src":"https:\/\/i0.wp.com\/www.24baires.com\/wp-content\/uploads\/2012\/10\/macri_moyano_221012_2_ef_55850.jpg?resize=350%2C200","width":350,"height":200,"srcset":"https:\/\/i0.wp.com\/www.24baires.com\/wp-content\/uploads\/2012\/10\/macri_moyano_221012_2_ef_55850.jpg?resize=350%2C200 1x, https:\/\/i0.wp.com\/www.24baires.com\/wp-content\/uploads\/2012\/10\/macri_moyano_221012_2_ef_55850.jpg?resize=525%2C300 1.5x"},"classes":[]},{"id":8256,"url":"https:\/\/www.24baires.com\/?p=8256","url_meta":{"origin":2619,"position":3},"title":"Tellechea: \u00abEl primer tiro fue para nosotros, pero van por m\u00e1s\u00bb","author":"AF","date":"07\/12\/2012","format":false,"excerpt":"MIentras espera con expectativa una definici\u00f3n del m\u00e1ximo tribunal bonaerens, el Intendente habl\u00f3 sobre el proceso destituyente iniciado por la oposici\u00f3n. Asegur\u00f3 que las \u201ccabezas\u201d de la maniobra son los concejales Alejandro Issin y Alberto Esnaola, ambos vinculados al gremialista Ger\u00f3nimo \u201cMomo\u201d Venegas. \u201cEl primer tiro fue para nosotros, pero\u2026","rel":"","context":"En \u00abPol\u00edtica\u00bb","block_context":{"text":"Pol\u00edtica","link":"https:\/\/www.24baires.com\/?cat=51"},"img":{"alt_text":"","src":"","width":0,"height":0},"classes":[]},{"id":10052,"url":"https:\/\/www.24baires.com\/?p=10052","url_meta":{"origin":2619,"position":4},"title":"Tellechea: \u201cSe hizo justicia\u201d","author":"Grupo Sierra","date":"21\/12\/2012","format":false,"excerpt":"NECOCHEA - El intendente habl\u00f3 luego de que la Suprema Corte de Justicia desestimara el fallo de la Comisi\u00f3n Investigadora, creada por la oposici\u00f3n del Concejo Deliberante bajo el ala del gremialista Ger\u00f3nimo \u201cMomo\u201d Venegas. Para el Jefe Comunal, el fallo fue \u201cun duro rev\u00e9s para un claro intento golpe\u2026","rel":"","context":"En \u00abPol\u00edtica\u00bb","block_context":{"text":"Pol\u00edtica","link":"https:\/\/www.24baires.com\/?cat=51"},"img":{"alt_text":"","src":"","width":0,"height":0},"classes":[]},{"id":7962,"url":"https:\/\/www.24baires.com\/?p=7962","url_meta":{"origin":2619,"position":5},"title":"La Suprema Corte se expedir\u00e1 sobre la suspensi\u00f3n por 90 d\u00edas a Tellechea","author":"AF","date":"05\/12\/2012","format":false,"excerpt":"Seg\u00fan explic\u00f3 el subsecretario de gobierno local, Horacio Castelli, tratar\u00e1 en simult\u00e1neo la suspensi\u00f3n preventiva al intendente de Necochea, Horacio Tellechea, por 90 d\u00edas determinada por la Comisi\u00f3n Investigadora, compuesta por los concejales de la oposici\u00f3n, y resolver\u00e1 la presentaci\u00f3n del Jefe Comunal en relaci\u00f3n al conflicto de poderes que\u2026","rel":"","context":"En \u00abPol\u00edtica\u00bb","block_context":{"text":"Pol\u00edtica","link":"https:\/\/www.24baires.com\/?cat=51"},"img":{"alt_text":"","src":"","width":0,"height":0},"classes":[]}],"jetpack_sharing_enabled":true,"jetpack_likes_enabled":true,"_links":{"self":[{"href":"https:\/\/www.24baires.com\/index.php?rest_route=\/wp\/v2\/posts\/2619","targetHints":{"allow":["GET"]}}],"collection":[{"href":"https:\/\/www.24baires.com\/index.php?rest_route=\/wp\/v2\/posts"}],"about":[{"href":"https:\/\/www.24baires.com\/index.php?rest_route=\/wp\/v2\/types\/post"}],"author":[{"embeddable":true,"href":"https:\/\/www.24baires.com\/index.php?rest_route=\/wp\/v2\/users\/11"}],"replies":[{"embeddable":true,"href":"https:\/\/www.24baires.com\/index.php?rest_route=%2Fwp%2Fv2%2Fcomments&post=2619"}],"version-history":[{"count":0,"href":"https:\/\/www.24baires.com\/index.php?rest_route=\/wp\/v2\/posts\/2619\/revisions"}],"wp:attachment":[{"href":"https:\/\/www.24baires.com\/index.php?rest_route=%2Fwp%2Fv2%2Fmedia&parent=2619"}],"wp:term":[{"taxonomy":"category","embeddable":true,"href":"https:\/\/www.24baires.com\/index.php?rest_route=%2Fwp%2Fv2%2Fcategories&post=2619"},{"taxonomy":"post_tag","embeddable":true,"href":"https:\/\/www.24baires.com\/index.php?rest_route=%2Fwp%2Fv2%2Ftags&post=2619"}],"curies":[{"name":"wp","href":"https:\/\/api.w.org\/{rel}","templated":true}]}}