{"id":26171,"date":"2013-06-17T11:00:03","date_gmt":"2013-06-17T14:00:03","guid":{"rendered":"http:\/\/www.24baires.com\/?p=26171"},"modified":"2013-06-18T13:02:34","modified_gmt":"2013-06-18T16:02:34","slug":"piden-a-estados-unidos-informacion-de-cuentas-de-noble-y-magnetto","status":"publish","type":"post","link":"https:\/\/www.24baires.com\/?p=26171","title":{"rendered":"Piden a Estados Unidos informaci\u00f3n de cuentas de Noble y Magnetto"},"content":{"rendered":"<p style=\"text-align: left;\"><img data-recalc-dims=\"1\" loading=\"lazy\" decoding=\"async\" class=\"aligncenter  wp-image-21900\" alt=\"grupo clarin\" src=\"https:\/\/i0.wp.com\/www.24baires.com\/wp-content\/uploads\/2013\/04\/grupo-clarin.jpg?resize=560%2C340\" width=\"560\" height=\"340\" \/>Se trata de 16 operaciones sospechosas de lavado y evasi\u00f3n que vinculan a empresas y personas f\u00edsicas de la Argentina, entre ellas, el Grupo Clar\u00edn y los empresarios Ernestina Herrera de Noble, Eduardo Costantini y Carlos Pedro Blaquier.\u00a0La resoluci\u00f3n fue emitida por el juez federal Sergio Torres.<!--more--><\/p>\n<p>Se trata de la causa iniciada a partir de las revelaciones efectuadas por Hern\u00e1n Arbizu, quien en 2008 admiti\u00f3 ante el magistrado que hab\u00eda estafado a clientes del JP Morgan, banco para el que trabajaba, con transferencias de dinero ilegales.<\/p>\n<p>Seg\u00fan public\u00f3 hoy el diario Tiempo Argentino, Torres requiri\u00f3 que se libre un \u00abexhorto diplom\u00e1tico al Departamento de Justicia de Estados Unidos a trav\u00e9s del Ministerio de Justicia de la Naci\u00f3n\u00bb, para que \u00aba la mayor brevedad posible\u00bb se brinde informaci\u00f3n respecto del movimiento, titularidad y destino de los fondos de varias operaciones de clientes argentinos de la banca JP Morgan.<\/p>\n<p>Adem\u00e1s del Grupo Clar\u00edn y su titular Herrera de Noble, el pedido del titular del Juzgado Nacional en los Criminal y Correccional Federal N\u00ba 12 abarca, entre otros, al empresario del az\u00facar Carlos Pedro Blaquier y a la firma Nordelta, de la familia Costantini.<\/p>\n<p>El primer pedido de prueba es de la cuenta \u00ab0739240633 en el JP Morgan Chase Private Bank New York a nombre de Marcel Melhem\u00bb, en relaci\u00f3n a \u00abuna operaci\u00f3n de transferencia realizada el 12 de marzo de 2008 desde la cuenta antes mencionada, a la cuenta destino 0739225855 por la suma de U$S 3.045.000 (SPN 2371510)\u00bb.<\/p>\n<p>Torres tambi\u00e9n pidi\u00f3 datos sobre un giro de dinero de Ernestina Herrera de Noble a un banco en Uruguay, seg\u00fan lo publicado hoy.<\/p>\n<p>\u00abSe determine la existencia de una cuenta en el JP Morgan Chase Bank New York N\u00ba C88312-00-1 cuya titular ser\u00eda Ernestina L. Herrera de Noble\u00bb, apunt\u00f3 el juez, y a\u00f1adi\u00f3 que \u00abdeber\u00e1 requerirse y acompa\u00f1ar a este Tribunal toda la documentaci\u00f3n que acredite la existencia de una transferencia por la suma de U$S 30.000 al Banco Ita\u00fa Uruguay S.A. para la cuenta 137643 de Sirenetta S.A\u00bb.<\/p>\n<p>En su nota, Tiempo Argentino destac\u00f3 que esta no es la \u00fanica cuenta del holding que investiga Torres, ya que el documento le apunta adem\u00e1s a la firma Luar\u00e1n, una de las once empresas que Clar\u00edn y sus directores, entre ellos H\u00e9ctor Magnetto, Jos\u00e9 Aranda y Lucio Pagliaro, tendr\u00edan en Panam\u00e1 sin declarar.<\/p>\n<p>\u00abA los fines de obtener un resultado satisfactorio del requerimiento diplom\u00e1tico, las autoridades competentes en la materia deber\u00e1n procurar la informaci\u00f3n y la documentaci\u00f3n sin que el JP Morgan Chase Bank y\/o sus autoridades y\/o empleados y\/o funcionarios, los proporcionen o suministren en forma directa\u00bb, dice el texto que lleva la firma del juez argentino.<\/p>\n<p>En ese marco, el exhorto agrega que todo \u00abdebe obtenerse sin colaboraci\u00f3n o participaci\u00f3n alguna del JP Morgan, sus autoridades locales, empleados o funcionarios locales, sino a trav\u00e9s de bases de datos de organismos que fiscalicen o controlen las cuentas o movimientos de las cuentas registradas en el JP Morgan de NY\u00bb.<\/p>\n<p>&nbsp;<\/p>\n<p>&nbsp;<\/p>\n<p>&nbsp;<\/p>\n<p>&nbsp;<\/p>\n<p>&nbsp;<\/p>\n<p>&nbsp;<\/p>\n<p>&nbsp;<\/p>\n<p>&nbsp;<\/p>\n<p>&nbsp;<\/p>\n<p>&nbsp;<\/p>\n<p>&nbsp;<\/p>\n<p>&nbsp;<\/p>\n<p>&nbsp;<\/p>\n<p>&nbsp;<\/p>\n<p>&nbsp;<\/p>\n","protected":false},"excerpt":{"rendered":"<p>Se trata de 16 operaciones sospechosas de lavado y evasi\u00f3n que vinculan a empresas y personas f\u00edsicas de la Argentina, entre ellas, el Grupo Clar\u00edn y los empresarios Ernestina Herrera de Noble, Eduardo Costantini y Carlos Pedro Blaquier.\u00a0La resoluci\u00f3n fue emitida por el juez federal Sergio Torres.<\/p>\n","protected":false},"author":4,"featured_media":0,"comment_status":"open","ping_status":"open","sticky":false,"template":"","format":"standard","meta":{"_jetpack_newsletter_access":"","_jetpack_dont_email_post_to_subs":false,"_jetpack_newsletter_tier_id":0,"_jetpack_memberships_contains_paywalled_content":false,"_jetpack_memberships_contains_paid_content":false,"footnotes":""},"categories":[54],"tags":[],"class_list":["post-26171","post","type-post","status-publish","format-standard","hentry","category-medios"],"jetpack_featured_media_url":"","jetpack_shortlink":"https:\/\/wp.me\/p2JWE0-6O7","jetpack-related-posts":[{"id":23088,"url":"https:\/\/www.24baires.com\/?p=23088","url_meta":{"origin":26171,"position":0},"title":"Denunciaron a Clar\u00edn por sociedades en para\u00edsos fiscales","author":"AF","date":"09\/05\/2013","format":false,"excerpt":"La diputada Juliana Di Tullio present\u00f3 una demanda ante la Procelac para que se investigue a las firmas constituidas en Panam\u00e1 y Delaware (EEUU), presuntamente dirigidas por H\u00e9ctor Magnetto y sus socios. La diputada nacional por el oficialismo Juliana Di Tullio present\u00f3 ayer ante la Procurador\u00eda contra la Criminalidad Econ\u00f3mica\u2026","rel":"","context":"En \u00abMedios\u00bb","block_context":{"text":"Medios","link":"https:\/\/www.24baires.com\/?cat=54"},"img":{"alt_text":"Di Tullio","src":"https:\/\/i0.wp.com\/www.24baires.com\/wp-content\/uploads\/2013\/05\/Di-Tullio.jpg?resize=350%2C200","width":350,"height":200,"srcset":"https:\/\/i0.wp.com\/www.24baires.com\/wp-content\/uploads\/2013\/05\/Di-Tullio.jpg?resize=350%2C200 1x, https:\/\/i0.wp.com\/www.24baires.com\/wp-content\/uploads\/2013\/05\/Di-Tullio.jpg?resize=525%2C300 1.5x"},"classes":[]},{"id":60273,"url":"https:\/\/www.24baires.com\/?p=60273","url_meta":{"origin":26171,"position":1},"title":"\u00abLo que dice el fiscal Nisman es falso\u00bb, dijo el ex secretario de Interpol","author":"GB","date":"18\/01\/2015","format":false,"excerpt":"El ex secretario general de Interpol, Ronald Noble, dijo que ninguna autoridad argentina trat\u00f3 de cancelar los alertas rojos contra los acusados iran\u00edes, ni se sugiri\u00f3 que no fueran responsables del ataque a la AMIA y que la firma del memor\u00e1ndum fue un intento por destrabar la causa. \"La afirmaci\u00f3n\u2026","rel":"","context":"En \u00abPol\u00edtica\u00bb","block_context":{"text":"Pol\u00edtica","link":"https:\/\/www.24baires.com\/?cat=51"},"img":{"alt_text":"ex secretario  interpol","src":"https:\/\/i0.wp.com\/www.24baires.com\/wp-content\/uploads\/2015\/01\/ex-secretario-interpol.jpg?resize=350%2C200","width":350,"height":200,"srcset":"https:\/\/i0.wp.com\/www.24baires.com\/wp-content\/uploads\/2015\/01\/ex-secretario-interpol.jpg?resize=350%2C200 1x, https:\/\/i0.wp.com\/www.24baires.com\/wp-content\/uploads\/2015\/01\/ex-secretario-interpol.jpg?resize=525%2C300 1.5x"},"classes":[]},{"id":27561,"url":"https:\/\/www.24baires.com\/?p=27561","url_meta":{"origin":26171,"position":2},"title":"Por segunda vez en 5 a\u00f1os citan a declarar a ex JP Morgan que denunci\u00f3 lavado de Clar\u00edn","author":"Grupo Sierra","date":"04\/07\/2013","format":false,"excerpt":"El titular del Juzgado Federal en lo Criminal y Correccional 7, Sebasti\u00e1n Casanello, cit\u00f3 a declaraci\u00f3n indagatoria para el pr\u00f3ximo jueves a Hern\u00e1n Arbizu, ex vicepresidente en Argentina de la banca JP Morgan, en una causa de presunto lavado de activos que involucra a grandes capitales nacionales y personas f\u00edsicas\u2026","rel":"","context":"En \u00abJUDICIALES\u00bb","block_context":{"text":"JUDICIALES","link":"https:\/\/www.24baires.com\/?cat=68"},"img":{"alt_text":"jpmorgan-CHASE","src":"https:\/\/i0.wp.com\/www.24baires.com\/wp-content\/uploads\/2013\/07\/jpmorgan-CHASE.jpg?resize=350%2C200","width":350,"height":200,"srcset":"https:\/\/i0.wp.com\/www.24baires.com\/wp-content\/uploads\/2013\/07\/jpmorgan-CHASE.jpg?resize=350%2C200 1x, https:\/\/i0.wp.com\/www.24baires.com\/wp-content\/uploads\/2013\/07\/jpmorgan-CHASE.jpg?resize=525%2C300 1.5x"},"classes":[]},{"id":22381,"url":"https:\/\/www.24baires.com\/?p=22381","url_meta":{"origin":26171,"position":3},"title":"La Justicia pidi\u00f3 a Suiza informaci\u00f3n por lavado sobre el Grupo Clar\u00edn y 469 personas","author":"Grupo Sierra","date":"01\/05\/2013","format":false,"excerpt":"El juez federal Sergio Torres le pidi\u00f3 a la justicia de Suiza que informe si un extenso listado de empresas y empresarios argentinos poseen cuentas en el sistema bancario helv\u00e9tico. Lo hizo en el marco de una bater\u00eda de medidas de prueba para avanzar en la causa en la que\u2026","rel":"","context":"En \u00abPoliciales\u00bb","block_context":{"text":"Policiales","link":"https:\/\/www.24baires.com\/?cat=49"},"img":{"alt_text":"","src":"","width":0,"height":0},"classes":[]},{"id":61661,"url":"https:\/\/www.24baires.com\/?p=61661","url_meta":{"origin":26171,"position":4},"title":"Presentan al juez pruebas que \u00abconfirman la apropiaci\u00f3n irregular de Canal 13 por el Grupo Clar\u00edn\u00bb","author":"GB","date":"12\/02\/2015","format":false,"excerpt":"El ex delegado gremial Jos\u00e9 Carbonelli present\u00f3 esta semana ante Sergio Torres pruebas que, asever\u00f3, \u201cconfirman contundentemente que el Grupo Clar\u00edn se apropi\u00f3 irregularmente\u201d de la emisora. \u201cSe prob\u00f3 que entre el ex presidente Carlos Menem y el grupo monop\u00f3lico representado por H\u00e9ctor Magnetto celebraron un contrato nulo, de nulidad\u2026","rel":"","context":"En \u00abMedios\u00bb","block_context":{"text":"Medios","link":"https:\/\/www.24baires.com\/?cat=54"},"img":{"alt_text":"clar\u00edn","src":"https:\/\/i0.wp.com\/www.24baires.com\/wp-content\/uploads\/2014\/10\/clar%C3%ADn.jpg?resize=350%2C200","width":350,"height":200,"srcset":"https:\/\/i0.wp.com\/www.24baires.com\/wp-content\/uploads\/2014\/10\/clar%C3%ADn.jpg?resize=350%2C200 1x, https:\/\/i0.wp.com\/www.24baires.com\/wp-content\/uploads\/2014\/10\/clar%C3%ADn.jpg?resize=525%2C300 1.5x"},"classes":[]},{"id":100898,"url":"https:\/\/www.24baires.com\/?p=100898","url_meta":{"origin":26171,"position":5},"title":"La Iglesia oficializ\u00f3 la entrega del registro de bautismos de la ESMA","author":"AF","date":"06\/03\/2018","format":false,"excerpt":"Con el aval del Papa Francisco, la Conferencia Episcopal Argentina anunci\u00f3 que pondr\u00e1 la documentaci\u00f3n a disposici\u00f3n de la Justicia y los organismos de DD.HH. La Conferencia Episcopal Argentina (CEA) anunci\u00f3 este martes que pondr\u00e1 a disposici\u00f3n de la Justicia federal y los organismo de Derechos Humanos las constancias de\u2026","rel":"","context":"En \u00abSociedad\u00bb","block_context":{"text":"Sociedad","link":"https:\/\/www.24baires.com\/?cat=1"},"img":{"alt_text":"","src":"https:\/\/i0.wp.com\/www.24baires.com\/wp-content\/uploads\/2013\/01\/ESMA.jpg?resize=350%2C200","width":350,"height":200,"srcset":"https:\/\/i0.wp.com\/www.24baires.com\/wp-content\/uploads\/2013\/01\/ESMA.jpg?resize=350%2C200 1x, https:\/\/i0.wp.com\/www.24baires.com\/wp-content\/uploads\/2013\/01\/ESMA.jpg?resize=525%2C300 1.5x"},"classes":[]}],"jetpack_sharing_enabled":true,"jetpack_likes_enabled":true,"_links":{"self":[{"href":"https:\/\/www.24baires.com\/index.php?rest_route=\/wp\/v2\/posts\/26171","targetHints":{"allow":["GET"]}}],"collection":[{"href":"https:\/\/www.24baires.com\/index.php?rest_route=\/wp\/v2\/posts"}],"about":[{"href":"https:\/\/www.24baires.com\/index.php?rest_route=\/wp\/v2\/types\/post"}],"author":[{"embeddable":true,"href":"https:\/\/www.24baires.com\/index.php?rest_route=\/wp\/v2\/users\/4"}],"replies":[{"embeddable":true,"href":"https:\/\/www.24baires.com\/index.php?rest_route=%2Fwp%2Fv2%2Fcomments&post=26171"}],"version-history":[{"count":3,"href":"https:\/\/www.24baires.com\/index.php?rest_route=\/wp\/v2\/posts\/26171\/revisions"}],"predecessor-version":[{"id":26173,"href":"https:\/\/www.24baires.com\/index.php?rest_route=\/wp\/v2\/posts\/26171\/revisions\/26173"}],"wp:attachment":[{"href":"https:\/\/www.24baires.com\/index.php?rest_route=%2Fwp%2Fv2%2Fmedia&parent=26171"}],"wp:term":[{"taxonomy":"category","embeddable":true,"href":"https:\/\/www.24baires.com\/index.php?rest_route=%2Fwp%2Fv2%2Fcategories&post=26171"},{"taxonomy":"post_tag","embeddable":true,"href":"https:\/\/www.24baires.com\/index.php?rest_route=%2Fwp%2Fv2%2Ftags&post=26171"}],"curies":[{"name":"wp","href":"https:\/\/api.w.org\/{rel}","templated":true}]}}