{"id":2616,"date":"2012-10-19T11:00:12","date_gmt":"2012-10-19T14:00:12","guid":{"rendered":"http:\/\/www.24baires.com\/?p=2616"},"modified":"2012-10-19T13:40:06","modified_gmt":"2012-10-19T16:40:06","slug":"lanzan-el-proa-desde-mar-del-plata-para-la-quinta-seccion-con-la-presencia-de-michetti","status":"publish","type":"post","link":"https:\/\/www.24baires.com\/?p=2616","title":{"rendered":"Lanzan el PROA desde Mar del Plata para la Quinta Secci\u00f3n con la presencia de Michetti"},"content":{"rendered":"<p>En un acto realizado en el Teatro Roxy se lanz\u00f3 el PROA Mar del Plata y en la 5ta secci\u00f3n electoral y la Mesa Mauricio 2015. Emiliano Giri fue el anfitri\u00f3n de la diputada nacional Gabriela Michetti y el referente del PROA Daniel Angelici, entre otros presentes.<!--more--><br \/>\nEn una sala repleta, escucharon atentamente a Michetti quien abri\u00f3 el di\u00e1logo con un mensaje al gobierno nacional: \u00abLa presidenta vive enojada, retando a todos cuando quiere. Y se equivoca. Nosotros estamos en el sector de los que quieren el di\u00e1logo y no la confrontaci\u00f3n. Queremos un pa\u00eds donde todos puedan hablar, preguntar, sin vetos y con m\u00e1s felicidad\u00bb, dijo.<\/p>\n<p>\u00abEstamos aqu\u00ed &#8211;comntinu\u00f3&#8211; para acompa\u00f1ar a Emiliano (Giri). Sabemos de sus ganas, de su fuerza y no dudamos que su equipo de trabajo nos traer\u00e1 sus frutos en un corto plazo en este sector de la Provincia. Todo nuestro empujo para todos\u00bb.<\/p>\n<p>A su turno, Emiliano Giri quiso agradecer la presencia de los dirigentes y puso \u00e9nfasis en \u00abestar a favor de los que dialogan y trabajan en conjunto. Quiero que se sumen los vecinos de la ciudad a esta propuesta sin importar la idiolog\u00eda pero rescatando el sentido com\u00fan\u00bb, y agreg\u00f3: \u00abComenzamos a partir de hoy a transitar un camino por un pa\u00eds mejor y vos est\u00e1s invitado a participar con nosotros. Yo me animo\u00bb.<\/p>\n<p>Estuvieron presentes en el acto, Orlando Yans, diputado provincial y vicepresidente de la camara de diputados de la Provincia de Buenos Aires, Cristian Gribaudo, ex diputado nacional, Ferm\u00edn Lencina (coordinador de la 1ra Secci\u00f3n electoral), Ricardo Samperetti (de la 4ta) y Juan pablo Baylac (de la 6ta). Asimismo, representantes del espacio en la zona y el ex candidato a intendente ricardo Bengolea.<\/p>\n","protected":false},"excerpt":{"rendered":"<p>En un acto realizado en el Teatro Roxy se lanz\u00f3 el PROA Mar del Plata y en la 5ta secci\u00f3n electoral y la Mesa Mauricio 2015. Emiliano Giri fue el anfitri\u00f3n de la diputada nacional Gabriela Michetti y el referente del PROA Daniel Angelici, entre otros presentes.<\/p>\n","protected":false},"author":11,"featured_media":0,"comment_status":"open","ping_status":"open","sticky":false,"template":"","format":"standard","meta":{"_jetpack_newsletter_access":"","_jetpack_dont_email_post_to_subs":false,"_jetpack_newsletter_tier_id":0,"_jetpack_memberships_contains_paywalled_content":false,"_jetpack_memberships_contains_paid_content":false,"footnotes":""},"categories":[51],"tags":[],"class_list":["post-2616","post","type-post","status-publish","format-standard","hentry","category-politica"],"jetpack_featured_media_url":"","jetpack_shortlink":"https:\/\/wp.me\/p2JWE0-Gc","jetpack-related-posts":[{"id":79839,"url":"https:\/\/www.24baires.com\/?p=79839","url_meta":{"origin":2616,"position":0},"title":"Detuvieron al Secretario de Turismo de Mar del Plata por peculado","author":"AF","date":"08\/03\/2016","format":false,"excerpt":"El presidente del Ente Municipal de Turismo, Emiliano Giri, est\u00e1 acusado por malversaci\u00f3n de fondos p\u00fablicos. El presidente del Ente Municipal de Turismo de Mar del Plata, Emiliano Giri, fue detenido y trasladado a La Plata este martes. As\u00ed lo orden\u00f3 la Justicia, en el marco de una investigaci\u00f3n de\u2026","rel":"","context":"En \u00abLocales\u00bb","block_context":{"text":"Locales","link":"https:\/\/www.24baires.com\/?cat=38"},"img":{"alt_text":"giri","src":"https:\/\/i0.wp.com\/www.24baires.com\/wp-content\/uploads\/2016\/03\/giri.jpg?resize=350%2C200","width":350,"height":200,"srcset":"https:\/\/i0.wp.com\/www.24baires.com\/wp-content\/uploads\/2016\/03\/giri.jpg?resize=350%2C200 1x, https:\/\/i0.wp.com\/www.24baires.com\/wp-content\/uploads\/2016\/03\/giri.jpg?resize=525%2C300 1.5x"},"classes":[]},{"id":105331,"url":"https:\/\/www.24baires.com\/?p=105331","url_meta":{"origin":2616,"position":1},"title":"Emiliano Giri asume como director en Obras Sanitarias","author":"GB","date":"08\/11\/2018","format":false,"excerpt":"El ex presidente del Emtur vuelve a la gesti\u00f3n municipal. \"El objetivo es ampliar la mirada de la empresa\", dijo En el marco de un proceso de reestructuraci\u00f3n del directorio de Obras Sanitarias, el intendente municipal design\u00f3 a Emiliano Giri como director en la presidencia en OSSE. \"Agradezco al intendente\u2026","rel":"","context":"En \u00abMunicipios\u00bb","block_context":{"text":"Municipios","link":"https:\/\/www.24baires.com\/?cat=44"},"img":{"alt_text":"","src":"https:\/\/i0.wp.com\/www.24baires.com\/wp-content\/uploads\/2016\/03\/giri.jpg?resize=350%2C200","width":350,"height":200,"srcset":"https:\/\/i0.wp.com\/www.24baires.com\/wp-content\/uploads\/2016\/03\/giri.jpg?resize=350%2C200 1x, https:\/\/i0.wp.com\/www.24baires.com\/wp-content\/uploads\/2016\/03\/giri.jpg?resize=525%2C300 1.5x"},"classes":[]},{"id":66973,"url":"https:\/\/www.24baires.com\/?p=66973","url_meta":{"origin":2616,"position":2},"title":"Carlos Arroyo ser\u00e1 precandidato a intendente de Mar del Plata por el PRO","author":"GB","date":"03\/06\/2015","format":false,"excerpt":"El concejal de Agrupaci\u00f3n Atl\u00e1ntica participar\u00e1 en las PASO y competir\u00e1 con Vilma Baragiola el pr\u00f3ximo 9 de agosto. Carlos Arroyo, concejal de la Agrupaci\u00f3n Atl\u00e1ntica, finalmente se decidi\u00f3 y participar\u00e1 en las PASO como precandidato a intendente por el PRO. El edil, apoyado por Emiliano Giri, cerr\u00f3 el acuerdo\u2026","rel":"","context":"En \u00abElecciones 2015\u00bb","block_context":{"text":"Elecciones 2015","link":"https:\/\/www.24baires.com\/?cat=74"},"img":{"alt_text":"arroyo PO","src":"https:\/\/i0.wp.com\/www.24baires.com\/wp-content\/uploads\/2015\/06\/arroyo-PO.jpg?resize=350%2C200","width":350,"height":200,"srcset":"https:\/\/i0.wp.com\/www.24baires.com\/wp-content\/uploads\/2015\/06\/arroyo-PO.jpg?resize=350%2C200 1x, https:\/\/i0.wp.com\/www.24baires.com\/wp-content\/uploads\/2015\/06\/arroyo-PO.jpg?resize=525%2C300 1.5x"},"classes":[]},{"id":79880,"url":"https:\/\/www.24baires.com\/?p=79880","url_meta":{"origin":2616,"position":3},"title":"Tras su detenci\u00f3n, Renunci\u00f3 Emiliano Giri a su cargo en el Emtur","author":"GB","date":"08\/03\/2016","format":false,"excerpt":"MAR DEL PLATA-El intendente le acept\u00f3 la renuncia. Giri est\u00e1 detenido en La Plata por un caso de corrupci\u00f3n Luego de ser detenido este martes a la madrugada por orden de la Justicia platense en el marco de una causa de corrupci\u00f3n y malversaci\u00f3n de fondos en los pagos de\u2026","rel":"","context":"En \u00abLocales\u00bb","block_context":{"text":"Locales","link":"https:\/\/www.24baires.com\/?cat=38"},"img":{"alt_text":"giri","src":"https:\/\/i0.wp.com\/www.24baires.com\/wp-content\/uploads\/2016\/03\/giri.jpg?resize=350%2C200","width":350,"height":200,"srcset":"https:\/\/i0.wp.com\/www.24baires.com\/wp-content\/uploads\/2016\/03\/giri.jpg?resize=350%2C200 1x, https:\/\/i0.wp.com\/www.24baires.com\/wp-content\/uploads\/2016\/03\/giri.jpg?resize=525%2C300 1.5x"},"classes":[]},{"id":80785,"url":"https:\/\/www.24baires.com\/?p=80785","url_meta":{"origin":2616,"position":4},"title":"Mar del Plata: El fiscal de la causa pidi\u00f3 que Giri vuelva a estar preso","author":"GB","date":"30\/03\/2016","format":false,"excerpt":"El ex titular del Emtur dijo que todav\u00eda no fue notificado. \"Me sorprende enterarme por los medios\", afirm\u00f3. El fiscal Jorge Paolini solicit\u00f3 que sea revocada la excarcelaci\u00f3n que se le otorg\u00f3 al ex titular del Emtur, Emiliano Giri, por el caso del Astillero R\u00edo Santiago. \u201cPed\u00ed la inhibici\u00f3n de\u2026","rel":"","context":"En \u00abPoliciales\u00bb","block_context":{"text":"Policiales","link":"https:\/\/www.24baires.com\/?cat=49"},"img":{"alt_text":"giri","src":"https:\/\/i0.wp.com\/www.24baires.com\/wp-content\/uploads\/2016\/03\/giri.jpg?resize=350%2C200","width":350,"height":200,"srcset":"https:\/\/i0.wp.com\/www.24baires.com\/wp-content\/uploads\/2016\/03\/giri.jpg?resize=350%2C200 1x, https:\/\/i0.wp.com\/www.24baires.com\/wp-content\/uploads\/2016\/03\/giri.jpg?resize=525%2C300 1.5x"},"classes":[]},{"id":28193,"url":"https:\/\/www.24baires.com\/?p=28193","url_meta":{"origin":2616,"position":5},"title":"De Narv\u00e1ez volvi\u00f3 a Mar del Plata y pidi\u00f3 un \u00abPlan Integral contra la Inseguridad\u00bb","author":"Grupo Sierra","date":"13\/07\/2013","format":false,"excerpt":"MAR DEL PLATA.- El candidato a diputado por la Provincia del frente Unidos por la Libertad y el Trabajo, Francisco De Narv\u00e1ez, volvi\u00f3 hoy a recorrer la ciudad de Mar del Plata y reclam\u00f3 un \"plan integral contra la inseguridad\". \"Falta decisi\u00f3n pol\u00edtica para resolver el problema de la inseguridad\",\u2026","rel":"","context":"En \u00abPol\u00edtica\u00bb","block_context":{"text":"Pol\u00edtica","link":"https:\/\/www.24baires.com\/?cat=51"},"img":{"alt_text":"denarvaez1","src":"https:\/\/i0.wp.com\/www.24baires.com\/wp-content\/uploads\/2012\/12\/denarvaez1-300x189.jpg?resize=350%2C200","width":350,"height":200},"classes":[]}],"jetpack_sharing_enabled":true,"jetpack_likes_enabled":true,"_links":{"self":[{"href":"https:\/\/www.24baires.com\/index.php?rest_route=\/wp\/v2\/posts\/2616","targetHints":{"allow":["GET"]}}],"collection":[{"href":"https:\/\/www.24baires.com\/index.php?rest_route=\/wp\/v2\/posts"}],"about":[{"href":"https:\/\/www.24baires.com\/index.php?rest_route=\/wp\/v2\/types\/post"}],"author":[{"embeddable":true,"href":"https:\/\/www.24baires.com\/index.php?rest_route=\/wp\/v2\/users\/11"}],"replies":[{"embeddable":true,"href":"https:\/\/www.24baires.com\/index.php?rest_route=%2Fwp%2Fv2%2Fcomments&post=2616"}],"version-history":[{"count":0,"href":"https:\/\/www.24baires.com\/index.php?rest_route=\/wp\/v2\/posts\/2616\/revisions"}],"wp:attachment":[{"href":"https:\/\/www.24baires.com\/index.php?rest_route=%2Fwp%2Fv2%2Fmedia&parent=2616"}],"wp:term":[{"taxonomy":"category","embeddable":true,"href":"https:\/\/www.24baires.com\/index.php?rest_route=%2Fwp%2Fv2%2Fcategories&post=2616"},{"taxonomy":"post_tag","embeddable":true,"href":"https:\/\/www.24baires.com\/index.php?rest_route=%2Fwp%2Fv2%2Ftags&post=2616"}],"curies":[{"name":"wp","href":"https:\/\/api.w.org\/{rel}","templated":true}]}}