{"id":26089,"date":"2013-06-16T12:33:33","date_gmt":"2013-06-16T15:33:33","guid":{"rendered":"http:\/\/www.24baires.com\/?p=26089"},"modified":"2013-06-16T12:41:40","modified_gmt":"2013-06-16T15:41:40","slug":"sabbatella-pide-celeridad-a-la-corte-suprema-de-justicia","status":"publish","type":"post","link":"https:\/\/www.24baires.com\/?p=26089","title":{"rendered":"Sabbatella pide \u201cceleridad\u201d a la Corte Suprema"},"content":{"rendered":"<p>\u201cLa ley de Medios avanza, a pesar de la acci\u00f3n judicial del Grupo Clar\u00edn y la cantidad de maniobras pol\u00edticas, comunicacionales y judiciales que buscan extender los tiempos para sostener su situaci\u00f3n de privilegio y as\u00ed dilatar la aplicaci\u00f3n integral de la norma\u201d, asegur\u00f3 el titular de la Autoridad Federal de Servicios de Comunicaci\u00f3n Audiovisual, Mart\u00edn Sabbatella.<!--more--><\/p>\n<p>El titular de la Autoridad Federal de Servicios de Comunicaci\u00f3n Audiovisual (Afsca), Mart\u00edn Sabbatella, asegur\u00f3 que la \u201cLey de Medios avanza a pesar de los bloqueos del Grupo Clar\u00edn\u201d y pidi\u00f3 que la Corte Suprema de Justicia se pronuncie con \u201cceleridad\u201d sobre la constitucionalidad de los art\u00edculos cuestionados por el multimedio.<\/p>\n<p>\u201cLa ley de Medios avanza, a pesar de la acci\u00f3n judicial del Grupo Clar\u00edn y la cantidad de maniobras pol\u00edticas, comunicacionales y judiciales que buscan extender los tiempos para sostener su situaci\u00f3n de privilegio y as\u00ed dilatar la aplicaci\u00f3n integral de la norma\u201d, le dijo Sabbatella.<\/p>\n<p>La Ley de Servicios de Comunicaci\u00f3n Audiovisual fue aprobada por el Congreso en 2009 y lleg\u00f3 a la Corte el jueves luego de que la Sala I de la C\u00e1mara Nacional en lo Civil y Comercial Federal declar\u00f3 admisibles los recursos extraordinarios presentados por el Estado Nacional y AFSCA, para que el m\u00e1ximo tribunal se expida sobre la constitucionalidad de los art\u00edculos cuestionados por el Grupo Clar\u00edn.<\/p>\n<p>\u201cNuestra democracia necesita que se resuelva la situaci\u00f3n para poder aplicar la Ley de Medios que es a favor de la libertad de expresi\u00f3n, de la diversidad y para que en el pa\u00eds haya una comunicaci\u00f3n plural y democr\u00e1tica\u201d, analiz\u00f3 el titular de la AFSCA.<\/p>\n<p>En la misma direcci\u00f3n sostuvo que es necesaria la aplicaci\u00f3n integral de la norma \u201cpara poder enfrentar las tendencias y la concentraci\u00f3n monop\u00f3lica en el \u00e1mbito de la comunicaci\u00f3n audiovisual que lesiona la libertad de expresi\u00f3n, el derecho a la informaci\u00f3n\u201d.<\/p>\n<p>Al referirse a la \u201cceleridad\u201d con la que consider\u00f3 que deber\u00eda expedirse la corte, Sabbatella record\u00f3 que cuando la causa estaba en manos de la C\u00e1mara fue el m\u00e1ximo tribunal quien inst\u00f3 a los magistrados a expedirse a la brevedad. \u201cNo conocemos que tiempos se va a tomar la Corte para resolver la constitucionalidad de los puntos cuestionados por Clar\u00edn, pero esperamos que falle con celeridad porque esta situaci\u00f3n hay que resolverla\u201d, resalt\u00f3.<\/p>\n<p>\u201cAl pedir que la Corte falle con celeridad no estamos negando que el tribunal supremo tiene la facultad de revisar la constitucionalidad de las leyes\u201d, indic\u00f3, al tiempo que analiz\u00f3 que \u201cse deber\u00eda partir de la presunci\u00f3n de constitucionalidad de la ley hasta que un juez diga lo contrario porque sino no hay orden jur\u00eddico posible\u201d.<\/p>\n<p>En esa l\u00ednea remarc\u00f3: \u201cNo puede ocurrir que una norma est\u00e9 frenada por m\u00e1s de tres a\u00f1os porque lesiona las instituciones de la democracia, ignora la voluntad del Parlamento\u201d.<\/p>\n<p>Al referirse a la medida cautelar concedida por la justicia al Grupo Clar\u00edn, que dej\u00f3 suspenso algunos art\u00edculos de la Ley de Medios, Sabbatella opin\u00f3 que \u201ces una resoluci\u00f3n hecha a medida de los intereses Grupo\u201d y explic\u00f3 que ese \u201ces uno de los argumentos que plante\u00f3 la AFSCA en el recursos extraordinario a la Corte\u201d.<\/p>\n<p>\u201cCreemos que hay una resoluci\u00f3n que es arbitraria, sesgada, que no tiene en cuenta a los antecedentes, que solamente mira un aspecto y esperamos que lo resuelva\u201d, asever\u00f3.<\/p>\n<p>Adem\u00e1s volvi\u00f3 a asegurar que varios de los jueces que integran la Sala I de la C\u00e1mara Nacional en lo Civil y Comercial Federal \u201ctienen una relaci\u00f3n con el Grupo Clar\u00edn ya que fueron los que viajaron a Miami financiados por ese propio grupo medi\u00e1tico\u201d.<\/p>\n<p>\u201cEste poder\u00edo hegem\u00f3nico lo construy\u00f3 con un v\u00ednculo con la dictadura c\u00edvico militar, con el menemismo y con el monopolio del futbol que fue clave para extorsionar a los cableoperadores de todo el pa\u00eds y fundirlos\u201d, asegur\u00f3 el referente nacional de Nuevo Encuentro. \u201cM\u00e1s all\u00e1 de todo esto -asegur\u00f3 Sabbatella- la ley de medios avanza. A pesar del Grupo Clar\u00edn. Avanza en la generaci\u00f3n de nuevas herramientas comunicacionales, nuevas radios, nuevos canales de televisi\u00f3n, nuevas productoras de contenidos audiovisuales\u201d. \u201cTambi\u00e9n avanza con nuevas emisoras en universidades nacionales, en las escuelas, en las provincias, en los municipios, en asociaciones comunitarias, los pueblos originarios\u201d, agreg\u00f3.<\/p>\n<p>En la misma l\u00ednea destac\u00f3 que se est\u00e1n generando \u201cnuevas herramientas comunicacionales que permiten que nuestro pueblo tenga los mecanismos para tomar la palabra y as\u00ed se garantiza el derecho a la informaci\u00f3n con un fuerte sentido federal\u201d.<\/p>\n<p>Finalmente se\u00f1al\u00f3 que \u201cla Ley de Medios se viene aplicando -no en su totalidad- desde hace un tiempo, lo que est\u00e1 generando resultados importantes para la transformaci\u00f3n de la comunicaci\u00f3n en Argentina, para tener un sistema comunicacional que pueda expresar lo diverso, plural, multicolor de nuestra patria\u201d.<\/p>\n<p>Y record\u00f3 que el objetivo de la norma es que se \u201cgarantice que el conjunto de voces, tonadas, tradiciones, culturas, historias puede ocupar el centro de la escena p\u00fablica\u201d.<\/p>\n<p>&nbsp;<\/p>\n<p>&nbsp;<\/p>\n<p>&nbsp;<\/p>\n<p>&nbsp;<\/p>\n<p>&nbsp;<\/p>\n","protected":false},"excerpt":{"rendered":"<p>\u201cLa ley de Medios avanza, a pesar de la acci\u00f3n judicial del Grupo Clar\u00edn y la cantidad de maniobras pol\u00edticas, comunicacionales y judiciales que buscan extender los tiempos para sostener su situaci\u00f3n de privilegio y as\u00ed dilatar la aplicaci\u00f3n integral de la norma\u201d, asegur\u00f3 el titular de la Autoridad Federal de Servicios de Comunicaci\u00f3n Audiovisual, Mart\u00edn Sabbatella.<\/p>\n","protected":false},"author":11,"featured_media":0,"comment_status":"open","ping_status":"open","sticky":false,"template":"","format":"standard","meta":{"_jetpack_newsletter_access":"","_jetpack_dont_email_post_to_subs":false,"_jetpack_newsletter_tier_id":0,"_jetpack_memberships_contains_paywalled_content":false,"_jetpack_memberships_contains_paid_content":false,"footnotes":""},"categories":[54],"tags":[],"class_list":["post-26089","post","type-post","status-publish","format-standard","hentry","category-medios"],"jetpack_featured_media_url":"","jetpack_shortlink":"https:\/\/wp.me\/p2JWE0-6MN","jetpack-related-posts":[{"id":65617,"url":"https:\/\/www.24baires.com\/?p=65617","url_meta":{"origin":26089,"position":0},"title":"\u00abEl Grupo Clar\u00edn sue\u00f1a con un escenario favorable a sus intereses\u00bb","author":"GB","date":"09\/05\/2015","format":false,"excerpt":"El titular de la Autoridad Federal de Servicios de Comunicaci\u00f3n Audiovisual (Afsca), Mart\u00edn Sabbatella, manifest\u00f3 en C\u00f3rdoba que \u201cel Grupo Clar\u00edn sue\u00f1a con un escenario pol\u00edtico favorable a sus intereses para evitar la adecuaci\u00f3n\u201d que exige la Ley de Servicios de Comunicaci\u00f3n Audiovisual, sancionada en 2008 por el Congreso Nacional.\u2026","rel":"","context":"En \u00abMedios\u00bb","block_context":{"text":"Medios","link":"https:\/\/www.24baires.com\/?cat=54"},"img":{"alt_text":"clar\u00edn","src":"https:\/\/i0.wp.com\/www.24baires.com\/wp-content\/uploads\/2014\/10\/clar%C3%ADn.jpg?resize=350%2C200","width":350,"height":200,"srcset":"https:\/\/i0.wp.com\/www.24baires.com\/wp-content\/uploads\/2014\/10\/clar%C3%ADn.jpg?resize=350%2C200 1x, https:\/\/i0.wp.com\/www.24baires.com\/wp-content\/uploads\/2014\/10\/clar%C3%ADn.jpg?resize=525%2C300 1.5x"},"classes":[]},{"id":34549,"url":"https:\/\/www.24baires.com\/?p=34549","url_meta":{"origin":26089,"position":1},"title":"Sabbatella: \u00abno vamos a esperar ni un minuto porque es una deuda de hace 30 a\u00f1os\u00bb","author":"GB","date":"03\/11\/2013","format":false,"excerpt":"El presidente de la Autoridad Federal de Servicios de Comunicaci\u00f3n Audiovisual (Afsca) Mart\u00edn Sabbatella se refiri\u00f3 as\u00ed a la adecuaci\u00f3n de oficio del Grupo Clar\u00edn a la ley de Medios y reafirm\u00f3 que la normativa \"busca que est\u00e9n todas las voces\". \"No vamos a esperar ni un minuto, porque ya\u2026","rel":"","context":"En \u00abMedios\u00bb","block_context":{"text":"Medios","link":"https:\/\/www.24baires.com\/?cat=54"},"img":{"alt_text":"sabbatella desafio","src":"https:\/\/i0.wp.com\/www.24baires.com\/wp-content\/uploads\/2012\/10\/sabbatella-desafio.jpg?resize=350%2C200","width":350,"height":200,"srcset":"https:\/\/i0.wp.com\/www.24baires.com\/wp-content\/uploads\/2012\/10\/sabbatella-desafio.jpg?resize=350%2C200 1x, https:\/\/i0.wp.com\/www.24baires.com\/wp-content\/uploads\/2012\/10\/sabbatella-desafio.jpg?resize=525%2C300 1.5x"},"classes":[]},{"id":17513,"url":"https:\/\/www.24baires.com\/?p=17513","url_meta":{"origin":26089,"position":2},"title":"Sabbatella, clar\u00edsimo: \u00abNadie tiene coronita, las reglas son parejas\u00bb","author":"AF","date":"05\/03\/2013","format":false,"excerpt":"El titular de la Autoridad Federal de Servicios de Comunicaci\u00f3n Audiovisual (Afsca), Mart\u00edn Sabbatella, asegur\u00f3 hoy que la venta de medios del grupo Hadad al grupo Indalo, aprobada por ese organismo, \"se ajusta perfectamente a la ley\" porque se enmarca en el plan de adecuaci\u00f3n, e insisti\u00f3 con que \"las\u2026","rel":"","context":"En \u00abMedios\u00bb","block_context":{"text":"Medios","link":"https:\/\/www.24baires.com\/?cat=54"},"img":{"alt_text":"","src":"","width":0,"height":0},"classes":[]},{"id":34400,"url":"https:\/\/www.24baires.com\/?p=34400","url_meta":{"origin":26089,"position":3},"title":"Sabbatella notific\u00f3 al Grupo Clar\u00edn sobre el proceso de adecuaci\u00f3n","author":"AF","date":"31\/10\/2013","format":false,"excerpt":"El titular de la Autoridad Federal de Servicios de Comunicaci\u00f3n Audiovisual (Afsca), Mart\u00edn Sabbatella, notific\u00f3 la continuidad de la adecuaci\u00f3n de oficio al grupo Clar\u00edn tras el fallo de la Corte Suprema de Justicia que declar\u00f3 constitucional en todos los art\u00edculos la ley de servicios de comunicaci\u00f3n audiovisual. \"Con esto\u2026","rel":"","context":"En \u00abMedios\u00bb","block_context":{"text":"Medios","link":"https:\/\/www.24baires.com\/?cat=54"},"img":{"alt_text":"sabbatella","src":"https:\/\/i0.wp.com\/www.24baires.com\/wp-content\/uploads\/2013\/10\/sabbatella.jpg?resize=350%2C200","width":350,"height":200,"srcset":"https:\/\/i0.wp.com\/www.24baires.com\/wp-content\/uploads\/2013\/10\/sabbatella.jpg?resize=350%2C200 1x, https:\/\/i0.wp.com\/www.24baires.com\/wp-content\/uploads\/2013\/10\/sabbatella.jpg?resize=525%2C300 1.5x"},"classes":[]},{"id":55018,"url":"https:\/\/www.24baires.com\/?p=55018","url_meta":{"origin":26089,"position":4},"title":"\u00abVemos maniobras que buscan burlar la ley\u00bb, advirti\u00f3 Sabbatella sobre el Grupo Clar\u00edn","author":"GB","date":"08\/10\/2014","format":false,"excerpt":"El titular de la Autoridad Federal de Servicios de Comunicaci\u00f3n Audiovisual (Afsca), Mart\u00edn Sabbatella, afirm\u00f3 hoy que \"en el an\u00e1lisis\" de la presentaci\u00f3n de la adecuaci\u00f3n del Grupo Clar\u00edn \"se evidencian dos maniobras que buscan bular el objetivo de la ley, y simulan cumplirla\". \"Buscan seguir teniendo su posici\u00f3n dominante\u2026","rel":"","context":"En \u00abMedios\u00bb","block_context":{"text":"Medios","link":"https:\/\/www.24baires.com\/?cat=54"},"img":{"alt_text":"sabbatella mendoza","src":"https:\/\/i0.wp.com\/www.24baires.com\/wp-content\/uploads\/2012\/11\/sabbatella-mendoza.jpg?resize=350%2C200","width":350,"height":200,"srcset":"https:\/\/i0.wp.com\/www.24baires.com\/wp-content\/uploads\/2012\/11\/sabbatella-mendoza.jpg?resize=350%2C200 1x, https:\/\/i0.wp.com\/www.24baires.com\/wp-content\/uploads\/2012\/11\/sabbatella-mendoza.jpg?resize=525%2C300 1.5x"},"classes":[]},{"id":13164,"url":"https:\/\/www.24baires.com\/?p=13164","url_meta":{"origin":26089,"position":5},"title":"\u00abEs una norma democr\u00e1tica y antimonop\u00f3lica que busca condiciones igualitarias\u00bb, dijo Sabbatella de la Ley de Medios","author":"AF","date":"22\/01\/2013","format":false,"excerpt":"El titular de la Afsca, Mart\u00edn Sabbatella, afirm\u00f3 que la ley de medios \"debe aplicarse integralmente\" para todas las empresas. Tras las presentaci\u00f3n del Gobierno ante la C\u00e1mara Nacional en lo Civil y Comercial de los fundamentos por los cuales considera que el grupo Clar\u00edn \"no tiene legitimidad\" para apelar\u2026","rel":"","context":"En \u00abMedios\u00bb","block_context":{"text":"Medios","link":"https:\/\/www.24baires.com\/?cat=54"},"img":{"alt_text":"","src":"","width":0,"height":0},"classes":[]}],"jetpack_sharing_enabled":true,"jetpack_likes_enabled":true,"_links":{"self":[{"href":"https:\/\/www.24baires.com\/index.php?rest_route=\/wp\/v2\/posts\/26089","targetHints":{"allow":["GET"]}}],"collection":[{"href":"https:\/\/www.24baires.com\/index.php?rest_route=\/wp\/v2\/posts"}],"about":[{"href":"https:\/\/www.24baires.com\/index.php?rest_route=\/wp\/v2\/types\/post"}],"author":[{"embeddable":true,"href":"https:\/\/www.24baires.com\/index.php?rest_route=\/wp\/v2\/users\/11"}],"replies":[{"embeddable":true,"href":"https:\/\/www.24baires.com\/index.php?rest_route=%2Fwp%2Fv2%2Fcomments&post=26089"}],"version-history":[{"count":3,"href":"https:\/\/www.24baires.com\/index.php?rest_route=\/wp\/v2\/posts\/26089\/revisions"}],"predecessor-version":[{"id":26091,"href":"https:\/\/www.24baires.com\/index.php?rest_route=\/wp\/v2\/posts\/26089\/revisions\/26091"}],"wp:attachment":[{"href":"https:\/\/www.24baires.com\/index.php?rest_route=%2Fwp%2Fv2%2Fmedia&parent=26089"}],"wp:term":[{"taxonomy":"category","embeddable":true,"href":"https:\/\/www.24baires.com\/index.php?rest_route=%2Fwp%2Fv2%2Fcategories&post=26089"},{"taxonomy":"post_tag","embeddable":true,"href":"https:\/\/www.24baires.com\/index.php?rest_route=%2Fwp%2Fv2%2Ftags&post=26089"}],"curies":[{"name":"wp","href":"https:\/\/api.w.org\/{rel}","templated":true}]}}