{"id":2608,"date":"2012-10-19T13:08:29","date_gmt":"2012-10-19T16:08:29","guid":{"rendered":"http:\/\/www.24baires.com\/?p=2608"},"modified":"2012-10-19T13:08:29","modified_gmt":"2012-10-19T16:08:29","slug":"estudiantes-secundarios-de-olavarria-reclaman-por-fallas-edilicias-con-una-sentada","status":"publish","type":"post","link":"https:\/\/www.24baires.com\/?p=2608","title":{"rendered":"Estudiantes secundarios de Olavarr\u00eda reclaman por fallas edilicias con una &#8216;sentada&#8217;"},"content":{"rendered":"<p><img data-recalc-dims=\"1\" loading=\"lazy\" decoding=\"async\" class=\"aligncenter size-full wp-image-2609\" title=\"colegio olavarria\" src=\"https:\/\/i0.wp.com\/www.24baires.com\/wp-content\/uploads\/2012\/10\/colegio-olavarria.jpg?resize=542%2C307\" alt=\"\" width=\"542\" height=\"307\" srcset=\"https:\/\/i0.wp.com\/www.24baires.com\/wp-content\/uploads\/2012\/10\/colegio-olavarria.jpg?w=542&amp;ssl=1 542w, https:\/\/i0.wp.com\/www.24baires.com\/wp-content\/uploads\/2012\/10\/colegio-olavarria.jpg?resize=300%2C169&amp;ssl=1 300w\" sizes=\"auto, (max-width: 542px) 100vw, 542px\" \/><\/p>\n<p>Estudiantes de la E.E.S. N\u00ba6 (ex Nacional) y la E.E.S. N\u00ba8 (ex Comercio) de esa localidad, comenzaron este jueves una \u201csentada\u201d por la falta de agua y debido a las malas condiciones de infraestructura edilicia, entre ellas el alero que se encuentra en la entrada en p\u00e9simas condiciones.<!--more--><br \/>\nUna gran cantidad de alumnos de los dos colegios se convocaron en la entrada de la sede, junto a un grupo de docentes y preceptores que acompa\u00f1an la medida.<br \/>\nSeg\u00fan explicaron representantes estudiantiles el motivo de la protesta \u201ces que desde hace tres a\u00f1os contamos con escasez de agua y en el \u00faltimo tiempo ya casi no contamos con esta, concurran o no los alumnos a clase\u201d.<\/p>\n<p>\u201cSe efectuaron varias obras pero todas fueron mal realizadas, la \u00faltima durante el receso escolar, la cual no dio soluciones, solo m\u00e1s problemas\u201d aseguraron en una nota entregada a los medios.<br \/>\nEn este sentido, informaron que durante el mes de junio se acercaron al Consejo Escolar y dijeron que all\u00ed se les prometi\u00f3 una respuesta a los inconvenientes que a\u00fan no se ha concretado, por lo que decidieron iniciar la protesta a la espera que las autoridades se acerquen al colegio.<br \/>\n\u201cLa falta de agua genera que no haya buena higiene ya que los porteros no pueden limpiar y esto puede causar enfermedades\u201d contin\u00faa el documento y a\u00f1ade: \u201ccontamos con dificultades en los techos, ya que est\u00e1n muy deteriorados al igual que las paredes\u00bb.<\/p>\n<p>&nbsp;<\/p>\n","protected":false},"excerpt":{"rendered":"<p>Estudiantes de la E.E.S. N\u00ba6 (ex Nacional) y la E.E.S. N\u00ba8 (ex Comercio) de esa localidad, comenzaron este jueves una \u201csentada\u201d por la falta de agua y debido a las malas condiciones de infraestructura edilicia, entre ellas el alero que se encuentra en la entrada en p\u00e9simas condiciones.<\/p>\n","protected":false},"author":11,"featured_media":0,"comment_status":"open","ping_status":"open","sticky":false,"template":"","format":"standard","meta":{"_jetpack_newsletter_access":"","_jetpack_dont_email_post_to_subs":false,"_jetpack_newsletter_tier_id":0,"_jetpack_memberships_contains_paywalled_content":false,"_jetpack_memberships_contains_paid_content":false,"footnotes":""},"categories":[1],"tags":[],"class_list":["post-2608","post","type-post","status-publish","format-standard","hentry","category-sociedad"],"jetpack_featured_media_url":"","jetpack_shortlink":"https:\/\/wp.me\/p2JWE0-G4","jetpack-related-posts":[{"id":44781,"url":"https:\/\/www.24baires.com\/?p=44781","url_meta":{"origin":2608,"position":0},"title":"Denuncian que en Quilmes los ni\u00f1os van d\u00eda por medio a la escuela por falta de bancos","author":"GB","date":"26\/04\/2014","format":false,"excerpt":"Gremios docentes denuncian que el 60% de las escuelas sufre un estado \"deplorable\", por problemas edilicios y falta de mobiliario. \"Los chicos estudian sobre tachos de basura o de pintura\", se quejan Los gremios CTA, Suteba y ATE Quilmes denunciaron esta semana \"el lamentable estado de los establecimientos escolares\" de\u2026","rel":"","context":"En \u00abSociedad\u00bb","block_context":{"text":"Sociedad","link":"https:\/\/www.24baires.com\/?cat=1"},"img":{"alt_text":"escuela quilmes","src":"https:\/\/i0.wp.com\/www.24baires.com\/wp-content\/uploads\/2014\/04\/escuela-quilmes.jpg?resize=350%2C200","width":350,"height":200,"srcset":"https:\/\/i0.wp.com\/www.24baires.com\/wp-content\/uploads\/2014\/04\/escuela-quilmes.jpg?resize=350%2C200 1x, https:\/\/i0.wp.com\/www.24baires.com\/wp-content\/uploads\/2014\/04\/escuela-quilmes.jpg?resize=525%2C300 1.5x"},"classes":[]},{"id":95261,"url":"https:\/\/www.24baires.com\/?p=95261","url_meta":{"origin":2608,"position":1},"title":"Docentes bonaerenses reclaman a Vidal por escuelas \u00absin luz\u00bb y \u00abcomida insuficiente y en mal estado\u00bb","author":"GB","date":"16\/06\/2017","format":false,"excerpt":"Se trata de maestros de diferentes establecimientos educativos de Florencio Varela, que denuncian que un colegio estuvo toda la semana pasada sin servicio el\u00e9ctrico mientras que otro se qued\u00f3 sin luz en el mismo momento y a\u00fan permanece as\u00ed. Adem\u00e1s, aseguran que \"la cantidad de alimento siempre es menor a\u2026","rel":"","context":"En \u00abProvincia\u00bb","block_context":{"text":"Provincia","link":"https:\/\/www.24baires.com\/?cat=40"},"img":{"alt_text":"","src":"https:\/\/i0.wp.com\/www.24baires.com\/wp-content\/uploads\/2016\/12\/vidall.jpg?resize=350%2C200","width":350,"height":200,"srcset":"https:\/\/i0.wp.com\/www.24baires.com\/wp-content\/uploads\/2016\/12\/vidall.jpg?resize=350%2C200 1x, https:\/\/i0.wp.com\/www.24baires.com\/wp-content\/uploads\/2016\/12\/vidall.jpg?resize=525%2C300 1.5x"},"classes":[]},{"id":98378,"url":"https:\/\/www.24baires.com\/?p=98378","url_meta":{"origin":2608,"position":2},"title":"Piden que se declare una emergencia educativa y edilicia","author":"GB","date":"27\/10\/2017","format":false,"excerpt":"Lo reclamaron desde la agrupaci\u00f3n interna de Suteba Furs Multicolor luego de la ca\u00edda del tanque de agua en la Escuela N\u00b04. Consideraron que se trata de una \u201cnueva muestra del estado de abandono y falta de inversi\u00f3n\u201d. Con un diagn\u00f3stico complemente opuesto al que sostienen las autoridades del \u00e1rea,\u2026","rel":"","context":"En \u00abProvincia\u00bb","block_context":{"text":"Provincia","link":"https:\/\/www.24baires.com\/?cat=40"},"img":{"alt_text":"","src":"","width":0,"height":0},"classes":[]},{"id":89597,"url":"https:\/\/www.24baires.com\/?p=89597","url_meta":{"origin":2608,"position":3},"title":"Lanzan una web para denunciar problemas edilicios en escuelas y reclamar obras","author":"GB","date":"08\/11\/2016","format":false,"excerpt":"Ante la falta de datos concretos por parte del Gobierno sobre las condiciones de infraestructura en los colegios, proponen a padres, docentes y alumnos volcar sus propios datos en un registro provincial. Exigen un plan a la Provincia. Alumnos, docentes y padres podr\u00e1n denunciar las condiciones edilicias de las escuelas\u2026","rel":"","context":"En \u00abSociedad\u00bb","block_context":{"text":"Sociedad","link":"https:\/\/www.24baires.com\/?cat=1"},"img":{"alt_text":"Dise\u00f1o-de-escuelas","src":"https:\/\/i0.wp.com\/www.24baires.com\/wp-content\/uploads\/2013\/12\/Dise%C3%B1o-de-escuelas.jpg?resize=350%2C200","width":350,"height":200,"srcset":"https:\/\/i0.wp.com\/www.24baires.com\/wp-content\/uploads\/2013\/12\/Dise%C3%B1o-de-escuelas.jpg?resize=350%2C200 1x, https:\/\/i0.wp.com\/www.24baires.com\/wp-content\/uploads\/2013\/12\/Dise%C3%B1o-de-escuelas.jpg?resize=525%2C300 1.5x"},"classes":[]},{"id":50018,"url":"https:\/\/www.24baires.com\/?p=50018","url_meta":{"origin":2608,"position":4},"title":"Estudiantes secundarios disparan contra Macri y lo acusan de \u00abdegradar la educaci\u00f3n\u00bb","author":"GB","date":"16\/07\/2014","format":false,"excerpt":"J\u00f3venes nucleados en la Federaci\u00f3n de Estudiantes Secundarios (FES) cuestionaron los \"recortes al presupuesto, la confecci\u00f3n de listas negras, la construcci\u00f3n de aulas container y el cierre de cursos\" y manifestaron su apoyo a la toma que realizan los estudiantes de la Escuela Media N\u00b0 2 de Parque Avellaneda. En\u2026","rel":"","context":"En \u00abPol\u00edtica\u00bb","block_context":{"text":"Pol\u00edtica","link":"https:\/\/www.24baires.com\/?cat=51"},"img":{"alt_text":"","src":"","width":0,"height":0},"classes":[]},{"id":94637,"url":"https:\/\/www.24baires.com\/?p=94637","url_meta":{"origin":2608,"position":5},"title":"Polic\u00edas atacaron a estudiantes de Berisso que reclamaban mejoras edilicias","author":"GB","date":"19\/05\/2017","format":false,"excerpt":"Los j\u00f3venes fueron agredidos por polic\u00edas en la puerta de la Municipalidad ante la pasividad de funcionarios locales. Los concejales del FPV pedir\u00e1n que los empleados involucrados sean destituidos. Estudiantes secundarios de Berisso que reclamaban mejoras edilicias en la Escuela N\u00b0 1 fueron agredidos por polic\u00edas de civil ante la\u2026","rel":"","context":"En \u00abLocales\u00bb","block_context":{"text":"Locales","link":"https:\/\/www.24baires.com\/?cat=38"},"img":{"alt_text":"","src":"","width":0,"height":0},"classes":[]}],"jetpack_sharing_enabled":true,"jetpack_likes_enabled":true,"_links":{"self":[{"href":"https:\/\/www.24baires.com\/index.php?rest_route=\/wp\/v2\/posts\/2608","targetHints":{"allow":["GET"]}}],"collection":[{"href":"https:\/\/www.24baires.com\/index.php?rest_route=\/wp\/v2\/posts"}],"about":[{"href":"https:\/\/www.24baires.com\/index.php?rest_route=\/wp\/v2\/types\/post"}],"author":[{"embeddable":true,"href":"https:\/\/www.24baires.com\/index.php?rest_route=\/wp\/v2\/users\/11"}],"replies":[{"embeddable":true,"href":"https:\/\/www.24baires.com\/index.php?rest_route=%2Fwp%2Fv2%2Fcomments&post=2608"}],"version-history":[{"count":0,"href":"https:\/\/www.24baires.com\/index.php?rest_route=\/wp\/v2\/posts\/2608\/revisions"}],"wp:attachment":[{"href":"https:\/\/www.24baires.com\/index.php?rest_route=%2Fwp%2Fv2%2Fmedia&parent=2608"}],"wp:term":[{"taxonomy":"category","embeddable":true,"href":"https:\/\/www.24baires.com\/index.php?rest_route=%2Fwp%2Fv2%2Fcategories&post=2608"},{"taxonomy":"post_tag","embeddable":true,"href":"https:\/\/www.24baires.com\/index.php?rest_route=%2Fwp%2Fv2%2Ftags&post=2608"}],"curies":[{"name":"wp","href":"https:\/\/api.w.org\/{rel}","templated":true}]}}