{"id":2606,"date":"2012-10-19T13:23:42","date_gmt":"2012-10-19T16:23:42","guid":{"rendered":"http:\/\/www.24baires.com\/?p=2606"},"modified":"2012-10-19T13:23:42","modified_gmt":"2012-10-19T16:23:42","slug":"le-quitaran-la-licencia-de-conducir-a-quienes-provoquen-lesiones-en-la-provincia","status":"publish","type":"post","link":"https:\/\/www.24baires.com\/?p=2606","title":{"rendered":"Le quitar\u00e1n la licencia de conducir a quienes provoquen lesiones en la Provincia"},"content":{"rendered":"<p>Las personas que hayan provocado lesiones o muerte por consecuencia del uso de automotores, perder\u00e1n la licencia de conducir, de acuerdo a un proyecto de ley que se aprob\u00f3 en la C\u00e1mara baja bonaerense.<!--more--><br \/>\nLa iniciativa, que ahora deber\u00e1 ser sancionada por el Senado, establece que ante casos de lesiones o muerte que sean consecuencia del uso de automotores el juez podr\u00e1 inhabilitar al imputado para conducir, \u00abreteni\u00e9ndole a tal efecto la licencia habilitante y comunicando la resoluci\u00f3n al Registro Nacional de Antecedentes del Tr\u00e1nsito\u00bb.<br \/>\nEl proyecto surgi\u00f3 a partir de la unificaci\u00f3n de dos proyectos legislativos presentados por los diputados Walter Martello (Coalici\u00f3n C\u00edvica) y Mauricio D\u2019Alessandro (Uni\u00f3n Celeste y Blanco).<br \/>\nLa norma destaca que la medida podr\u00e1 ser requerida por el fiscal, el actor civil o el particular damnificado si lo hubiere, o a\u00fan de oficio \u201cluego de recibida la declaraci\u00f3n del imputado\u201d.<br \/>\nSemanas atr\u00e1s, el gobierno bonaerense inhabilit\u00f3 al boxeador Rodrigo \u00abLa Hiena\u00bb Barrios para conducir veh\u00edculos, luego de que se lo condenara a 4 a\u00f1os de prisi\u00f3n por un accidente vial que termin\u00f3 con la vida de una joven embarazada en enero de 2010.<\/p>\n","protected":false},"excerpt":{"rendered":"<p>Las personas que hayan provocado lesiones o muerte por consecuencia del uso de automotores, perder\u00e1n la licencia de conducir, de acuerdo a un proyecto de ley que se aprob\u00f3 en la C\u00e1mara baja bonaerense.<\/p>\n","protected":false},"author":11,"featured_media":0,"comment_status":"open","ping_status":"open","sticky":false,"template":"","format":"standard","meta":{"_jetpack_newsletter_access":"","_jetpack_dont_email_post_to_subs":false,"_jetpack_newsletter_tier_id":0,"_jetpack_memberships_contains_paywalled_content":false,"_jetpack_memberships_contains_paid_content":false,"footnotes":""},"categories":[40],"tags":[],"class_list":["post-2606","post","type-post","status-publish","format-standard","hentry","category-provincia"],"jetpack_featured_media_url":"","jetpack_shortlink":"https:\/\/wp.me\/p2JWE0-G2","jetpack-related-posts":[{"id":87620,"url":"https:\/\/www.24baires.com\/?p=87620","url_meta":{"origin":2606,"position":0},"title":"Proponen retener licencia de conducir de causantes de accidentes graves","author":"AF","date":"16\/09\/2016","format":false,"excerpt":"Un diputado de Cambiemos solicit\u00f3 a trav\u00e9s de un proyecto de ley para retener la licencia de conducir a quienes provoquen accidentes de tr\u00e1nsito graves. La iniciativa, presentada por el diputado Marcelo Daletto, propone retener la licencia de conducir a quienes provoquen accidentes de tr\u00e1nsito que dejen como consecuencia muertes\u2026","rel":"","context":"En \u00abLocales\u00bb","block_context":{"text":"Locales","link":"https:\/\/www.24baires.com\/?cat=38"},"img":{"alt_text":"accidentes viales","src":"https:\/\/i0.wp.com\/www.24baires.com\/wp-content\/uploads\/2013\/05\/accidentes-viales1-300x180.jpg?resize=350%2C200","width":350,"height":200},"classes":[]},{"id":120782,"url":"https:\/\/www.24baires.com\/?p=120782","url_meta":{"origin":2606,"position":1},"title":"En la Provincia de Buenos Aires, seguir\u00e1 siendo obligatoria la VTV","author":"GB","date":"22\/12\/2023","format":false,"excerpt":"As\u00ed lo confirm\u00f3 Jorge D'Onofrio, ministro de Transporte de la Provincia. En caso de tener la VTV vencida, se podr\u00e1 circular \u00fanicamente con la certificaci\u00f3n del turno pendiente. La Verificaci\u00f3n T\u00e9cnica Vehicular (VTV) continuar\u00e1 siendo obligatoria en la Provincia de Buenos Aires y en la mayor\u00eda de las provincias argentinas,\u2026","rel":"","context":"En \u00abProvincia\u00bb","block_context":{"text":"Provincia","link":"https:\/\/www.24baires.com\/?cat=40"},"img":{"alt_text":"","src":"https:\/\/i0.wp.com\/www.24baires.com\/wp-content\/uploads\/2023\/12\/vtv.jpg?resize=350%2C200","width":350,"height":200,"srcset":"https:\/\/i0.wp.com\/www.24baires.com\/wp-content\/uploads\/2023\/12\/vtv.jpg?resize=350%2C200 1x, https:\/\/i0.wp.com\/www.24baires.com\/wp-content\/uploads\/2023\/12\/vtv.jpg?resize=525%2C300 1.5x, https:\/\/i0.wp.com\/www.24baires.com\/wp-content\/uploads\/2023\/12\/vtv.jpg?resize=700%2C400 2x"},"classes":[]},{"id":65375,"url":"https:\/\/www.24baires.com\/?p=65375","url_meta":{"origin":2606,"position":2},"title":"Piden penas m\u00e1s altas para quienes conduzcan y maten alcoholizados","author":"GB","date":"05\/05\/2015","format":false,"excerpt":"La diputada Nacional Dulce Granado present\u00f3 un proyecto de ley para que sean detenidos y cumplan prisi\u00f3n efectiva quienes conduzcan y mates bajo los efectos del alcohol. Florencio Randazzo ya sostuvo que insistir\u00e1 con la ley de \"alcohol cero\" para los conductores. Luego de la escandalosa liberaci\u00f3n de Diego Cuevas,\u2026","rel":"","context":"En \u00abSociedad\u00bb","block_context":{"text":"Sociedad","link":"https:\/\/www.24baires.com\/?cat=1"},"img":{"alt_text":"choque","src":"https:\/\/i0.wp.com\/www.24baires.com\/wp-content\/uploads\/2015\/01\/choque.jpg?resize=350%2C200","width":350,"height":200,"srcset":"https:\/\/i0.wp.com\/www.24baires.com\/wp-content\/uploads\/2015\/01\/choque.jpg?resize=350%2C200 1x, https:\/\/i0.wp.com\/www.24baires.com\/wp-content\/uploads\/2015\/01\/choque.jpg?resize=525%2C300 1.5x"},"classes":[]},{"id":95836,"url":"https:\/\/www.24baires.com\/?p=95836","url_meta":{"origin":2606,"position":3},"title":"Buscan inhabilitar a procesados por muertes y lesiones en siniestros viales","author":"AF","date":"12\/07\/2017","format":false,"excerpt":"La diputada Provincial Laura Ricchini (Cambiemos), present\u00f3 este martes un proyecto para incorpora un art\u00edculo al C\u00f3digo Procesal Penal de la Provincia, mediante el cual se faculta a los jueces a inhabilitar en forma preventiva y provisoria a conductores imputados por causar muertes o lesiones en siniestros viales. En ese\u2026","rel":"","context":"En \u00abSociedad\u00bb","block_context":{"text":"Sociedad","link":"https:\/\/www.24baires.com\/?cat=1"},"img":{"alt_text":"","src":"https:\/\/i0.wp.com\/www.24baires.com\/wp-content\/uploads\/2014\/09\/accidente-gerli.jpg?resize=350%2C200","width":350,"height":200},"classes":[]},{"id":5054,"url":"https:\/\/www.24baires.com\/?p=5054","url_meta":{"origin":2606,"position":4},"title":"Proponen extender la validez de las licencias de conducir por el atraso en la entrega","author":"AF","date":"11\/11\/2012","format":false,"excerpt":"El Presidente del Bloque de Senadores de la UCR Carlos Fern\u00e1ndez present\u00f3 en la C\u00e1mara Alta bonaerense un proyecto de ley, a trav\u00e9s del cual busca prorrogar por 180 d\u00edas, la validez de las licencias de conducir cuyos vencimientos operan desde el 1 de agosto del a\u00f1o 2012 hasta el\u2026","rel":"","context":"En \u00abSociedad\u00bb","block_context":{"text":"Sociedad","link":"https:\/\/www.24baires.com\/?cat=1"},"img":{"alt_text":"","src":"","width":0,"height":0},"classes":[]},{"id":5718,"url":"https:\/\/www.24baires.com\/?p=5718","url_meta":{"origin":2606,"position":5},"title":"Aprueban una pr\u00f3rroga para las licencias de conducir por los retrasos en la imprenta","author":"Grupo Sierra","date":"16\/11\/2012","format":false,"excerpt":"El Senado bonaerense aprob\u00f3 ayer un proyecto que propone prorrogar por 180 d\u00edas la validez de las licencias de conducir cuyos vencimientos operan desde el 1 de agosto del a\u00f1o 2012 hasta el 1 de agosto del a\u00f1o 2013 debido al retraso en su otorgamiento por un paro en la\u2026","rel":"","context":"En \u00abProvincia\u00bb","block_context":{"text":"Provincia","link":"https:\/\/www.24baires.com\/?cat=40"},"img":{"alt_text":"","src":"https:\/\/i0.wp.com\/www.24baires.com\/wp-content\/uploads\/2012\/11\/registros-conducir-300x200.jpg?resize=350%2C200","width":350,"height":200},"classes":[]}],"jetpack_sharing_enabled":true,"jetpack_likes_enabled":true,"_links":{"self":[{"href":"https:\/\/www.24baires.com\/index.php?rest_route=\/wp\/v2\/posts\/2606","targetHints":{"allow":["GET"]}}],"collection":[{"href":"https:\/\/www.24baires.com\/index.php?rest_route=\/wp\/v2\/posts"}],"about":[{"href":"https:\/\/www.24baires.com\/index.php?rest_route=\/wp\/v2\/types\/post"}],"author":[{"embeddable":true,"href":"https:\/\/www.24baires.com\/index.php?rest_route=\/wp\/v2\/users\/11"}],"replies":[{"embeddable":true,"href":"https:\/\/www.24baires.com\/index.php?rest_route=%2Fwp%2Fv2%2Fcomments&post=2606"}],"version-history":[{"count":0,"href":"https:\/\/www.24baires.com\/index.php?rest_route=\/wp\/v2\/posts\/2606\/revisions"}],"wp:attachment":[{"href":"https:\/\/www.24baires.com\/index.php?rest_route=%2Fwp%2Fv2%2Fmedia&parent=2606"}],"wp:term":[{"taxonomy":"category","embeddable":true,"href":"https:\/\/www.24baires.com\/index.php?rest_route=%2Fwp%2Fv2%2Fcategories&post=2606"},{"taxonomy":"post_tag","embeddable":true,"href":"https:\/\/www.24baires.com\/index.php?rest_route=%2Fwp%2Fv2%2Ftags&post=2606"}],"curies":[{"name":"wp","href":"https:\/\/api.w.org\/{rel}","templated":true}]}}