{"id":2604,"date":"2012-10-19T12:17:10","date_gmt":"2012-10-19T15:17:10","guid":{"rendered":"http:\/\/www.24baires.com\/?p=2604"},"modified":"2012-10-19T12:17:10","modified_gmt":"2012-10-19T15:17:10","slug":"el-director-bahiense-gaston-duprat-dirigira-el-canal-provincial-digital","status":"publish","type":"post","link":"https:\/\/www.24baires.com\/?p=2604","title":{"rendered":"El director bahiense Gast\u00f3n Duprat dirigir\u00e1 el canal provincial digital"},"content":{"rendered":"<p>El Gobierno de Buenos Aires lanzar\u00e1 ma\u00f1ana su propia canal de TV, que transmitir\u00e1 en la frecuencia 32 de la Televisi\u00f3n Digital Abierta, en vivo las 24 horas, y por internet en <a href=\"http:\/\/www.digotv.gba.gob.ar\/\" target=\"_blank\">www.digotv.gba.gob.ar<\/a>.<!--more--><\/p>\n<p>Seg\u00fan se inform\u00f3 se dar\u00e1 espacio a todos los vecinos con programas de diferentes g\u00e9neros y estilos y ser\u00e1 comandado por el prestigioso director de cine y TV Gast\u00f3n Duprat.<\/p>\n<p>Se trata de una iniciativa conjunta del Instituto Cultural y de la Secretar\u00eda de Comunicaci\u00f3n P\u00fablica, \u201ccon un concepto innovador de expresi\u00f3n comunitaria, de acceso gratuito, donde todos los vecinos podr\u00e1n manifestar sus propias ideas y opiniones\u201d, inform\u00f3 el Gobierno.<\/p>\n<p>\u201cCon acceso gratuito, DIGO propicia el debate y el intercambio de ideas en un contexto comunitario, interactivo y democr\u00e1tico donde los vecinos pueden ejercer su derecho a opinar sin mediaciones y pueden participar por \u00fanica vez o tener su columna peri\u00f3dicamente\u201d, se se\u00f1al\u00f3<\/p>\n","protected":false},"excerpt":{"rendered":"<p>El Gobierno de Buenos Aires lanzar\u00e1 ma\u00f1ana su propia canal de TV, que transmitir\u00e1 en la frecuencia 32 de la Televisi\u00f3n Digital Abierta, en vivo las 24 horas, y por internet en www.digotv.gba.gob.ar.<\/p>\n","protected":false},"author":11,"featured_media":0,"comment_status":"open","ping_status":"open","sticky":false,"template":"","format":"standard","meta":{"_jetpack_newsletter_access":"","_jetpack_dont_email_post_to_subs":false,"_jetpack_newsletter_tier_id":0,"_jetpack_memberships_contains_paywalled_content":false,"_jetpack_memberships_contains_paid_content":false,"footnotes":""},"categories":[54],"tags":[],"class_list":["post-2604","post","type-post","status-publish","format-standard","hentry","category-medios"],"jetpack_featured_media_url":"","jetpack_shortlink":"https:\/\/wp.me\/p2JWE0-G0","jetpack-related-posts":[{"id":34591,"url":"https:\/\/www.24baires.com\/?p=34591","url_meta":{"origin":2604,"position":0},"title":"Comienza en Saladillo el 10\u00ba Festival Nacional de Cine con Vecinos","author":"AF","date":"04\/11\/2013","format":false,"excerpt":"El jurado de la secci\u00f3n \u201cCine Independiente\u201d est\u00e1 integrado por Lucrecia Martell, Natalia Smirnoff, Gast\u00f3n Duprat, Gustavo Postiglione y David Bisbano. La d\u00e9cima edici\u00f3n del Festival Nacional de Cine con Vecinos se desarrollar\u00e1 desde el 2 hasta el 9 de noviembre pr\u00f3ximo, con entrada gratuita, en el Cine Marconi de\u2026","rel":"","context":"En \u00abLocales\u00bb","block_context":{"text":"Locales","link":"https:\/\/www.24baires.com\/?cat=38"},"img":{"alt_text":"","src":"","width":0,"height":0},"classes":[]},{"id":1251,"url":"https:\/\/www.24baires.com\/?p=1251","url_meta":{"origin":2604,"position":1},"title":"Lanzan el Canal Digital Abierto de la UNLP con un programa de producci\u00f3n propia","author":"Grupo Sierra","date":"06\/10\/2012","format":false,"excerpt":"Finalizada ya la etapa de pruebas y ajustes t\u00e9cnicos de la se\u00f1al de la Televisi\u00f3n Digital Abierta, la Universidad podr\u00e1 al aire el primer programa de producci\u00f3n propia. Ser\u00e1 un magazine de actualidad que ir\u00e1 de lunes a viernes de 13 a 15 que se llamar\u00e1 \u201cPlaza 56\u201d. \u00a0 Con\u2026","rel":"","context":"En \u00abMedios\u00bb","block_context":{"text":"Medios","link":"https:\/\/www.24baires.com\/?cat=54"},"img":{"alt_text":"","src":"https:\/\/i0.wp.com\/www.24baires.com\/wp-content\/uploads\/2012\/10\/tv-universidad-la-plata-300x178.jpg?resize=350%2C200","width":350,"height":200},"classes":[]},{"id":28894,"url":"https:\/\/www.24baires.com\/?p=28894","url_meta":{"origin":2604,"position":2},"title":"La TDA llega a Pehuaj\u00f3 y a Vedia","author":"AF","date":"25\/07\/2013","format":false,"excerpt":"El pr\u00f3ximo 15 de agosto los pehuajenses podr\u00e1n comenzar a disfrutar de los canales gratuitos y de alta calidad que ofrece la televisi\u00f3n digital abierta. En tanto, ya desde hace unas semanas la TDA ya es una realidad para muchos vedienses y, en los pr\u00f3ximos d\u00edas, llegar\u00e1n a la ciudad\u2026","rel":"","context":"En \u00abLocales\u00bb","block_context":{"text":"Locales","link":"https:\/\/www.24baires.com\/?cat=38"},"img":{"alt_text":"tda","src":"https:\/\/i0.wp.com\/www.24baires.com\/wp-content\/uploads\/2013\/07\/tda.jpg?resize=350%2C200","width":350,"height":200,"srcset":"https:\/\/i0.wp.com\/www.24baires.com\/wp-content\/uploads\/2013\/07\/tda.jpg?resize=350%2C200 1x, https:\/\/i0.wp.com\/www.24baires.com\/wp-content\/uploads\/2013\/07\/tda.jpg?resize=525%2C300 1.5x"},"classes":[]},{"id":82959,"url":"https:\/\/www.24baires.com\/?p=82959","url_meta":{"origin":2604,"position":3},"title":"Demandan al Grupo Clar\u00edn por \u00abbloquear\u00bb la se\u00f1al de un canal comunitario","author":"GB","date":"20\/05\/2016","format":false,"excerpt":"Barricada TV demand\u00f3 a Canal 13 por \"interferir\" sus emisiones en una se\u00f1al asignada por el Estado. \"Quieren expulsar otra agenda de noticias\", advierten. El canal comunitario Barricada TV denunci\u00f3 a Canal 13 por \"bloquear\" sus emisiones y expulsar de la grilla de \"una agenda de noticias y de ficci\u00f3n\u2026","rel":"","context":"En \u00abMedios\u00bb","block_context":{"text":"Medios","link":"https:\/\/www.24baires.com\/?cat=54"},"img":{"alt_text":"clar\u00edn","src":"https:\/\/i0.wp.com\/www.24baires.com\/wp-content\/uploads\/2014\/10\/clar%C3%ADn.jpg?resize=350%2C200","width":350,"height":200,"srcset":"https:\/\/i0.wp.com\/www.24baires.com\/wp-content\/uploads\/2014\/10\/clar%C3%ADn.jpg?resize=350%2C200 1x, https:\/\/i0.wp.com\/www.24baires.com\/wp-content\/uploads\/2014\/10\/clar%C3%ADn.jpg?resize=525%2C300 1.5x"},"classes":[]},{"id":51360,"url":"https:\/\/www.24baires.com\/?p=51360","url_meta":{"origin":2604,"position":4},"title":"Mercedes: La televisi\u00f3n digital abierta gana cada vez m\u00e1s terreno","author":"GB","date":"07\/08\/2014","format":false,"excerpt":"Cada vez son m\u00e1s los domicilios en los que se instala la peque\u00f1a antena que permite ver cerca de veinte canales y con tecnolog\u00eda HD. A las entregas realizadas por Anses y Pami, algunos comercios confirmaron una buena venta, que se increment\u00f3 previo y durante el mundial del f\u00fatbol Cuando\u2026","rel":"","context":"En \u00abMedios\u00bb","block_context":{"text":"Medios","link":"https:\/\/www.24baires.com\/?cat=54"},"img":{"alt_text":"grila cable","src":"https:\/\/i0.wp.com\/www.24baires.com\/wp-content\/uploads\/2014\/08\/grila-cable.jpg?resize=350%2C200","width":350,"height":200,"srcset":"https:\/\/i0.wp.com\/www.24baires.com\/wp-content\/uploads\/2014\/08\/grila-cable.jpg?resize=350%2C200 1x, https:\/\/i0.wp.com\/www.24baires.com\/wp-content\/uploads\/2014\/08\/grila-cable.jpg?resize=525%2C300 1.5x"},"classes":[]},{"id":42409,"url":"https:\/\/www.24baires.com\/?p=42409","url_meta":{"origin":2604,"position":5},"title":"Entregan 350 decodificadores para TDA en Chacabuco","author":"Grupo Sierra","date":"19\/03\/2014","format":false,"excerpt":"Fue este martes en el Club Racing. El Jefe Comunal hizo entrega de los dispositivos para sintonizar Televisi\u00f3n Digital Abierta. Seg\u00fan inform\u00f3, de 20 mil hogares, s\u00f3lo la mitad tiene acceso a la TV paga. Agreg\u00f3 que con el Gobierno Nacional trabajan por una televisi\u00f3n \"para todos\". El Intendente de\u2026","rel":"","context":"En \u00abLocales\u00bb","block_context":{"text":"Locales","link":"https:\/\/www.24baires.com\/?cat=38"},"img":{"alt_text":"","src":"","width":0,"height":0},"classes":[]}],"jetpack_sharing_enabled":true,"jetpack_likes_enabled":true,"_links":{"self":[{"href":"https:\/\/www.24baires.com\/index.php?rest_route=\/wp\/v2\/posts\/2604","targetHints":{"allow":["GET"]}}],"collection":[{"href":"https:\/\/www.24baires.com\/index.php?rest_route=\/wp\/v2\/posts"}],"about":[{"href":"https:\/\/www.24baires.com\/index.php?rest_route=\/wp\/v2\/types\/post"}],"author":[{"embeddable":true,"href":"https:\/\/www.24baires.com\/index.php?rest_route=\/wp\/v2\/users\/11"}],"replies":[{"embeddable":true,"href":"https:\/\/www.24baires.com\/index.php?rest_route=%2Fwp%2Fv2%2Fcomments&post=2604"}],"version-history":[{"count":0,"href":"https:\/\/www.24baires.com\/index.php?rest_route=\/wp\/v2\/posts\/2604\/revisions"}],"wp:attachment":[{"href":"https:\/\/www.24baires.com\/index.php?rest_route=%2Fwp%2Fv2%2Fmedia&parent=2604"}],"wp:term":[{"taxonomy":"category","embeddable":true,"href":"https:\/\/www.24baires.com\/index.php?rest_route=%2Fwp%2Fv2%2Fcategories&post=2604"},{"taxonomy":"post_tag","embeddable":true,"href":"https:\/\/www.24baires.com\/index.php?rest_route=%2Fwp%2Fv2%2Ftags&post=2604"}],"curies":[{"name":"wp","href":"https:\/\/api.w.org\/{rel}","templated":true}]}}