{"id":25984,"date":"2013-06-14T18:45:38","date_gmt":"2013-06-14T21:45:38","guid":{"rendered":"http:\/\/www.24baires.com\/?p=25984"},"modified":"2013-06-14T20:39:11","modified_gmt":"2013-06-14T23:39:11","slug":"ecuador-ya-tiene-su-propia-ley-de-medios","status":"publish","type":"post","link":"https:\/\/www.24baires.com\/?p=25984","title":{"rendered":"Ecuador ya tiene su propia Ley de Medios"},"content":{"rendered":"<p><img data-recalc-dims=\"1\" loading=\"lazy\" decoding=\"async\" class=\"alignleft size-medium wp-image-25985\" alt=\"ecuador parlamento\" src=\"https:\/\/i0.wp.com\/www.24baires.com\/wp-content\/uploads\/2013\/06\/ecuador-parlamento.jpg?resize=300%2C190\" width=\"300\" height=\"190\" srcset=\"https:\/\/i0.wp.com\/www.24baires.com\/wp-content\/uploads\/2013\/06\/ecuador-parlamento.jpg?resize=300%2C190&amp;ssl=1 300w, https:\/\/i0.wp.com\/www.24baires.com\/wp-content\/uploads\/2013\/06\/ecuador-parlamento.jpg?w=315&amp;ssl=1 315w\" sizes=\"auto, (max-width: 300px) 100vw, 300px\" \/>La norma -aprobada sin debate por la Asamblea ecuatoriana- introduce la figura del \u00ablinchamiento medi\u00e1tico\u00bb, que se produce por medio de la publicaci\u00f3n reiterada de informaciones con el fin de desprestigiar a personas y crea un \u00f3rgano que se encargar\u00e1 de la \u00abvigilancia, auditor\u00eda, intervenci\u00f3n y control\u00bb y tendr\u00e1 \u00abcapacidad sancionatoria\u00bb sobre la actuaci\u00f3n de medios. <!--more--><\/p>\n<p>La Asamblea de Ecuador, con mayoria oficialista, aprob\u00f3 hoy la nueva Ley de Comunicaci\u00f3n que busca \u00abdemocratizar\u00bb a todo el sector y que fue criticada por medios privados y la oposici\u00f3n que la calificaron como \u00abley mordaza\u00bb.<\/p>\n<p>La aprobaci\u00f3n se hizo sin debate, y la ley logr\u00f3 una mayor\u00eda absoluta en las siete votaciones en la Asamblea, en la que el oficialista Alianza Pa\u00eds (AP) cuenta con 100 de los 137 legisladores.<\/p>\n<p>Los diputados corre\u00edstas al aprobarse la ley, aplaudieron de pie visiblemente emocionados y gritaron: \u00abalerta, alerta que camina, la espada de Bol\u00edvar por Am\u00e9rica Latina\u00bb, entre otras consignas.<\/p>\n<p>\u00abNing\u00fan proyecto de ley ha sido tan debatido, tan socializado como el proyecto de Ley de Comunicaci\u00f3n\u00bb, sostuvo el legislador Mauro Andino, de AP.<\/p>\n<p>\u00abDe hoy en adelante, la palabra ya es de todos\u00bb, dijo Andino, quien entreg\u00f3 ayer el texto final con las \u00faltimas observaciones a la presidenta de la Asamblea, Gabriela Rivadeneira.<\/p>\n<p>Seg\u00fan Andino, quien calific\u00f3 este d\u00eda como \u00abhist\u00f3rico\u00bb, la ley garantiza el derecho a la libertad de expresi\u00f3n y opini\u00f3n y proh\u00edbe la censura previa.<\/p>\n<p>Entre las novedades est\u00e1 la figura del \u00ablinchamiento medi\u00e1tico\u00bb, que se produce por medio de la publicaci\u00f3n reiterada de informaciones con el fin de desprestigiar o reducir la credibilidad p\u00fablica de personas f\u00edsicas o jur\u00eddicas.<\/p>\n<p>Tambi\u00e9n crea la Superintendencia de Informaci\u00f3n y Comunicaci\u00f3n, \u00f3rgano que se encargar\u00e1 de la \u00abvigilancia, auditor\u00eda, intervenci\u00f3n y control\u00bb y tendr\u00e1 \u00abcapacidad sancionatoria\u00bb sobre la actuaci\u00f3n de medios de comunicaci\u00f3n.<\/p>\n<p>Por su parte, desde la oposici\u00f3n se calific\u00f3 la jornada como \u00abun d\u00eda f\u00fanebre\u00bb y se\u00f1alaron al proyecto como una \u00abley mordaza\u00bb, ya que tanto la figura del linchamiento como la Superintendencia pueden \u00abneutralizar\u00bb la acci\u00f3n de la prensa.<\/p>\n<p>&nbsp;<\/p>\n<p>&nbsp;<\/p>\n<p>&nbsp;<\/p>\n<p>&nbsp;<\/p>\n<p>&nbsp;<\/p>\n<p>&nbsp;<\/p>\n<p>&nbsp;<\/p>\n<p>&nbsp;<\/p>\n<p>&nbsp;<\/p>\n<p>&nbsp;<\/p>\n<p>&nbsp;<\/p>\n<p>&nbsp;<\/p>\n<p>&nbsp;<\/p>\n","protected":false},"excerpt":{"rendered":"<p>La norma -aprobada sin debate por la Asamblea ecuatoriana- introduce la figura del \u00ablinchamiento medi\u00e1tico\u00bb, que se produce por medio de la publicaci\u00f3n reiterada de informaciones con el fin de desprestigiar a personas y crea un \u00f3rgano que se encargar\u00e1 de la \u00abvigilancia, auditor\u00eda, intervenci\u00f3n y control\u00bb y tendr\u00e1 \u00abcapacidad sancionatoria\u00bb sobre la actuaci\u00f3n de medios.<\/p>\n","protected":false},"author":11,"featured_media":0,"comment_status":"open","ping_status":"open","sticky":false,"template":"","format":"standard","meta":{"_jetpack_newsletter_access":"","_jetpack_dont_email_post_to_subs":false,"_jetpack_newsletter_tier_id":0,"_jetpack_memberships_contains_paywalled_content":false,"_jetpack_memberships_contains_paid_content":false,"footnotes":""},"categories":[54],"tags":[],"class_list":["post-25984","post","type-post","status-publish","format-standard","hentry","category-medios"],"jetpack_featured_media_url":"","jetpack_shortlink":"https:\/\/wp.me\/p2JWE0-6L6","jetpack-related-posts":[{"id":114179,"url":"https:\/\/www.24baires.com\/?p=114179","url_meta":{"origin":25984,"position":0},"title":"El Frente de Todos buscar\u00e1 aprobar la ley de G\u00f3ndolas","author":"AF","date":"20\/02\/2020","format":false,"excerpt":"El proyecto cuenta con la media sanci\u00f3n de Diputados. Busca equilibrar el espacio entre proveedores de productos en los supermercados. El Senadobuscar\u00e1 aprobar el viernes 28 el proyecto de ley de G\u00f3ndolas, que cuenta con la media sanci\u00f3n de Diputados y empareja el reparto entre proveedores de los espacios de\u2026","rel":"","context":"En \u00abSociedad\u00bb","block_context":{"text":"Sociedad","link":"https:\/\/www.24baires.com\/?cat=1"},"img":{"alt_text":"","src":"https:\/\/i0.wp.com\/www.24baires.com\/wp-content\/uploads\/2015\/02\/precios-acordados-g%C3%B3ndola-super.jpg?resize=350%2C200","width":350,"height":200,"srcset":"https:\/\/i0.wp.com\/www.24baires.com\/wp-content\/uploads\/2015\/02\/precios-acordados-g%C3%B3ndola-super.jpg?resize=350%2C200 1x, https:\/\/i0.wp.com\/www.24baires.com\/wp-content\/uploads\/2015\/02\/precios-acordados-g%C3%B3ndola-super.jpg?resize=525%2C300 1.5x"},"classes":[]},{"id":42507,"url":"https:\/\/www.24baires.com\/?p=42507","url_meta":{"origin":25984,"position":1},"title":"Kicillof en la Asamblea de Clar\u00edn: \u00abNuestra posici\u00f3n no fue del todo escuchada\u00bb","author":"Grupo Sierra","date":"20\/03\/2014","format":false,"excerpt":"El ministro de Econom\u00eda particip\u00f3 en la sede del grupo de la asamblea en la que se debate el plan aprobado por la Afsca. Tuvo un ingreso accidentado, ya que fue demorado por agentes de seguridad. Kicillof particip\u00f3 de la asamblea en representaci\u00f3n del Estado Nacional, que posee acciones del\u2026","rel":"","context":"En \u00abJUDICIALES\u00bb","block_context":{"text":"JUDICIALES","link":"https:\/\/www.24baires.com\/?cat=68"},"img":{"alt_text":"kicillof","src":"https:\/\/i0.wp.com\/www.24baires.com\/wp-content\/uploads\/2014\/03\/kicillof-300x181.jpg?resize=350%2C200","width":350,"height":200},"classes":[]},{"id":118960,"url":"https:\/\/www.24baires.com\/?p=118960","url_meta":{"origin":25984,"position":2},"title":"Diputados aprob\u00f3 el proyecto de Boleta \u00danica","author":"GB","date":"09\/06\/2022","format":false,"excerpt":"La oposici\u00f3n logr\u00f3 aprobar el proyecto de Ley de Boleta \u00danica en Diputados y fue girado al Senado en donde el oficialismo tiene la mayor\u00eda de las bancas. proyecto de Boleta \u00danica impulsado por la oposici\u00f3n fue aprobado por la C\u00e1mara de Diputados y ahora deber\u00e1 debatirse en el Senado\u2026","rel":"","context":"En \u00abPol\u00edtica\u00bb","block_context":{"text":"Pol\u00edtica","link":"https:\/\/www.24baires.com\/?cat=51"},"img":{"alt_text":"","src":"https:\/\/i0.wp.com\/www.24baires.com\/wp-content\/uploads\/2018\/10\/dipiutades.jpg?resize=350%2C200","width":350,"height":200,"srcset":"https:\/\/i0.wp.com\/www.24baires.com\/wp-content\/uploads\/2018\/10\/dipiutades.jpg?resize=350%2C200 1x, https:\/\/i0.wp.com\/www.24baires.com\/wp-content\/uploads\/2018\/10\/dipiutades.jpg?resize=525%2C300 1.5x, https:\/\/i0.wp.com\/www.24baires.com\/wp-content\/uploads\/2018\/10\/dipiutades.jpg?resize=700%2C400 2x"},"classes":[]},{"id":101856,"url":"https:\/\/www.24baires.com\/?p=101856","url_meta":{"origin":25984,"position":3},"title":"El Concejo aprob\u00f3 el aumento de tasas en Mar del Plata","author":"GB","date":"27\/04\/2018","format":false,"excerpt":"La medida se aprob\u00f3 por mayor\u00eda luego de una sesi\u00f3n caliente En una sesi\u00f3n que comenz\u00f3 m\u00e1s tarde de lo previsto y donde no faltaron los cruces entre los concejales de distintos bloques, este jueves se aprob\u00f3 en el Concejo Deliberante el aumento de tasas, tras la asamblea de mayores\u2026","rel":"","context":"En \u00abMunicipios\u00bb","block_context":{"text":"Municipios","link":"https:\/\/www.24baires.com\/?cat=44"},"img":{"alt_text":"","src":"https:\/\/i0.wp.com\/www.24baires.com\/wp-content\/uploads\/2015\/02\/municipio-mar-del-plata.jpg?resize=350%2C200","width":350,"height":200,"srcset":"https:\/\/i0.wp.com\/www.24baires.com\/wp-content\/uploads\/2015\/02\/municipio-mar-del-plata.jpg?resize=350%2C200 1x, https:\/\/i0.wp.com\/www.24baires.com\/wp-content\/uploads\/2015\/02\/municipio-mar-del-plata.jpg?resize=525%2C300 1.5x"},"classes":[]},{"id":119476,"url":"https:\/\/www.24baires.com\/?p=119476","url_meta":{"origin":25984,"position":4},"title":"Con apoyo de la oposici\u00f3n, el oficialismo logr\u00f3 aprobar el Presupuesto 2023","author":"GB","date":"26\/10\/2022","format":false,"excerpt":"Con 180 votos afirmativos otorgados por el Frente de Todos, la UCR, Evoluci\u00f3n, el interbloque Federal y Provincias Unidas el proyecto obtuvo media sanci\u00f3n en la C\u00e1mara de Diputados. Tras una marat\u00f3nica sesi\u00f3n, la C\u00e1mara de Diputados aprob\u00f3 este mi\u00e9rcoles a la madrugada el proyecto de ley de Presupuesto 2023.\u2026","rel":"","context":"En \u00abPol\u00edtica\u00bb","block_context":{"text":"Pol\u00edtica","link":"https:\/\/www.24baires.com\/?cat=51"},"img":{"alt_text":"","src":"https:\/\/i0.wp.com\/www.24baires.com\/wp-content\/uploads\/2022\/10\/diputados.jpg?resize=350%2C200","width":350,"height":200,"srcset":"https:\/\/i0.wp.com\/www.24baires.com\/wp-content\/uploads\/2022\/10\/diputados.jpg?resize=350%2C200 1x, https:\/\/i0.wp.com\/www.24baires.com\/wp-content\/uploads\/2022\/10\/diputados.jpg?resize=525%2C300 1.5x, https:\/\/i0.wp.com\/www.24baires.com\/wp-content\/uploads\/2022\/10\/diputados.jpg?resize=700%2C400 2x"},"classes":[]},{"id":106022,"url":"https:\/\/www.24baires.com\/?p=106022","url_meta":{"origin":25984,"position":5},"title":"El Senado aprob\u00f3 la desregulaci\u00f3n de la venta y producci\u00f3n de Papel Prensa","author":"Grupo Sierra","date":"19\/12\/2018","format":false,"excerpt":"La ley que desregula la venta y producci\u00f3n de papel prensa, que el gobierno defini\u00f3 como prioritaria al incluirla en el temario de las sesiones extraordinarias, fue aprobada por el Senado con 45 votos a favor, 16 en contra y tres abstenciones. El proyecto presentado por Diego Bossio a principio\u2026","rel":"","context":"En \u00abPol\u00edtica\u00bb","block_context":{"text":"Pol\u00edtica","link":"https:\/\/www.24baires.com\/?cat=51"},"img":{"alt_text":"Resultado de imagen para papel prensa peque\u00c3\u00b1os diarios","src":"https:\/\/i0.wp.com\/www.eldiariodelapampa.com.ar\/images\/2018\/Noviembre\/14-11-2018\/papel-prensa.jpg?resize=350%2C200","width":350,"height":200,"srcset":"https:\/\/i0.wp.com\/www.eldiariodelapampa.com.ar\/images\/2018\/Noviembre\/14-11-2018\/papel-prensa.jpg?resize=350%2C200 1x, https:\/\/i0.wp.com\/www.eldiariodelapampa.com.ar\/images\/2018\/Noviembre\/14-11-2018\/papel-prensa.jpg?resize=525%2C300 1.5x"},"classes":[]}],"jetpack_sharing_enabled":true,"jetpack_likes_enabled":true,"_links":{"self":[{"href":"https:\/\/www.24baires.com\/index.php?rest_route=\/wp\/v2\/posts\/25984","targetHints":{"allow":["GET"]}}],"collection":[{"href":"https:\/\/www.24baires.com\/index.php?rest_route=\/wp\/v2\/posts"}],"about":[{"href":"https:\/\/www.24baires.com\/index.php?rest_route=\/wp\/v2\/types\/post"}],"author":[{"embeddable":true,"href":"https:\/\/www.24baires.com\/index.php?rest_route=\/wp\/v2\/users\/11"}],"replies":[{"embeddable":true,"href":"https:\/\/www.24baires.com\/index.php?rest_route=%2Fwp%2Fv2%2Fcomments&post=25984"}],"version-history":[{"count":4,"href":"https:\/\/www.24baires.com\/index.php?rest_route=\/wp\/v2\/posts\/25984\/revisions"}],"predecessor-version":[{"id":25991,"href":"https:\/\/www.24baires.com\/index.php?rest_route=\/wp\/v2\/posts\/25984\/revisions\/25991"}],"wp:attachment":[{"href":"https:\/\/www.24baires.com\/index.php?rest_route=%2Fwp%2Fv2%2Fmedia&parent=25984"}],"wp:term":[{"taxonomy":"category","embeddable":true,"href":"https:\/\/www.24baires.com\/index.php?rest_route=%2Fwp%2Fv2%2Fcategories&post=25984"},{"taxonomy":"post_tag","embeddable":true,"href":"https:\/\/www.24baires.com\/index.php?rest_route=%2Fwp%2Fv2%2Ftags&post=25984"}],"curies":[{"name":"wp","href":"https:\/\/api.w.org\/{rel}","templated":true}]}}