{"id":25969,"date":"2013-06-14T18:10:40","date_gmt":"2013-06-14T21:10:40","guid":{"rendered":"http:\/\/www.24baires.com\/?p=25969"},"modified":"2013-06-15T13:09:58","modified_gmt":"2013-06-15T16:09:58","slug":"el-momento-tan-ansiado-la-ley-de-medios-esta-en-la-corte-suprema-y-ya-puede-ser-tratada","status":"publish","type":"post","link":"https:\/\/www.24baires.com\/?p=25969","title":{"rendered":"El momento tan ansiado: La Ley de Medios est\u00e1 en la Corte Suprema y ya puede ser tratada"},"content":{"rendered":"<p><img data-recalc-dims=\"1\" loading=\"lazy\" decoding=\"async\" class=\"aligncenter size-full wp-image-7020\" alt=\"tribunales\" src=\"https:\/\/i0.wp.com\/www.24baires.com\/wp-content\/uploads\/2012\/11\/tribunales.jpg?resize=560%2C237\" width=\"560\" height=\"237\" srcset=\"https:\/\/i0.wp.com\/www.24baires.com\/wp-content\/uploads\/2012\/11\/tribunales.jpg?w=560&amp;ssl=1 560w, https:\/\/i0.wp.com\/www.24baires.com\/wp-content\/uploads\/2012\/11\/tribunales.jpg?resize=300%2C126&amp;ssl=1 300w\" sizes=\"auto, (max-width: 560px) 100vw, 560px\" \/><\/p>\n<p>La Sala I de la C\u00e1mara Nacional en lo Civil y Comercial Federal declar\u00f3 admisibles los recursos extraordinarios presentados por el Estado Nacional y la Autoridad Federal de Servicios de Comunicaci\u00f3n Audiovisual (Afsca), dejando a la Corte Suprema de Justicia en condiciones de tratar la constitucionalidad de la Ley de Medios.<!--more--><\/p>\n<p>La C\u00e1mara tambi\u00e9n admiti\u00f3 los recursos presentados por la otra parte actora del litigio, el Grupo Clar\u00edn, que desde la sanci\u00f3n de la norma en agosto de 2009 se ha negado a acatarla, presentando todo tipo de chicanas jur\u00eddicas para impedir el pleno cumplimiento de la citada ley.<\/p>\n<p>&nbsp;<\/p>\n<p>&nbsp;<\/p>\n<p>&nbsp;<\/p>\n<p>&nbsp;<\/p>\n<p>&nbsp;<\/p>\n<p>&nbsp;<\/p>\n<p>&nbsp;<\/p>\n","protected":false},"excerpt":{"rendered":"<p>La Sala I de la C\u00e1mara Nacional en lo Civil y Comercial Federal declar\u00f3 admisibles los recursos extraordinarios presentados por el Estado Nacional y la Autoridad Federal de Servicios de Comunicaci\u00f3n Audiovisual (Afsca), dejando a la Corte Suprema de Justicia en condiciones de tratar la constitucionalidad de la Ley de Medios.<\/p>\n","protected":false},"author":11,"featured_media":0,"comment_status":"open","ping_status":"open","sticky":false,"template":"","format":"standard","meta":{"_jetpack_newsletter_access":"","_jetpack_dont_email_post_to_subs":false,"_jetpack_newsletter_tier_id":0,"_jetpack_memberships_contains_paywalled_content":false,"_jetpack_memberships_contains_paid_content":false,"footnotes":""},"categories":[54,51],"tags":[],"class_list":["post-25969","post","type-post","status-publish","format-standard","hentry","category-medios","category-politica"],"jetpack_featured_media_url":"","jetpack_shortlink":"https:\/\/wp.me\/p2JWE0-6KR","jetpack-related-posts":[{"id":121137,"url":"https:\/\/www.24baires.com\/?p=121137","url_meta":{"origin":25969,"position":0},"title":"La Justicia declar\u00f3 inconstitucional la derogaci\u00f3n de la Ley de Tierras","author":"GB","date":"21\/03\/2024","format":false,"excerpt":"La Justicia impuso un freno a la intenci\u00f3n del gobierno de Javier Milei de favorecer la extranjerizaci\u00f3n de tierras sin l\u00edmite. Aseguran que el DNU pone en crisis la integridad territorial y la soberan\u00eda nacional. La Sala III de la C\u00e1mara Federal de La Plata declar\u00f3 este jueves la inconstitucionalidad\u2026","rel":"","context":"En \u00abPol\u00edtica\u00bb","block_context":{"text":"Pol\u00edtica","link":"https:\/\/www.24baires.com\/?cat=51"},"img":{"alt_text":"","src":"https:\/\/i0.wp.com\/www.24baires.com\/wp-content\/uploads\/2024\/03\/milei-serio.webp?resize=350%2C200","width":350,"height":200,"srcset":"https:\/\/i0.wp.com\/www.24baires.com\/wp-content\/uploads\/2024\/03\/milei-serio.webp?resize=350%2C200 1x, https:\/\/i0.wp.com\/www.24baires.com\/wp-content\/uploads\/2024\/03\/milei-serio.webp?resize=525%2C300 1.5x, https:\/\/i0.wp.com\/www.24baires.com\/wp-content\/uploads\/2024\/03\/milei-serio.webp?resize=700%2C400 2x"},"classes":[]},{"id":23178,"url":"https:\/\/www.24baires.com\/?p=23178","url_meta":{"origin":25969,"position":1},"title":"La AFSCA apel\u00f3 ante la Corte Suprema contra el \u00faltimo fallo","author":"AF","date":"10\/05\/2013","format":false,"excerpt":"La Autoridad Federal de Servicios de Comunicaci\u00f3n Audiovisual (AFSCA) present\u00f3 este viernes el recurso extraordinario federal ante la Corte Suprema de Justicia de la Naci\u00f3n contra el \u00faltimo fallo de la C\u00e1mara de Apelaciones en lo Civil y Comercial Federal sobre la ley de Servicios de Comunicaci\u00f3n Audiovisual. As\u00ed lo\u2026","rel":"","context":"En \u00abMedios\u00bb","block_context":{"text":"Medios","link":"https:\/\/www.24baires.com\/?cat=54"},"img":{"alt_text":"sabbatella fallo","src":"https:\/\/i0.wp.com\/www.24baires.com\/wp-content\/uploads\/2012\/12\/sabbatella-fallo-300x200.jpg?resize=350%2C200","width":350,"height":200},"classes":[]},{"id":27414,"url":"https:\/\/www.24baires.com\/?p=27414","url_meta":{"origin":25969,"position":2},"title":"La Corte Suprema pidi\u00f3 dictamen a Gils Carb\u00f3 por la Ley de Medios","author":"AF","date":"02\/07\/2013","format":false,"excerpt":"La Corte Suprema de Justicia gir\u00f3 a Alejandra Gils Carb\u00f3 el expediente sobre los recursos extraordinarios presentados por el Estado Nacional y la Afsca sobre la constitucionalidad de algunos art\u00edculos de la Ley de Medios. La Corte Suprema de Justicia decidi\u00f3 enviar a la procuradora general de la Naci\u00f3n, Alejandra\u2026","rel":"","context":"En \u00abMedios\u00bb","block_context":{"text":"Medios","link":"https:\/\/www.24baires.com\/?cat=54"},"img":{"alt_text":"gils_carbo_senado_070812_12_ef_47659","src":"https:\/\/i0.wp.com\/www.24baires.com\/wp-content\/uploads\/2012\/11\/gils_carbo_senado_070812_12_ef_47659.jpg?resize=350%2C200","width":350,"height":200,"srcset":"https:\/\/i0.wp.com\/www.24baires.com\/wp-content\/uploads\/2012\/11\/gils_carbo_senado_070812_12_ef_47659.jpg?resize=350%2C200 1x, https:\/\/i0.wp.com\/www.24baires.com\/wp-content\/uploads\/2012\/11\/gils_carbo_senado_070812_12_ef_47659.jpg?resize=525%2C300 1.5x"},"classes":[]},{"id":114094,"url":"https:\/\/www.24baires.com\/?p=114094","url_meta":{"origin":25969,"position":3},"title":"Las mujeres detenidas podr\u00e1n recibir asignaciones familiares","author":"AF","date":"11\/02\/2020","format":false,"excerpt":"As\u00ed lo dispuso un fallo un\u00e1nime de la Corte Suprema publicado este martes. Los argumentos. as mujeres que se encuentren en prisi\u00f3n tienen derecho a percibir las asignaciones familiares por hijo y por embarazo otorgadas por Anses, de acuerdo con lo que resolvi\u00f3 este martes la Corte Suprema. El fallo\u2026","rel":"","context":"En \u00abSociedad\u00bb","block_context":{"text":"Sociedad","link":"https:\/\/www.24baires.com\/?cat=1"},"img":{"alt_text":"","src":"https:\/\/i0.wp.com\/www.24baires.com\/wp-content\/uploads\/2019\/11\/carcel.jpeg?resize=350%2C200","width":350,"height":200,"srcset":"https:\/\/i0.wp.com\/www.24baires.com\/wp-content\/uploads\/2019\/11\/carcel.jpeg?resize=350%2C200 1x, https:\/\/i0.wp.com\/www.24baires.com\/wp-content\/uploads\/2019\/11\/carcel.jpeg?resize=525%2C300 1.5x"},"classes":[]},{"id":108209,"url":"https:\/\/www.24baires.com\/?p=108209","url_meta":{"origin":25969,"position":4},"title":"El juicio a CFK por la obra p\u00fablica comenzar\u00e1 el pr\u00f3ximo martes, confirm\u00f3 la Corte Suprema","author":"AF","date":"16\/05\/2019","format":false,"excerpt":"El m\u00e1ximo tribunal anunci\u00f3 mediante un comunicado que devolver\u00e1 el expediente al TOF 2 \"en tiempo oportuno\", por lo que el inicio del debate judicial \"no se suspende\". La Corte Suprema confirm\u00f3 este jueves que el juicio contra la ex presidenta Cristina Kirchner por la obra p\u00fablica comenzar\u00e1 el pr\u00f3ximo\u2026","rel":"","context":"En \u00abJUDICIALES\u00bb","block_context":{"text":"JUDICIALES","link":"https:\/\/www.24baires.com\/?cat=68"},"img":{"alt_text":"","src":"https:\/\/i0.wp.com\/www.24baires.com\/wp-content\/uploads\/2017\/05\/corte-suprema.jpg?resize=350%2C200","width":350,"height":200,"srcset":"https:\/\/i0.wp.com\/www.24baires.com\/wp-content\/uploads\/2017\/05\/corte-suprema.jpg?resize=350%2C200 1x, https:\/\/i0.wp.com\/www.24baires.com\/wp-content\/uploads\/2017\/05\/corte-suprema.jpg?resize=525%2C300 1.5x"},"classes":[]},{"id":107375,"url":"https:\/\/www.24baires.com\/?p=107375","url_meta":{"origin":25969,"position":5},"title":"La Corte Suprema orden\u00f3 no retener impuesto a las Ganancias a los jubilados","author":"GB","date":"26\/03\/2019","format":false,"excerpt":"Con el voto de Elena Highton de Nolasco, Juan Carlos Maqueda, Ricardo Lorenzetti y Horacio Rosatti, la Corte declar\u00f3 la inconstitucionalidad del impuesto a las ganancias sobre las jubilaciones y pensiones. El fallo se dio en el caso de Mar\u00eda Isabel Garc\u00eda, jubilada de la Caja de Jubilaciones y Pensiones\u2026","rel":"","context":"En \u00abPol\u00edtica\u00bb","block_context":{"text":"Pol\u00edtica","link":"https:\/\/www.24baires.com\/?cat=51"},"img":{"alt_text":"","src":"https:\/\/i0.wp.com\/www.24baires.com\/wp-content\/uploads\/2018\/12\/corte-suprema.jpg?resize=350%2C200","width":350,"height":200,"srcset":"https:\/\/i0.wp.com\/www.24baires.com\/wp-content\/uploads\/2018\/12\/corte-suprema.jpg?resize=350%2C200 1x, https:\/\/i0.wp.com\/www.24baires.com\/wp-content\/uploads\/2018\/12\/corte-suprema.jpg?resize=525%2C300 1.5x"},"classes":[]}],"jetpack_sharing_enabled":true,"jetpack_likes_enabled":true,"_links":{"self":[{"href":"https:\/\/www.24baires.com\/index.php?rest_route=\/wp\/v2\/posts\/25969","targetHints":{"allow":["GET"]}}],"collection":[{"href":"https:\/\/www.24baires.com\/index.php?rest_route=\/wp\/v2\/posts"}],"about":[{"href":"https:\/\/www.24baires.com\/index.php?rest_route=\/wp\/v2\/types\/post"}],"author":[{"embeddable":true,"href":"https:\/\/www.24baires.com\/index.php?rest_route=\/wp\/v2\/users\/11"}],"replies":[{"embeddable":true,"href":"https:\/\/www.24baires.com\/index.php?rest_route=%2Fwp%2Fv2%2Fcomments&post=25969"}],"version-history":[{"count":3,"href":"https:\/\/www.24baires.com\/index.php?rest_route=\/wp\/v2\/posts\/25969\/revisions"}],"predecessor-version":[{"id":25973,"href":"https:\/\/www.24baires.com\/index.php?rest_route=\/wp\/v2\/posts\/25969\/revisions\/25973"}],"wp:attachment":[{"href":"https:\/\/www.24baires.com\/index.php?rest_route=%2Fwp%2Fv2%2Fmedia&parent=25969"}],"wp:term":[{"taxonomy":"category","embeddable":true,"href":"https:\/\/www.24baires.com\/index.php?rest_route=%2Fwp%2Fv2%2Fcategories&post=25969"},{"taxonomy":"post_tag","embeddable":true,"href":"https:\/\/www.24baires.com\/index.php?rest_route=%2Fwp%2Fv2%2Ftags&post=25969"}],"curies":[{"name":"wp","href":"https:\/\/api.w.org\/{rel}","templated":true}]}}