{"id":25887,"date":"2013-06-13T21:51:01","date_gmt":"2013-06-14T00:51:01","guid":{"rendered":"http:\/\/www.24baires.com\/?p=25887"},"modified":"2013-06-13T21:51:01","modified_gmt":"2013-06-14T00:51:01","slug":"despues-de-la-inscripcion-de-alianzas-provinciales-empieza-la-rosca","status":"publish","type":"post","link":"https:\/\/www.24baires.com\/?p=25887","title":{"rendered":"Despu\u00e9s de la inscripci\u00f3n de alianzas provinciales empieza la rosca"},"content":{"rendered":"<p><img data-recalc-dims=\"1\" loading=\"lazy\" decoding=\"async\" class=\"aligncenter size-full wp-image-19990\" alt=\"de narv\u00e1ez scioli\" src=\"https:\/\/i0.wp.com\/www.24baires.com\/wp-content\/uploads\/2013\/04\/de-narv%C3%A1ez-scioli1.jpg?resize=560%2C261\" width=\"560\" height=\"261\" srcset=\"https:\/\/i0.wp.com\/www.24baires.com\/wp-content\/uploads\/2013\/04\/de-narv%C3%A1ez-scioli1.jpg?w=560&amp;ssl=1 560w, https:\/\/i0.wp.com\/www.24baires.com\/wp-content\/uploads\/2013\/04\/de-narv%C3%A1ez-scioli1.jpg?resize=300%2C139&amp;ssl=1 300w\" sizes=\"auto, (max-width: 560px) 100vw, 560px\" \/><\/p>\n<p>El mapa electoral se est\u00e1 terminando de trazar, aunque tendremos que esperar al 22 para conocerlo en su total complejidad, cuando ya no haya espacio para las dudas y las especulaciones, esas que aun crecen m\u00e1s all\u00e1 de que ya hayan vencido las presentaciones de alianzas y adhesiones, porque todav\u00eda quedan casi diez d\u00edas de idas y vueltas, de negociaciones y posibles sorpresas, porque esto es pol\u00edtica, y nada est\u00e1 consolidado ni 100% cerrado hasta \u00faltimo momento.<!--more--><br \/>\nEn la Provincia de Buenos Aires, hubo quienes no pudieron sintetizar sus aspiraciones y no constituyeron alianzas, aunque as\u00ed hab\u00edan trabajado sus referentes, tanto en lo p\u00fablico como en lo privado, este es el caso del PRO y el Peronismo Federal, que se presentaron por separado.<br \/>\nAs\u00ed no fue la suerte de otro amplio sector opositor, que, al filo del horario y casi perdiendo (literalmente) a su apoderado de 92 a\u00f1os que se infart\u00f3 en las escaleras de la Junta electoral, logr\u00f3 inscribir una alianza para competir en las primarias y las generales: as\u00ed pudo quedar conformado el Frente Progresista C\u00edvico y Social (FPCyS), que incluye a la UCR, al GEN, al socialismo, a Libres del Sur y a la Coalici\u00f3n C\u00edvica-ARI (CC). Un variopinto abanico que desde el minuto 1 luego de la firma en La Plata hasta el \u00faltimo segundo del d\u00eda 22 de junio deber\u00e1 negociar y zanjar sus diferencias para lograr listas unidad en los distritos provinciales o presentar\u00e1 varias listas a las internas abiertas de agosto, cosa que, conociendo los partidos que conforman la alianza y sabiendo de sus pretensiones electorales en la provincia y en algunas ciudades bonaerenses en particular, ser\u00e1 seguramente lo que ocurra.<br \/>\nHasta \u00faltimo momento no trascendi\u00f3 lo que har\u00eda Sergio Massa, intendente de Tigre, de quien se supusieron varias acciones. Lo que sucedi\u00f3 finalmente fue que inscribi\u00f3 su propia alianza de partidos por fuera de Frente para la Victoria, que se anot\u00f3 con otras 34 fuerzas de cara a los comicios.<br \/>\nEl Frente Renovador Peronista de Massa est\u00e1 compuesto por Fuerza Organizada Renovadora Democr\u00e1tica, Partido Renovador de la Provincia de Buenos Aires, Partido Dem\u00f3crata Cristiano, Uni\u00f3n por Todos, Partido Uni\u00f3n Popular, Tercera Posici\u00f3n, Nuevo Buenos Aires, Movimiento por la Equidad y la Justicia y la Organizaci\u00f3n Popular (MEJOR) y Partido del Trabajo y la Equidad. Seg\u00fan trascendi\u00f3, tambi\u00e9n se colocaba en este espacio a FORJA, que luego aclar\u00f3 que firm\u00f3 con el FpV.<br \/>\nLas siglas MEJOR corresponden al partido del ex Gobernador Felipe Sol\u00e1, fundado por Alberto Fern\u00e1ndez. Dos ex kirchneristas. Esto es un dato nada menor, si le sumamos las negociaciones hasta \u00faltimo minuto que este espacio mantuvo con el macrismo, de la mano de uno de sus referentes, el intendente de Malvinas Argentinas, Jes\u00fas Cariglino, otro ex K, que rompi\u00f3 con el gobierno en 2011.<br \/>\nLos \u2018massistas\u2019 saludaron esta inscripci\u00f3n diciendo que su jefe se hab\u00eda mantenido independiente del oficialismo y la oposici\u00f3n, pero cuando se leen los nombres partidarios inscriptos en la alianza, resulta dif\u00edcil no se\u00f1alarlo dentro del mismo arco opositor al gobierno nacional.<br \/>\nQuedan nueve d\u00edas para negociar las listas, \u00bfexiste la posibilidad de que el mismo Massa se presente por el Frente para la Victoria? Parece dif\u00edcil, casi imposible pensando en el frente que conform\u00f3 e inscribi\u00f3 en la provincia. Pero a nivel nacional quedan cartas por jugar. Habr\u00e1 que esperar algo m\u00e1s de una semana para terminar de conocer los nombres propios y los espacios que ocupar\u00e1n en las primarias de Agosto, de cara a las generales de Octubre.<\/p>\n<p>&nbsp;<\/p>\n<p>&nbsp;<\/p>\n","protected":false},"excerpt":{"rendered":"<p>El mapa electoral se est\u00e1 terminando de trazar, aunque tendremos que esperar al 22 para conocerlo en su total complejidad, cuando ya no haya espacio para las dudas y las especulaciones, esas que aun crecen m\u00e1s all\u00e1 de que ya hayan vencido las presentaciones de alianzas y adhesiones, porque todav\u00eda quedan casi diez d\u00edas de idas y vueltas, de negociaciones [&#8230;]<\/p>\n","protected":false},"author":11,"featured_media":0,"comment_status":"open","ping_status":"open","sticky":false,"template":"","format":"standard","meta":{"_jetpack_newsletter_access":"","_jetpack_dont_email_post_to_subs":false,"_jetpack_newsletter_tier_id":0,"_jetpack_memberships_contains_paywalled_content":false,"_jetpack_memberships_contains_paid_content":false,"footnotes":""},"categories":[64],"tags":[],"class_list":["post-25887","post","type-post","status-publish","format-standard","hentry","category-opinion"],"jetpack_featured_media_url":"","jetpack_shortlink":"https:\/\/wp.me\/p2JWE0-6Jx","jetpack-related-posts":[{"id":101086,"url":"https:\/\/www.24baires.com\/?p=101086","url_meta":{"origin":25887,"position":0},"title":"Stolbizer sobre la continuidad de 1Pa\u00eds: \u00abLas alianzas empiezan y terminan\u00bb","author":"AF","date":"15\/03\/2018","format":false,"excerpt":"La exdiputada nacional, Margarita Stolbizer, ech\u00f3 por tierra su alianza con Sergio Massa, al calificar 1Pa\u00eds como \"una alianza electoral\", y sostener que esos espacios \"empiezan y terminan en tiempos electorales\". En declaraciones period\u00edsticas, Stolbizer se refiri\u00f3 al encuentro que ayer comparti\u00f3 Massa con Florencio Randazzo, y no alent\u00f3 la\u2026","rel":"","context":"En \u00abPol\u00edtica\u00bb","block_context":{"text":"Pol\u00edtica","link":"https:\/\/www.24baires.com\/?cat=51"},"img":{"alt_text":"","src":"https:\/\/i0.wp.com\/www.24baires.com\/wp-content\/uploads\/2016\/02\/massa-estolbizer.jpg?resize=350%2C200","width":350,"height":200,"srcset":"https:\/\/i0.wp.com\/www.24baires.com\/wp-content\/uploads\/2016\/02\/massa-estolbizer.jpg?resize=350%2C200 1x, https:\/\/i0.wp.com\/www.24baires.com\/wp-content\/uploads\/2016\/02\/massa-estolbizer.jpg?resize=525%2C300 1.5x"},"classes":[]},{"id":101129,"url":"https:\/\/www.24baires.com\/?p=101129","url_meta":{"origin":25887,"position":1},"title":"Alfons\u00edn quiere sacar al radicalismo de Cambiemos y armar un nuevo frente","author":"GB","date":"18\/03\/2018","format":false,"excerpt":"El ex diputado de la Uni\u00f3n C\u00edvica Radical Ricardo Alfons\u00edn pretende que el hist\u00f3rico partido rompa sus alianzas con Cambiemos y arme un nuevo frente progresista con el GEN y el Partido Socialista. El ex diputado y dirigente radical Ricardo Alfons\u00edn afirm\u00f3 hoy a NA que para 2019 la UCR\u2026","rel":"","context":"En \u00abPol\u00edtica\u00bb","block_context":{"text":"Pol\u00edtica","link":"https:\/\/www.24baires.com\/?cat=51"},"img":{"alt_text":"","src":"https:\/\/i0.wp.com\/www.24baires.com\/wp-content\/uploads\/2013\/09\/alfonsin.jpg?resize=350%2C200","width":350,"height":200,"srcset":"https:\/\/i0.wp.com\/www.24baires.com\/wp-content\/uploads\/2013\/09\/alfonsin.jpg?resize=350%2C200 1x, https:\/\/i0.wp.com\/www.24baires.com\/wp-content\/uploads\/2013\/09\/alfonsin.jpg?resize=525%2C300 1.5x"},"classes":[]},{"id":108278,"url":"https:\/\/www.24baires.com\/?p=108278","url_meta":{"origin":25887,"position":2},"title":"Schiaretti asegur\u00f3 que habr\u00e1 f\u00f3rmula propia de Alternativa Federal","author":"AF","date":"20\/05\/2019","format":false,"excerpt":"El gobernador reelecto de C\u00f3rdoba descart\u00f3 una eventual alianza con el kirchnerismo o Cambiemos, luego de que Cristina Kirchner anunciara que va de vice con Alberto Fern\u00e1ndez. El gobernador reelecto de C\u00f3rdoba, Juan Schiaretti, ratific\u00f3 que Alternativa Federal presentar\u00e1 una f\u00f3rmula propia de cara a las PASO y rechaz\u00f3 una\u2026","rel":"","context":"En \u00abPol\u00edtica\u00bb","block_context":{"text":"Pol\u00edtica","link":"https:\/\/www.24baires.com\/?cat=51"},"img":{"alt_text":"","src":"https:\/\/i0.wp.com\/www.24baires.com\/wp-content\/uploads\/2019\/05\/schiaretti.jpg?resize=350%2C200","width":350,"height":200,"srcset":"https:\/\/i0.wp.com\/www.24baires.com\/wp-content\/uploads\/2019\/05\/schiaretti.jpg?resize=350%2C200 1x, https:\/\/i0.wp.com\/www.24baires.com\/wp-content\/uploads\/2019\/05\/schiaretti.jpg?resize=525%2C300 1.5x"},"classes":[]},{"id":120058,"url":"https:\/\/www.24baires.com\/?p=120058","url_meta":{"origin":25887,"position":3},"title":"\u00abEstamos a tiempo\u00bb, el mensaje de la CGT en el D\u00eda de los Trabajadores","author":"AF","date":"02\/05\/2023","format":false,"excerpt":"En un acto realizado en el estadio de Defensores de Belgrano para conmemorar el D\u00eda Internacional de los Trabajadores, la CGT -con algunas ausencias marcadas- ley\u00f3 un documento en el que remarc\u00f3 las soluciones presentes y futuras requieren del denominador com\u00fan de \"un gran acuerdo pol\u00edtico, econ\u00f3mico y social que\u2026","rel":"","context":"En \u00abPol\u00edtica\u00bb","block_context":{"text":"Pol\u00edtica","link":"https:\/\/www.24baires.com\/?cat=51"},"img":{"alt_text":"","src":"https:\/\/i0.wp.com\/www.24baires.com\/wp-content\/uploads\/2023\/05\/cgt.jpg?resize=350%2C200","width":350,"height":200,"srcset":"https:\/\/i0.wp.com\/www.24baires.com\/wp-content\/uploads\/2023\/05\/cgt.jpg?resize=350%2C200 1x, https:\/\/i0.wp.com\/www.24baires.com\/wp-content\/uploads\/2023\/05\/cgt.jpg?resize=525%2C300 1.5x, https:\/\/i0.wp.com\/www.24baires.com\/wp-content\/uploads\/2023\/05\/cgt.jpg?resize=700%2C400 2x"},"classes":[]},{"id":67379,"url":"https:\/\/www.24baires.com\/?p=67379","url_meta":{"origin":25887,"position":4},"title":"Son ocho las alianzas inscriptas para competir en las pr\u00f3ximas PASO","author":"AF","date":"11\/06\/2015","format":false,"excerpt":"Ocho alianzas electorales se presentaron para disputar las PASO a nivel nacional mientras que ocho lo hac\u00edan en la provincia de Buenos Aires: en t\u00e9rminos generales los frentes bonaerenses replicaban la composici\u00f3n de los nacionales aunque inclu\u00edan algunas variantes as\u00ed como partidos vecinales y otras expresiones pol\u00edticas distritales. Sin sorpresas,\u2026","rel":"","context":"En \u00abElecciones 2015\u00bb","block_context":{"text":"Elecciones 2015","link":"https:\/\/www.24baires.com\/?cat=74"},"img":{"alt_text":"","src":"","width":0,"height":0},"classes":[]},{"id":107613,"url":"https:\/\/www.24baires.com\/?p=107613","url_meta":{"origin":25887,"position":5},"title":"Bullrich reconoci\u00f3 que \u00abhay m\u00e1s pobres y menos clase media\u00bb","author":"AF","date":"10\/04\/2019","format":false,"excerpt":"Durante una disertaci\u00f3n en el Rotary Club, la ministra de Seguridad, Patricia Bullrich, les reclam\u00f3 a los presentes un apoyo expl\u00edcito a la actual gesti\u00f3n \"sin mirar la coyuntura\". \"Si ustedes no nos acompa\u00f1an, la Argentina vuelve al 70 por ciento de inflaci\u00f3n\", amenaz\u00f3. \"Cada vez hay m\u00e1s pobres, menos\u2026","rel":"","context":"En \u00abPol\u00edtica\u00bb","block_context":{"text":"Pol\u00edtica","link":"https:\/\/www.24baires.com\/?cat=51"},"img":{"alt_text":"","src":"https:\/\/i0.wp.com\/www.24baires.com\/wp-content\/uploads\/2017\/09\/bullrich.jpg?resize=350%2C200","width":350,"height":200,"srcset":"https:\/\/i0.wp.com\/www.24baires.com\/wp-content\/uploads\/2017\/09\/bullrich.jpg?resize=350%2C200 1x, https:\/\/i0.wp.com\/www.24baires.com\/wp-content\/uploads\/2017\/09\/bullrich.jpg?resize=525%2C300 1.5x"},"classes":[]}],"jetpack_sharing_enabled":true,"jetpack_likes_enabled":true,"_links":{"self":[{"href":"https:\/\/www.24baires.com\/index.php?rest_route=\/wp\/v2\/posts\/25887","targetHints":{"allow":["GET"]}}],"collection":[{"href":"https:\/\/www.24baires.com\/index.php?rest_route=\/wp\/v2\/posts"}],"about":[{"href":"https:\/\/www.24baires.com\/index.php?rest_route=\/wp\/v2\/types\/post"}],"author":[{"embeddable":true,"href":"https:\/\/www.24baires.com\/index.php?rest_route=\/wp\/v2\/users\/11"}],"replies":[{"embeddable":true,"href":"https:\/\/www.24baires.com\/index.php?rest_route=%2Fwp%2Fv2%2Fcomments&post=25887"}],"version-history":[{"count":4,"href":"https:\/\/www.24baires.com\/index.php?rest_route=\/wp\/v2\/posts\/25887\/revisions"}],"predecessor-version":[{"id":25894,"href":"https:\/\/www.24baires.com\/index.php?rest_route=\/wp\/v2\/posts\/25887\/revisions\/25894"}],"wp:attachment":[{"href":"https:\/\/www.24baires.com\/index.php?rest_route=%2Fwp%2Fv2%2Fmedia&parent=25887"}],"wp:term":[{"taxonomy":"category","embeddable":true,"href":"https:\/\/www.24baires.com\/index.php?rest_route=%2Fwp%2Fv2%2Fcategories&post=25887"},{"taxonomy":"post_tag","embeddable":true,"href":"https:\/\/www.24baires.com\/index.php?rest_route=%2Fwp%2Fv2%2Ftags&post=25887"}],"curies":[{"name":"wp","href":"https:\/\/api.w.org\/{rel}","templated":true}]}}