{"id":2578,"date":"2012-10-18T21:00:05","date_gmt":"2012-10-19T00:00:05","guid":{"rendered":"http:\/\/www.24baires.com\/?p=2578"},"modified":"2012-10-18T21:14:38","modified_gmt":"2012-10-19T00:14:38","slug":"media-sancion-para-la-ley-de-habitat-en-la-legislatura-bonaerense","status":"publish","type":"post","link":"https:\/\/www.24baires.com\/?p=2578","title":{"rendered":"Media sanci\u00f3n para la Ley de H\u00e1bitat en la Legislatura bonaerense"},"content":{"rendered":"<p>La C\u00e1mara de Diputados bonaerense aprob\u00f3 y gir\u00f3 al Senado el proyecto de ley que facilita la gesti\u00f3n y generaci\u00f3n de proyectos habitacionales de urbanizaci\u00f3n en la Provincia. La iniciativa prev\u00e9 que los desarrolladores inmobiliarios donen tierras para viviendas sociales. \u201cEs una ley muy importante que va a transformar la realidad de la provincia de Buenos Aires\u201d, afirm\u00f3 el diputado Alberto Espa\u00f1a.<!--more--><br \/>\nEl proyecto de acceso justo a la vivienda, la llamada Ley de H\u00e1bitat, obtuvo hoy media sanci\u00f3n en Diputados y ahora deber\u00e1 ser tratada en la C\u00e1mara alta para su sanci\u00f3n definitiva.<\/p>\n<p>La iniciativa promueve la generaci\u00f3n y gesti\u00f3n de proyectos habitacionales, de urbanizaciones sociales y de procesos de regularizaci\u00f3n de barrios informales.<\/p>\n<p>Impulsada por los bloques del Frente para la Victoria y Nuevo Encuentro, la norma modifica la Ley de Ordenamiento Territorial y uso del suelo sancionada en 1977 para \u201cabordar y atender integralmente la diversidad y complejidad de la demanda urbana habitacional, desalentando las pr\u00e1cticas especulativas\u201d sobre la tierra.<\/p>\n<p>La aprobaci\u00f3n del proyecto fue celebrada por representantes de organizaciones sociales y de los movimientos Miles, Unidos y Organizados, CTA, el Miles, Madre Tierra, entre otros, que colmaron los palcos del recinto.<\/p>\n<p>El proyecto cont\u00f3 con el apoyo de todas las bancadas pol\u00edticas que integran la C\u00e1mara de Diputados con excepci\u00f3n del bloque denarva\u00edsta de Uni\u00f3n Celeste y Blanco.<\/p>\n<p>Adem\u00e1s de la Ley de H\u00e1bitat, los diputados aprobaron un proyecto del legislador del Frente para la Victoria, Alberto Espa\u00f1a, que habilita al gobierno provincial y a los municipios a afectar tierras fiscales a los fines de su incorporaci\u00f3n al fondo Fiduciario P\u00fablico (programa PRO.CRE.AR).<\/p>\n<p>El proyecto exime adem\u00e1s al Fondo Fiduciario P\u00fablico creado para el Programa Pro.Cre.Ar y al Banco Hipotecario en sus operaciones de los impuestos, tasas y contribuciones provinciales.<\/p>\n<p>Tambi\u00e9n los beneficiarios de este plan no pagar\u00e1n el impuesto de sellos, tasas, derechos y contribuciones de todo tipo, en lo que sea la constituci\u00f3n de la hipoteca y la escritura.<\/p>\n<p>Espa\u00f1a explic\u00f3 que el proyecto de Ley de H\u00e1bitat se gest\u00f3 \u201ccon la participaci\u00f3n de todos los sectores involucrados y con un importante consenso, como se construyen las pol\u00edticas p\u00fablicas\u201d.<\/p>\n<p>Adem\u00e1s, agradeci\u00f3 la participaci\u00f3n de los Colegios de Escribanos, Arquitectos, Agrimensores, Martilleros y de Universidades y acad\u00e9micos, y agreg\u00f3 que \u201ctambi\u00e9n se cont\u00f3 con el apoyo de varios obispos de la Iglesia\u201d.<\/p>\n<p>El legislador oficialista resalt\u00f3 la labor de \u201cun actor al que consider\u00f3 central, como lo son las organizaciones sociales que han padecido y militado esta problem\u00e1tica desde hace 30 a\u00f1os y hoy est\u00e1n presentes aqu\u00ed con nosotros\u201d.<\/p>\n<p>\u201cEs una ley muy importante que va a transformar la realidad de la provincia de Buenos Aires\u201d, dijo y luego detall\u00f3 que el proyecto \u201cno toma al h\u00e1bitat como un hecho material o f\u00edsico sino como un derecho, que tienen todos los ciudadanos a tener un suelo y una vivienda digna, tal como lo establecen las constituciones de la provincia y de la Naci\u00f3n\u201d.<\/p>\n<p>\u201cEstamos dando una herramienta jur\u00eddica e instrumental muy importante al Poder Ejecutivo provincial y a los intendentes\u201d, resalt\u00f3 Espa\u00f1a, aunque aclar\u00f3 que \u201cesto no va a ser m\u00e1gico, sino paulatino, por lo que hay que trabajar y militar por la ley\u201d.<\/p>\n<p>Asimismo, aclar\u00f3 que la iniciativa \u201cno cercena derechos de nadie sino que los ampl\u00eda\u201d y explic\u00f3 que en las charlas que mantuvieron con desarrolladores inmobiliarios \u201cencontramos que la mayor\u00eda estaba conforme porque ve\u00eda pevisibilidad, un futuro reglamentado y m\u00e1s garant\u00edas para invertir\u201d.<\/p>\n<p>En tanto, la diputada Alicia S\u00e1nchez asegur\u00f3 que el modelo \u201cinclusivo iniciado por N\u00e9stor Kirchner y que profundiza Cristina nos puso ante un escenario propicio para encarar nuevos instrumentos que ataquen las causas a los problemas de h\u00e1bitat\u201d.<\/p>\n<p>\u201cNo podemos tolerar que el uso de la tierra como mercanc\u00eda siga estando por encima de las necesidades sociales, y esta ley reivindica las luchas populares por el acceso a las tierras y el h\u00e1bitat y general justicia social porque mientras no se resuelva esto no habr\u00e1 justicia ni paz\u201d, grafic\u00f3.<\/p>\n<p>S\u00e1nchez record\u00f3 que en los a\u00f1os 80 \u201ccomienzan a producirse tomas de tierras organizadas como respuesta a la falta de suelo\u201d y precis\u00f3 que existen \u201cm\u00e1s de mil villas y asentamientos en la regi\u00f3n metropolitana\u201d.<\/p>\n<p>Tambi\u00e9n se\u00f1al\u00f3 que prev\u00e9 que los desarrolladores inmobiliarios \u201cdevuelvan a los municipios un 10 por ciento a partir de los 5.000 metros cuadrados que pueden ser cedidos en tierras o dinero\u201d.<\/p>\n<p>Esos fondos \u201cser\u00e1n destinados a viviendas sociales, obras de infraestructura, equipamiento comunitario y generaci\u00f3n de espacios verdes\u201d, y adem\u00e1s se crea el \u201cConsejo provincial de vivienda y h\u00e1bitat como \u00f3rgano de consulta y asesoramiento\u201d.<\/p>\n<p>La diputada sostuvo que se suspenden por 180 d\u00edas los desalojos de villas y asentamientos que se inscriban en un registro que crea la ley.<\/p>\n<p>El proyecto \u201cimpulsa programas de construcci\u00f3n, autoconstrucci\u00f3n, reparaci\u00f3n, remodelaci\u00f3n o ampliaci\u00f3n de viviendas tanto urbanas como rurales, as\u00ed como tambi\u00e9n, fomentar cr\u00e9ditos para la mejora de h\u00e1bitat creando un fondo fiduciario que a trav\u00e9s de organizaciones sociales, financiar\u00e1 a aquellos que no pueden acceder al cr\u00e9dito bancario\u201d.<\/p>\n","protected":false},"excerpt":{"rendered":"<p>La C\u00e1mara de Diputados bonaerense aprob\u00f3 y gir\u00f3 al Senado el proyecto de ley que facilita la gesti\u00f3n y generaci\u00f3n de proyectos habitacionales de urbanizaci\u00f3n en la Provincia. La iniciativa prev\u00e9 que los desarrolladores inmobiliarios donen tierras para viviendas sociales. \u201cEs una ley muy importante que va a transformar la realidad de la provincia de Buenos Aires\u201d, afirm\u00f3 el diputado [&#8230;]<\/p>\n","protected":false},"author":11,"featured_media":0,"comment_status":"open","ping_status":"open","sticky":false,"template":"","format":"standard","meta":{"_jetpack_newsletter_access":"","_jetpack_dont_email_post_to_subs":false,"_jetpack_newsletter_tier_id":0,"_jetpack_memberships_contains_paywalled_content":false,"_jetpack_memberships_contains_paid_content":false,"footnotes":""},"categories":[40],"tags":[],"class_list":["post-2578","post","type-post","status-publish","format-standard","hentry","category-provincia"],"jetpack_featured_media_url":"","jetpack_shortlink":"https:\/\/wp.me\/p2JWE0-FA","jetpack-related-posts":[{"id":37086,"url":"https:\/\/www.24baires.com\/?p=37086","url_meta":{"origin":2578,"position":0},"title":"La Provincia reglament\u00f3 la Ley de H\u00e1bitat","author":"GB","date":"18\/12\/2013","format":false,"excerpt":"La norma, que hab\u00eda sido sancionada hace un a\u00f1o pero estaba sin reglamentar, promueve, entre otras medidas, generar y facilitar la gesti\u00f3n de proyectos habitacionales, de urbanizaciones sociales y de procesos de regularizaci\u00f3n de barrios informales. Crea adem\u00e1s un fondo para financiar las necesidades de familias de bajos recursos. El\u2026","rel":"","context":"En \u00abProvincia\u00bb","block_context":{"text":"Provincia","link":"https:\/\/www.24baires.com\/?cat=40"},"img":{"alt_text":"viviendas","src":"https:\/\/i0.wp.com\/www.24baires.com\/wp-content\/uploads\/2013\/12\/viviendas.jpg?resize=350%2C200","width":350,"height":200,"srcset":"https:\/\/i0.wp.com\/www.24baires.com\/wp-content\/uploads\/2013\/12\/viviendas.jpg?resize=350%2C200 1x, https:\/\/i0.wp.com\/www.24baires.com\/wp-content\/uploads\/2013\/12\/viviendas.jpg?resize=525%2C300 1.5x"},"classes":[]},{"id":101580,"url":"https:\/\/www.24baires.com\/?p=101580","url_meta":{"origin":2578,"position":1},"title":"Se aprob\u00f3 la emergencia en obras p\u00fablicas y la emergencia administrativa","author":"GB","date":"13\/04\/2018","format":false,"excerpt":"El Senado de la provincia de Buenos Aires sancion\u00f3 hoy un proyecto de ley que prorroga por el t\u00e9rmino de 1 a\u00f1o las declaraciones de emergencia en Infraestructura, H\u00e1bitat, Vivienda y Servicios P\u00fablicos y en materia Administrativa y Tecnolog\u00eda que fueran declaradas oportunamente por las leyes 14812 y 14815. Las\u2026","rel":"","context":"En \u00abProvincia\u00bb","block_context":{"text":"Provincia","link":"https:\/\/www.24baires.com\/?cat=40"},"img":{"alt_text":"","src":"https:\/\/i0.wp.com\/www.24baires.com\/wp-content\/uploads\/2012\/11\/senado-BA-300x220.jpg?resize=350%2C200","width":350,"height":200},"classes":[]},{"id":7245,"url":"https:\/\/www.24baires.com\/?p=7245","url_meta":{"origin":2578,"position":2},"title":"El Senado aprob\u00f3 la ley de h\u00e1bitat y dio media sanci\u00f3n a limitar la destituci\u00f3n a intendentes","author":"Grupo Sierra","date":"29\/11\/2012","format":false,"excerpt":"LA PLATA-\u00a0La c\u00e1mara alta bonaerense convirti\u00f3 en ley la norma que prev\u00e9 que emprendimientos inmobiliarios de m\u00e1s de 5000m2 deban ceder un 10% para viviendas sociales. Por otra parte, el proyecto que restringe el rol de los Concejos Deliberantes municipales para destituir intendentes obtuvo media sanci\u00f3n y fue girado a\u2026","rel":"","context":"En \u00abProvincia\u00bb","block_context":{"text":"Provincia","link":"https:\/\/www.24baires.com\/?cat=40"},"img":{"alt_text":"","src":"","width":0,"height":0},"classes":[]},{"id":113720,"url":"https:\/\/www.24baires.com\/?p=113720","url_meta":{"origin":2578,"position":3},"title":"Con media sanci\u00f3n, el Senado trata la Ley Impositiva","author":"AF","date":"08\/01\/2020","format":false,"excerpt":"Tras un cuarto intermedio por negociaciones de \u00faltimo momento con la oposici\u00f3n, el oficialismo bonaerense logr\u00f3 darle media sanci\u00f3n a la ley impositiva. Desde la 16 se trata en el Senado. Luego de un nuevo cuarto intermedio por negociaciones de \u00faltimo momento entre el gobierno de Axel Kicillof y la\u2026","rel":"","context":"En \u00abProvincia\u00bb","block_context":{"text":"Provincia","link":"https:\/\/www.24baires.com\/?cat=40"},"img":{"alt_text":"","src":"https:\/\/i0.wp.com\/www.24baires.com\/wp-content\/uploads\/2019\/11\/kicillof.jpg?resize=350%2C200","width":350,"height":200,"srcset":"https:\/\/i0.wp.com\/www.24baires.com\/wp-content\/uploads\/2019\/11\/kicillof.jpg?resize=350%2C200 1x, https:\/\/i0.wp.com\/www.24baires.com\/wp-content\/uploads\/2019\/11\/kicillof.jpg?resize=525%2C300 1.5x"},"classes":[]},{"id":3085,"url":"https:\/\/www.24baires.com\/?p=3085","url_meta":{"origin":2578,"position":4},"title":"Municipios podr\u00e1n expropiar bald\u00edos &#8216;abandonados&#8217; por sus due\u00f1os","author":"AF","date":"24\/10\/2012","format":false,"excerpt":"Tiene media sanci\u00f3n en Diputados. El legislador provincial por Uni\u00f3n PRO, Jorge Srodek, dijo: \u201cEs un nuevo impuesto al country\". Grandes emprendimientos urban\u00edsticos deber\u00e1n ceder el 10 por ciento. El pol\u00e9mico proyecto de Ley de Acceso Justo al H\u00e1bitat, que cuenta con media sanci\u00f3n en la C\u00e1mara de Diputados bonaerense,\u00a0prev\u00e9\u2026","rel":"","context":"En \u00abProvincia\u00bb","block_context":{"text":"Provincia","link":"https:\/\/www.24baires.com\/?cat=40"},"img":{"alt_text":"","src":"https:\/\/i0.wp.com\/www.24baires.com\/wp-content\/uploads\/2012\/10\/bald%C3%ADo-300x181.jpg?resize=350%2C200","width":350,"height":200},"classes":[]},{"id":117740,"url":"https:\/\/www.24baires.com\/?p=117740","url_meta":{"origin":2578,"position":5},"title":"Diputados dio media sanci\u00f3n al proyecto de zona fr\u00eda","author":"GB","date":"11\/06\/2021","format":false,"excerpt":"Finalmente Diputados aprob\u00f3 por mayor\u00eda el proyecto de tarifa de gas m\u00e1s accesibles para distritos en zona fr\u00eda. La C\u00e1mara de Diputados de la Naci\u00f3n dio media sanci\u00f3n al proyecto de ley que establece recategorizaciones a zona fr\u00eda y alcanza a varios distritos de la provincia de Buenos Aires. La\u2026","rel":"","context":"En \u00abPol\u00edtica\u00bb","block_context":{"text":"Pol\u00edtica","link":"https:\/\/www.24baires.com\/?cat=51"},"img":{"alt_text":"","src":"https:\/\/i0.wp.com\/www.24baires.com\/wp-content\/uploads\/2020\/05\/diputados-virtual.jpg?resize=350%2C200","width":350,"height":200,"srcset":"https:\/\/i0.wp.com\/www.24baires.com\/wp-content\/uploads\/2020\/05\/diputados-virtual.jpg?resize=350%2C200 1x, https:\/\/i0.wp.com\/www.24baires.com\/wp-content\/uploads\/2020\/05\/diputados-virtual.jpg?resize=525%2C300 1.5x"},"classes":[]}],"jetpack_sharing_enabled":true,"jetpack_likes_enabled":true,"_links":{"self":[{"href":"https:\/\/www.24baires.com\/index.php?rest_route=\/wp\/v2\/posts\/2578","targetHints":{"allow":["GET"]}}],"collection":[{"href":"https:\/\/www.24baires.com\/index.php?rest_route=\/wp\/v2\/posts"}],"about":[{"href":"https:\/\/www.24baires.com\/index.php?rest_route=\/wp\/v2\/types\/post"}],"author":[{"embeddable":true,"href":"https:\/\/www.24baires.com\/index.php?rest_route=\/wp\/v2\/users\/11"}],"replies":[{"embeddable":true,"href":"https:\/\/www.24baires.com\/index.php?rest_route=%2Fwp%2Fv2%2Fcomments&post=2578"}],"version-history":[{"count":0,"href":"https:\/\/www.24baires.com\/index.php?rest_route=\/wp\/v2\/posts\/2578\/revisions"}],"wp:attachment":[{"href":"https:\/\/www.24baires.com\/index.php?rest_route=%2Fwp%2Fv2%2Fmedia&parent=2578"}],"wp:term":[{"taxonomy":"category","embeddable":true,"href":"https:\/\/www.24baires.com\/index.php?rest_route=%2Fwp%2Fv2%2Fcategories&post=2578"},{"taxonomy":"post_tag","embeddable":true,"href":"https:\/\/www.24baires.com\/index.php?rest_route=%2Fwp%2Fv2%2Ftags&post=2578"}],"curies":[{"name":"wp","href":"https:\/\/api.w.org\/{rel}","templated":true}]}}