{"id":25738,"date":"2013-06-12T18:33:21","date_gmt":"2013-06-12T21:33:21","guid":{"rendered":"http:\/\/www.24baires.com\/?p=25738"},"modified":"2013-06-12T18:33:21","modified_gmt":"2013-06-12T21:33:21","slug":"servini-de-cubria-y-good-show","status":"publish","type":"post","link":"https:\/\/www.24baires.com\/?p=25738","title":{"rendered":"Servini de Cubr\u00eda y good show!!!"},"content":{"rendered":"<p><img data-recalc-dims=\"1\" loading=\"lazy\" decoding=\"async\" class=\"aligncenter size-full wp-image-25739\" alt=\"tato bores\" src=\"https:\/\/i0.wp.com\/www.24baires.com\/wp-content\/uploads\/2013\/06\/tato-bores.jpg?resize=560%2C419\" width=\"560\" height=\"419\" srcset=\"https:\/\/i0.wp.com\/www.24baires.com\/wp-content\/uploads\/2013\/06\/tato-bores.jpg?w=560&amp;ssl=1 560w, https:\/\/i0.wp.com\/www.24baires.com\/wp-content\/uploads\/2013\/06\/tato-bores.jpg?resize=300%2C224&amp;ssl=1 300w\" sizes=\"auto, (max-width: 560px) 100vw, 560px\" \/><\/p>\n<p>Es una pulseada. El gobierno nacional lleva diez a\u00f1os pulseando con diferentes sectores que, cuando miramos fijo y hacemos memoria, reconocemos que son el mismo espacio pol\u00edtico y econ\u00f3mico. Un espacio que saca contrincantes como jugadores de catch que se palmean las manos cuando uno se cansa de pelear as\u00ed entra un colega al ring. El gobierno es el mismo, van cambiando las caras y los nombres propios del oponente de turno, pero en el fondo, -no descubrimos nada-, parecen ser los mismos.<!--more--><br \/>\nAhora toca el turno de la corporaci\u00f3n judicial, o como muchos la han llamado, la Justicia. Cuesta denominar as\u00ed, como una entelequia, a un grupo de personas bien determinado y conocido, que tiene intereses que ya no son ajenos a nadie y est\u00e1n perfectamente definidos.<br \/>\nY en ese grupo selecto de jueces y juezas hay una en especial, que hasta podr\u00edamos llamar famosa. Mar\u00eda Romilda Servini de Cubr\u00eda. Ella fall\u00f3 sobre dos recursos de amparo presentados por el presidente del Colegio P\u00fablico de Abogados, Jorge Rizzo, y el Partido Dem\u00f3crata Cristiano y declar\u00f3 inconstitucional la ley aprobada en el Congreso de la Naci\u00f3n que habilitaba la votaci\u00f3n popular de los miembros del Consejo de la Magistratura, dejando, as\u00ed, sin efecto la convocatoria electoral prevista para elegir dichos miembros.<br \/>\n\u201cEl solo hecho de pensar en jueces cuyos nombres figuren en boletas electorales encabezadas con el nombre de un partido pol\u00edtico, le quita a todo atisbo de independencia o imparcialidad, permitiendo abrigar fundadas sospechas en relaci\u00f3n a su futura actuaci\u00f3n en los posibles casos en que esa entidad pol\u00edtica o sus integrantes pudieran tener intereses\u201d, dijo la jueza federal con competencia electoral.<br \/>\nEntonces, \u00bflos jueces que ya trabajan y deciden por nosotros, no tienen opiniones pol\u00edticas? \u00bfNo simpatizan m\u00e1s o menos con determinados pol\u00edticos? Y, sobre todo: \u00bfno han beneficiado o perjudicado a conciencia a determinados sectores pol\u00edticos partidarios con sus decisiones y fallos? Si, si y si. Hay una subestimaci\u00f3n en esta afirmaci\u00f3n de Servini de Cubr\u00eda que pasma. \u00bfNo ser\u00eda hasta un blanqueo \u00e9tico saber realmente a qu\u00e9 sector pertenecen pol\u00edticamente? Aun no lo sabemos, tal vez si, tal vez no. \u00bfNo abrir\u00eda las puertas a muchos y muchas que no est\u00e1n actualmente en la rosca judicial y no pueden acceder a ciertos \u00e1mbitos? Lo que si sabemos es que en la actualidad es innegable que muchos (seamos generosos y no digamos todos) lo jueces y juezas del actual Poder Judicial, deciden en base a su ideolog\u00eda, a sus preconceptos, a su idiosincrasia, a su bagaje cultural, y si: a sus intereses pol\u00edticos. No neguemos la realidad, sino nunca la podremos cambiar y mejorar. Son hombres y mujeres que de alg\u00fan lado provienen, tienen ideas propias y obran en consecuencia. Punto.<br \/>\nEstonces esa afirmaci\u00f3n de la jueza se vuelve casi una tomada de pelo, como si no supi\u00e9ramos tan bien como ella que ya es as\u00ed, la actuaci\u00f3n de los magistrados responde a determinados intereses. Su fallo, una defensa claramente corporativista, as\u00ed lo demuestra. Pretenden gobernar por sobre el gobierno. Este sector, el mismo, el de siempre, que no s\u00f3lo es pol\u00edtico sino tambi\u00e9n econ\u00f3mico, como no puede hacer lo que quiere desde el Estado, porque pierden las elecciones de la democracia, lo hacen a trav\u00e9s de fallos. Como contra la Ley de Medios, por ejemplo.<br \/>\nServini de Cubr\u00eda no habla de la obvia e imperiosa necesidad de, digamos, democratizar la justicia. Pero democratizar la justicia no es aceptar lo que nos gusta, favorece y queda c\u00f3modo y repudiar lo que nos patea en contra, como creen algunos dirigentes pol\u00edticos. Es, primero, asumir que en el Poder Judicial es una corporaci\u00f3n que cree que est\u00e1 por sobre el resto de los mortales. Es una corporaci\u00f3n que jam\u00e1s act\u00faa de la misma manera para el que tiene como para el que no tiene. Nunca fallaron en determinados casos cuando la mayor\u00eda de los argentinos necesit\u00f3 celeridad y, sobre todo, justicia. Nunca fall\u00f3 en contra de Menem cuando vendi\u00f3 nuestro pa\u00eds en pedazos. No. Tampoco contra Cavallo cuando se qued\u00f3 con los ahorros de los que pod\u00edan ahorrar. No. En \u00e9sas \u00e9pocas ella tambi\u00e9n era jueza con competencia federal. Estaba ah\u00ed. Tan atenta y vigilante como ahora, s\u00f3lo que decidi\u00f3 no actuar. O, mejor dicho, decidi\u00f3 actuar como actu\u00f3, dejando hacer.<br \/>\n<strong>\u201cDesgraciada la generaci\u00f3n cuyos Jueces que merecen ser juzgados<\/strong>\u201d, dijo el genial y eterno Tato Bores, cuando Servini de Cubr\u00eda prohibi\u00f3 \u2018preventivamente\u2019 una emisi\u00f3n de su programa porque se enter\u00f3 de que la iban a criticar en esa oportunidad. Muy democr\u00e1tica siempre, a favor de la libertad de expresi\u00f3n, de la \u201cindependencia y la imparcialidad\u201d, la jueza Bar\u00fa Bud\u00fa Bud\u00eda. Es lo m\u00e1s grande que hay.<\/p>\n<p>&nbsp;<\/p>\n<p>&nbsp;<\/p>\n","protected":false},"excerpt":{"rendered":"<p>Es una pulseada. El gobierno nacional lleva diez a\u00f1os pulseando con diferentes sectores que, cuando miramos fijo y hacemos memoria, reconocemos que son el mismo espacio pol\u00edtico y econ\u00f3mico. Un espacio que saca contrincantes como jugadores de catch que se palmean las manos cuando uno se cansa de pelear as\u00ed entra un colega al ring. El gobierno es el mismo, [&#8230;]<\/p>\n","protected":false},"author":11,"featured_media":0,"comment_status":"open","ping_status":"open","sticky":false,"template":"","format":"standard","meta":{"_jetpack_newsletter_access":"","_jetpack_dont_email_post_to_subs":false,"_jetpack_newsletter_tier_id":0,"_jetpack_memberships_contains_paywalled_content":false,"_jetpack_memberships_contains_paid_content":false,"footnotes":""},"categories":[64],"tags":[],"class_list":["post-25738","post","type-post","status-publish","format-standard","hentry","category-opinion"],"jetpack_featured_media_url":"","jetpack_shortlink":"https:\/\/wp.me\/p2JWE0-6H8","jetpack-related-posts":[{"id":37628,"url":"https:\/\/www.24baires.com\/?p=37628","url_meta":{"origin":25738,"position":0},"title":"\u00abAl Gobierno no le temblar\u00e1 el pulso para hacer lo que tenga que hacer\u00bb afirm\u00f3 Larroque","author":"Grupo Sierra","date":"29\/12\/2013","format":false,"excerpt":"El secretario general de La C\u00e1mpora manifest\u00f3 que \"si siguen sin cumplir al gobierno no le temblar\u00e1 el pulso para hacer lo que tenga que hacer\", al hacer alusi\u00f3n a la responsabilidad de las empresas en los cortes de luz. En declaraciones a Radio Cooperativa, Larroque afirm\u00f3: \u201cLa situaci\u00f3n respecto\u2026","rel":"","context":"En \u00abPol\u00edtica\u00bb","block_context":{"text":"Pol\u00edtica","link":"https:\/\/www.24baires.com\/?cat=51"},"img":{"alt_text":"larroque cuervo","src":"https:\/\/i0.wp.com\/www.24baires.com\/wp-content\/uploads\/2013\/09\/larroque-cuervo.jpg?resize=350%2C200","width":350,"height":200,"srcset":"https:\/\/i0.wp.com\/www.24baires.com\/wp-content\/uploads\/2013\/09\/larroque-cuervo.jpg?resize=350%2C200 1x, https:\/\/i0.wp.com\/www.24baires.com\/wp-content\/uploads\/2013\/09\/larroque-cuervo.jpg?resize=525%2C300 1.5x"},"classes":[]},{"id":19427,"url":"https:\/\/www.24baires.com\/?p=19427","url_meta":{"origin":25738,"position":1},"title":"Le tiran \u201csalvavidas de plomo\u201d, pero Scioli igual devuelve gui\u00f1os","author":"Grupo Sierra","date":"26\/03\/2013","format":false,"excerpt":"Como si tuviera poco con los reclamos salariales de docentes y dem\u00e1s estatales provinciales, Daniel Scioli sigue pulseando por mantener su lugar en las filas kirchneristas, para que ese espacio le permita sostener y concretar sus aspiraciones presidenciales, que ya no son secreto para nadie. Es insoslayable el debilitamiento econ\u00f3mico\u2026","rel":"","context":"En \u00abOpini\u00f3n\u00bb","block_context":{"text":"Opini\u00f3n","link":"https:\/\/www.24baires.com\/?cat=64"},"img":{"alt_text":"","src":"","width":0,"height":0},"classes":[]},{"id":51785,"url":"https:\/\/www.24baires.com\/?p=51785","url_meta":{"origin":25738,"position":2},"title":"Los adversarios","author":"AF","date":"14\/08\/2014","format":false,"excerpt":"El Kirchnerismo siempre eligi\u00f3 a sus enemigos. Siempre coloc\u00f3 adversarios contra quienes disputar pol\u00edtica e ideol\u00f3gicamente. A veces, los busc\u00f3 hasta que los encontr\u00f3, como Clar\u00edn, la Ley de Medios Audiovisuales, la batalla con los medios que a\u00fan contin\u00faa. Otras veces llegaron solos y el gobierno capitaliz\u00f3 la oportunidad, como\u2026","rel":"","context":"En \u00abOpini\u00f3n\u00bb","block_context":{"text":"Opini\u00f3n","link":"https:\/\/www.24baires.com\/?cat=64"},"img":{"alt_text":"cristina kicillof","src":"https:\/\/i0.wp.com\/www.24baires.com\/wp-content\/uploads\/2014\/08\/cristina-kicillof.jpg?resize=350%2C200","width":350,"height":200,"srcset":"https:\/\/i0.wp.com\/www.24baires.com\/wp-content\/uploads\/2014\/08\/cristina-kicillof.jpg?resize=350%2C200 1x, https:\/\/i0.wp.com\/www.24baires.com\/wp-content\/uploads\/2014\/08\/cristina-kicillof.jpg?resize=525%2C300 1.5x"},"classes":[]},{"id":117943,"url":"https:\/\/www.24baires.com\/?p=117943","url_meta":{"origin":25738,"position":3},"title":"Comienza la vacunaci\u00f3n de adolescentes de 12 a 17 a\u00f1os","author":"GB","date":"03\/08\/2021","format":false,"excerpt":"Se aplicar\u00e1 la vacuna Moderna, aprobada para dicho grupo etario. Provincia ya envi\u00f3 100 mil turnos. Desde este martes, comienza la vacunaci\u00f3n contra el Covid-19 en adolescentes de entre 12 y 17 a\u00f1os con factores de riesgo y priorizados. Se da en simultaneo en todo el pa\u00eds, tras el lanzamiento\u2026","rel":"","context":"En \u00abProvincia\u00bb","block_context":{"text":"Provincia","link":"https:\/\/www.24baires.com\/?cat=40"},"img":{"alt_text":"","src":"https:\/\/i0.wp.com\/www.24baires.com\/wp-content\/uploads\/2021\/08\/20210803083916_descarga.jpg?resize=350%2C200","width":350,"height":200,"srcset":"https:\/\/i0.wp.com\/www.24baires.com\/wp-content\/uploads\/2021\/08\/20210803083916_descarga.jpg?resize=350%2C200 1x, https:\/\/i0.wp.com\/www.24baires.com\/wp-content\/uploads\/2021\/08\/20210803083916_descarga.jpg?resize=525%2C300 1.5x"},"classes":[]},{"id":115739,"url":"https:\/\/www.24baires.com\/?p=115739","url_meta":{"origin":25738,"position":4},"title":"Provincia puso en marcha un sistema de \u00abAutogesti\u00f3n\u00bb de nuevas partidas de nacimiento","author":"GB","date":"25\/07\/2020","format":false,"excerpt":"Los padres podr\u00e1n cargar los datos online y luego obtener un turno en le Registro de las Personas y as\u00ed reducir el tiempo de contacto con el personal de esa dependencia. El gobierno de la provincia de Buenos Aires puso en marcha un sistema de \"autogesti\u00f3n\" para la confecci\u00f3n de\u2026","rel":"","context":"En \u00abProvincia\u00bb","block_context":{"text":"Provincia","link":"https:\/\/www.24baires.com\/?cat=40"},"img":{"alt_text":"","src":"https:\/\/i0.wp.com\/www.24baires.com\/wp-content\/uploads\/2020\/03\/registro-de-las-personas.jpg?resize=350%2C200","width":350,"height":200,"srcset":"https:\/\/i0.wp.com\/www.24baires.com\/wp-content\/uploads\/2020\/03\/registro-de-las-personas.jpg?resize=350%2C200 1x, https:\/\/i0.wp.com\/www.24baires.com\/wp-content\/uploads\/2020\/03\/registro-de-las-personas.jpg?resize=525%2C300 1.5x"},"classes":[]},{"id":65036,"url":"https:\/\/www.24baires.com\/?p=65036","url_meta":{"origin":25738,"position":5},"title":"\u00abVoy a insistir con la ley de alcohol cero\u00bb, asegur\u00f3 Randazzo","author":"GB","date":"28\/04\/2015","format":false,"excerpt":"El ministro del Interior y Transporte, Florencio Randazzo, puso \u00e9nfasis en la importancia de la sanci\u00f3n de la ley \"alcohol cero\", que busca prohibir la ingesta de alcohol en las rutas nacionales, en el marco de los siniestros viales que ocurren en el pa\u00eds. \"El tema de la seguridad vial\u2026","rel":"","context":"En \u00abPol\u00edtica\u00bb","block_context":{"text":"Pol\u00edtica","link":"https:\/\/www.24baires.com\/?cat=51"},"img":{"alt_text":"florencio randzzo","src":"https:\/\/i0.wp.com\/www.24baires.com\/wp-content\/uploads\/2015\/04\/florencio-randzzo.jpg?resize=350%2C200","width":350,"height":200,"srcset":"https:\/\/i0.wp.com\/www.24baires.com\/wp-content\/uploads\/2015\/04\/florencio-randzzo.jpg?resize=350%2C200 1x, https:\/\/i0.wp.com\/www.24baires.com\/wp-content\/uploads\/2015\/04\/florencio-randzzo.jpg?resize=525%2C300 1.5x"},"classes":[]}],"jetpack_sharing_enabled":true,"jetpack_likes_enabled":true,"_links":{"self":[{"href":"https:\/\/www.24baires.com\/index.php?rest_route=\/wp\/v2\/posts\/25738","targetHints":{"allow":["GET"]}}],"collection":[{"href":"https:\/\/www.24baires.com\/index.php?rest_route=\/wp\/v2\/posts"}],"about":[{"href":"https:\/\/www.24baires.com\/index.php?rest_route=\/wp\/v2\/types\/post"}],"author":[{"embeddable":true,"href":"https:\/\/www.24baires.com\/index.php?rest_route=\/wp\/v2\/users\/11"}],"replies":[{"embeddable":true,"href":"https:\/\/www.24baires.com\/index.php?rest_route=%2Fwp%2Fv2%2Fcomments&post=25738"}],"version-history":[{"count":3,"href":"https:\/\/www.24baires.com\/index.php?rest_route=\/wp\/v2\/posts\/25738\/revisions"}],"predecessor-version":[{"id":25742,"href":"https:\/\/www.24baires.com\/index.php?rest_route=\/wp\/v2\/posts\/25738\/revisions\/25742"}],"wp:attachment":[{"href":"https:\/\/www.24baires.com\/index.php?rest_route=%2Fwp%2Fv2%2Fmedia&parent=25738"}],"wp:term":[{"taxonomy":"category","embeddable":true,"href":"https:\/\/www.24baires.com\/index.php?rest_route=%2Fwp%2Fv2%2Fcategories&post=25738"},{"taxonomy":"post_tag","embeddable":true,"href":"https:\/\/www.24baires.com\/index.php?rest_route=%2Fwp%2Fv2%2Ftags&post=25738"}],"curies":[{"name":"wp","href":"https:\/\/api.w.org\/{rel}","templated":true}]}}