{"id":2573,"date":"2012-10-18T21:05:41","date_gmt":"2012-10-19T00:05:41","guid":{"rendered":"http:\/\/www.24baires.com\/?p=2573"},"modified":"2012-10-18T21:05:41","modified_gmt":"2012-10-19T00:05:41","slug":"lorenzetti-no-vamos-a-ceder-ante-las-presiones-de-los-poderes-politicos-o-economicos","status":"publish","type":"post","link":"https:\/\/www.24baires.com\/?p=2573","title":{"rendered":"Lorenzetti: \u201cNo vamos a ceder ante las presiones de los poderes pol\u00edticos o econ\u00f3micos\u201d"},"content":{"rendered":"<div class=\"alignleft\"><object width=\"280\" height=\"210\" classid=\"clsid:d27cdb6e-ae6d-11cf-96b8-444553540000\" codebase=\"http:\/\/download.macromedia.com\/pub\/shockwave\/cabs\/flash\/swflash.cab#version=6,0,40,0\"><param name=\"allowFullScreen\" value=\"true\" \/><param name=\"allowscriptaccess\" value=\"always\" \/><param name=\"src\" value=\"http:\/\/www.youtube.com\/v\/tCeQ5Yj34Us?version=3&amp;hl=es_ES;rel=0;showinfo=0;controls=0\" \/><param name=\"allowfullscreen\" value=\"true\" \/><\/object><\/div>\n<p>El presidente de la Corte Suprema de Justicia de la Naci\u00f3n, Ricardo Lorenzetti, asegur\u00f3 este jueves que \u201cun juez debe fallar de acuerdo a sus principios. Es un deber fundamental la imparcialidad. No interesa qui\u00e9n forme parte del litigio. Avisamos que no vamos a ceder ante las presiones, no importa que sean poderes pol\u00edticos o econ\u00f3micos\u201d.<!--more--><br \/>\nLo dijo durante el acto de apertura de la Quinta Conferencia Nacional de Jueces que se realiza en la ciudad de Mendoza bajo el lema \u201cResponsabilidad y obligaciones de los jueces\u201d.<br \/>\nAsimismo, Lorenzetti remarc\u00f3 que \u00abla funci\u00f3n de la Justicia es cambiarle la vida a los ciudadanos para mejor\u00bb.<br \/>\nEn tanto, asegur\u00f3 que \u201cdeben existir pol\u00edticas de Estado que se enfoquen de manera consistente en la seguridad. Es funci\u00f3n de los jueces defender la vida y los bienes de las personas\u201d.<br \/>\nCon relaci\u00f3n a las vacantes a cubrir en el Poder Judicial, Lorenzetti dijo que \u201cnecesitamos m\u00e1s cantidades de jueces. Cada vez la distancia entre los litigios y la cantidad de magistrados es mayor. Necesitamos que los cargos vacantes sean cubiertos\u201d.<br \/>\nAdem\u00e1s, con respecto a los juicios por delitos de lesa humanidad, el presidente del M\u00e1ximo Tribunal remarc\u00f3 que \u201ces funci\u00f3n de la Justicia preservar la memoria y dictar las sentencias adecuadas seg\u00fan los principios del debido proceso\u201d.<br \/>\nDel encuento participan magistrados de todo el pa\u00eds y de todos los fueros e instancias, tanto de la Corte Suprema como de los tribunales superiores provinciales y de la Ciudad Aut\u00f3noma de Buenos Aires.<\/p>\n","protected":false},"excerpt":{"rendered":"<p>El presidente de la Corte Suprema de Justicia de la Naci\u00f3n, Ricardo Lorenzetti, asegur\u00f3 este jueves que \u201cun juez debe fallar de acuerdo a sus principios. Es un deber fundamental la imparcialidad. No interesa qui\u00e9n forme parte del litigio. Avisamos que no vamos a ceder ante las presiones, no importa que sean poderes pol\u00edticos o econ\u00f3micos\u201d.<\/p>\n","protected":false},"author":11,"featured_media":0,"comment_status":"open","ping_status":"open","sticky":false,"template":"","format":"standard","meta":{"_jetpack_newsletter_access":"","_jetpack_dont_email_post_to_subs":false,"_jetpack_newsletter_tier_id":0,"_jetpack_memberships_contains_paywalled_content":false,"_jetpack_memberships_contains_paid_content":false,"footnotes":""},"categories":[1],"tags":[],"class_list":["post-2573","post","type-post","status-publish","format-standard","hentry","category-sociedad"],"jetpack_featured_media_url":"","jetpack_shortlink":"https:\/\/wp.me\/p2JWE0-Fv","jetpack-related-posts":[{"id":100900,"url":"https:\/\/www.24baires.com\/?p=100900","url_meta":{"origin":2573,"position":0},"title":"\u00abEl Poder Judicial debe escuchar los reclamos de nuestro pueblo\u00bb","author":"AF","date":"06\/03\/2018","format":false,"excerpt":"El titular de la Corte Suprema de Justicia, Ricardo Lorenzetti, reclam\u00f3 en la apertura del a\u00f1o judicial pol\u00edticas de Estado para poder trasladar al resto de los poderes judiciales las transformaciones alcanzadas dentro de la Corte. En la apertura del a\u00f1o judicial, el presidente de la Corte Suprema de Justicia\u2026","rel":"","context":"En \u00abSociedad\u00bb","block_context":{"text":"Sociedad","link":"https:\/\/www.24baires.com\/?cat=1"},"img":{"alt_text":"","src":"https:\/\/i0.wp.com\/www.24baires.com\/wp-content\/uploads\/2015\/03\/lorenzetti2.jpg?resize=350%2C200","width":350,"height":200,"srcset":"https:\/\/i0.wp.com\/www.24baires.com\/wp-content\/uploads\/2015\/03\/lorenzetti2.jpg?resize=350%2C200 1x, https:\/\/i0.wp.com\/www.24baires.com\/wp-content\/uploads\/2015\/03\/lorenzetti2.jpg?resize=525%2C300 1.5x"},"classes":[]},{"id":62600,"url":"https:\/\/www.24baires.com\/?p=62600","url_meta":{"origin":2573,"position":1},"title":"An\u00edbal Fern\u00e1ndez neg\u00f3 que existan presiones del Ejecutivo al Poder Judicial","author":"AF","date":"04\/03\/2015","format":false,"excerpt":"El jefe de Gabinete, en cambio, record\u00f3 que los jueces \"han sacado cuanta medida cautelar quisieron, lesionando incluso las leyes votadas en el marco de la democracia\". Y desminti\u00f3 que no exista di\u00e1logo entre los poderes del Estado. \"\u00bfPresiones de qui\u00e9n? \u00bfCu\u00e1ndo han actuado bajo presi\u00f3n? \u00bfCu\u00e1ndo un juez no\u2026","rel":"","context":"En \u00abJUDICIALES\u00bb","block_context":{"text":"JUDICIALES","link":"https:\/\/www.24baires.com\/?cat=68"},"img":{"alt_text":"anibal","src":"https:\/\/i0.wp.com\/www.24baires.com\/wp-content\/uploads\/2015\/01\/anibal.jpg?resize=350%2C200","width":350,"height":200,"srcset":"https:\/\/i0.wp.com\/www.24baires.com\/wp-content\/uploads\/2015\/01\/anibal.jpg?resize=350%2C200 1x, https:\/\/i0.wp.com\/www.24baires.com\/wp-content\/uploads\/2015\/01\/anibal.jpg?resize=525%2C300 1.5x"},"classes":[]},{"id":80125,"url":"https:\/\/www.24baires.com\/?p=80125","url_meta":{"origin":2573,"position":2},"title":"\u00abPromover la despenalizaci\u00f3n ser\u00eda totalmente equivocado\u00bb, dijo Bullrich","author":"GB","date":"14\/03\/2016","format":false,"excerpt":"La ministra de Seguridad, Patricia Bullrich, afirm\u00f3 que que desde el gobierno nacional no se promover\u00e1 \"la despenalizaci\u00f3n\" porque \"ser\u00eda totalmente equivocado\". De todos modos se\u00f1al\u00f3 que \"vamos a diferenciar entre narcocriminalidad y la persona que consume\". Patricia Bullrich, ministra de Seguridad, realiz\u00f3 hoy junto al presidente de la Corte\u2026","rel":"","context":"En \u00abPol\u00edtica\u00bb","block_context":{"text":"Pol\u00edtica","link":"https:\/\/www.24baires.com\/?cat=51"},"img":{"alt_text":"bullrich conferencia","src":"https:\/\/i0.wp.com\/www.24baires.com\/wp-content\/uploads\/2015\/12\/bullrich-conferencia.jpg?resize=350%2C200","width":350,"height":200,"srcset":"https:\/\/i0.wp.com\/www.24baires.com\/wp-content\/uploads\/2015\/12\/bullrich-conferencia.jpg?resize=350%2C200 1x, https:\/\/i0.wp.com\/www.24baires.com\/wp-content\/uploads\/2015\/12\/bullrich-conferencia.jpg?resize=525%2C300 1.5x"},"classes":[]},{"id":105026,"url":"https:\/\/www.24baires.com\/?p=105026","url_meta":{"origin":2573,"position":3},"title":"Lorenzetti denunci\u00f3 el uso de trolls","author":"AF","date":"19\/10\/2018","format":false,"excerpt":"\"Hay grandes operadores en Internet, que son grandes empresas, que tienen la capacidad de limitar la expresi\u00f3n de muchos operadores individuales\". La frase fue dicha por el juez de la Corte Suprema Ricardo Lorenzetti en el encuentro de la Sociedad Interamericana de Prensa en Salta. De esta manera, el magistrado,\u2026","rel":"","context":"En \u00abSociedad\u00bb","block_context":{"text":"Sociedad","link":"https:\/\/www.24baires.com\/?cat=1"},"img":{"alt_text":"","src":"https:\/\/i0.wp.com\/www.24baires.com\/wp-content\/uploads\/2015\/03\/lorenzetti2.jpg?resize=350%2C200","width":350,"height":200,"srcset":"https:\/\/i0.wp.com\/www.24baires.com\/wp-content\/uploads\/2015\/03\/lorenzetti2.jpg?resize=350%2C200 1x, https:\/\/i0.wp.com\/www.24baires.com\/wp-content\/uploads\/2015\/03\/lorenzetti2.jpg?resize=525%2C300 1.5x"},"classes":[]},{"id":80159,"url":"https:\/\/www.24baires.com\/?p=80159","url_meta":{"origin":2573,"position":4},"title":"Lorenzetti inaugur\u00f3 el a\u00f1o judicial y pidi\u00f3 \u00abcuidar del pueblo y sus derechos\u00bb","author":"AF","date":"15\/03\/2016","format":false,"excerpt":"El titular de la Corte Suprema dej\u00f3 en claro que \"cuidar de nuestro pueblo y sus derechos es nuestra primera funci\u00f3n como Poder Judicial\". Fue en su discurso al dejar inaugurado el a\u00f1o judicial 2016. El titular de la Corte Suprema de Justicia, Ricardo Lorenzetti, afirm\u00f3 que es necesaria \"una\u2026","rel":"","context":"En \u00abJUDICIALES\u00bb","block_context":{"text":"JUDICIALES","link":"https:\/\/www.24baires.com\/?cat=68"},"img":{"alt_text":"lorenzetti-corte-suprema","src":"https:\/\/i0.wp.com\/www.24baires.com\/wp-content\/uploads\/2012\/10\/lorenzetti-corte-suprema.jpg?resize=350%2C200","width":350,"height":200,"srcset":"https:\/\/i0.wp.com\/www.24baires.com\/wp-content\/uploads\/2012\/10\/lorenzetti-corte-suprema.jpg?resize=350%2C200 1x, https:\/\/i0.wp.com\/www.24baires.com\/wp-content\/uploads\/2012\/10\/lorenzetti-corte-suprema.jpg?resize=525%2C300 1.5x"},"classes":[]},{"id":62546,"url":"https:\/\/www.24baires.com\/?p=62546","url_meta":{"origin":2573,"position":5},"title":"An\u00edbal Fern\u00e1ndez: \u00abLorenzetti sabr\u00e1 lo que tiene que decir\u00bb","author":"AF","date":"03\/03\/2015","format":false,"excerpt":"Lo dijo hoy el jefe de Gabinete en referencia al titular de la Corte Suprema de Justicia, al ser consultado sobre el mensaje que dar\u00e1 este mediod\u00eda el magistrado en el marco del inicio del nuevo a\u00f1o judicial. El jefe de Gabinete, An\u00edbal Fern\u00e1ndez, dijo hoy que el titular de\u2026","rel":"","context":"En \u00abPol\u00edtica\u00bb","block_context":{"text":"Pol\u00edtica","link":"https:\/\/www.24baires.com\/?cat=51"},"img":{"alt_text":"an\u00edbal fern\u00e1ndez","src":"https:\/\/i0.wp.com\/www.24baires.com\/wp-content\/uploads\/2014\/04\/an%C3%ADbal-fern%C3%A1ndez.jpg?resize=350%2C200","width":350,"height":200,"srcset":"https:\/\/i0.wp.com\/www.24baires.com\/wp-content\/uploads\/2014\/04\/an%C3%ADbal-fern%C3%A1ndez.jpg?resize=350%2C200 1x, https:\/\/i0.wp.com\/www.24baires.com\/wp-content\/uploads\/2014\/04\/an%C3%ADbal-fern%C3%A1ndez.jpg?resize=525%2C300 1.5x"},"classes":[]}],"jetpack_sharing_enabled":true,"jetpack_likes_enabled":true,"_links":{"self":[{"href":"https:\/\/www.24baires.com\/index.php?rest_route=\/wp\/v2\/posts\/2573","targetHints":{"allow":["GET"]}}],"collection":[{"href":"https:\/\/www.24baires.com\/index.php?rest_route=\/wp\/v2\/posts"}],"about":[{"href":"https:\/\/www.24baires.com\/index.php?rest_route=\/wp\/v2\/types\/post"}],"author":[{"embeddable":true,"href":"https:\/\/www.24baires.com\/index.php?rest_route=\/wp\/v2\/users\/11"}],"replies":[{"embeddable":true,"href":"https:\/\/www.24baires.com\/index.php?rest_route=%2Fwp%2Fv2%2Fcomments&post=2573"}],"version-history":[{"count":0,"href":"https:\/\/www.24baires.com\/index.php?rest_route=\/wp\/v2\/posts\/2573\/revisions"}],"wp:attachment":[{"href":"https:\/\/www.24baires.com\/index.php?rest_route=%2Fwp%2Fv2%2Fmedia&parent=2573"}],"wp:term":[{"taxonomy":"category","embeddable":true,"href":"https:\/\/www.24baires.com\/index.php?rest_route=%2Fwp%2Fv2%2Fcategories&post=2573"},{"taxonomy":"post_tag","embeddable":true,"href":"https:\/\/www.24baires.com\/index.php?rest_route=%2Fwp%2Fv2%2Ftags&post=2573"}],"curies":[{"name":"wp","href":"https:\/\/api.w.org\/{rel}","templated":true}]}}