{"id":25653,"date":"2013-06-11T20:25:06","date_gmt":"2013-06-11T23:25:06","guid":{"rendered":"http:\/\/www.24baires.com\/?p=25653"},"modified":"2013-06-11T20:25:06","modified_gmt":"2013-06-11T23:25:06","slug":"se-presentaron-en-la-plata-nuevos-contenidos-realizados-por-los-polos-audiovisuales","status":"publish","type":"post","link":"https:\/\/www.24baires.com\/?p=25653","title":{"rendered":"Se presentaron en La Plata nuevos contenidos realizados por los Polos Audiovisuales"},"content":{"rendered":"<p><strong>LA PLATA.-<\/strong> El Coordinador General del Consejo Asesor de Televisi\u00f3n Digital, Osvaldo Niemirovsci, asegur\u00f3 hoy que en los Polos Audiovisuales <strong>\u00abpensamos los contenidos en t\u00e9rminos inclusivos, accesibles, gratuitos y federales\u00bb. <\/strong>Las universidades nacionales son las cabeceras de los 9 polos audiovisuales que hay en todo el pa\u00eds. <!--more--><\/p>\n<p>\u00abEste programa es el lugar desde el que realizamos los nuevos contenidos de la televisi\u00f3n digital\u00bb, dijo en declaraciones a T\u00e9lam y destac\u00f3 que \u00ablas universidades son las cabeceras de los 9 polos audiovisuales que hay en todo el pa\u00eds\u00bb.<\/p>\n<p>Dijo que \u00abdesde all\u00ed se convoca a organizaciones sociales, j\u00f3venes realizadores, entidades y todo aquel que tiene algo para decir o hacer respecto a contenidos audiovisuales\u00bb.<\/p>\n<p>El funcionario present\u00f3 en La Plata los contenidos televisivos producidos por los Polos Audiovisuales de la provincia de Buenos Aires, en el marco de la Ley de Servicios de Comunicaci\u00f3n Audiovisual, que se realiz\u00f3 en el Senado bonaerense.<\/p>\n<p>Junto a Niemirovsci participaron de la jornada Eva Piwowarski, Coordinadora Nacional del Programa de Polos Audiovisuales y el vicegobernador bonaerense, Gabriel Mariotto.<\/p>\n<p>Niemirovsci sostuvo que \u00abya tenemos cientos de horas de producci\u00f3n, porque se acercaron profesionales, municipios, provincias y organizaciones\u00bb y destac\u00f3 que existen producciones \u00abde todo tipo\u00bb: ficci\u00f3n, informativo, contenidos para personas con capacidades diferentes, magazines y programas en piso.<\/p>\n<p>Explic\u00f3 que \u00abtratamos de buscar todo el ritmo y el lenguaje que tiene la televisi\u00f3n para hacerlo desde los polos\u00bb y analiz\u00f3 que \u00ablo que nos diferencia es la manera en que encaramos los contenidos: no tiene que ver con la demanda de rating sino con el gusto y el consumo cultural de los argentinos\u00bb.<\/p>\n<p>\u00abLa clave es romper el esquema etnoporte\u00f1o de las cinco grandes productoras de la Capital y que manejan los contenidos del 86% de lo que se ve en la TV abierta. Intentamos quebrarlo mostrando las realidades locales, regionales, la cultura, la historia, la manera de hablar y la vestimenta de cada lugar. Alentamos una verdadera federalizaci\u00f3n de los contenidos\u00bb, precis\u00f3.<\/p>\n<p>En tanto, Piwowarski asegur\u00f3 que \u00abhay nodos locales que producen contenidos de TV con las mismas cualidades que cualquier canal o productora de Buenos Aires\u00bb.<\/p>\n<p>\u00abLa idea de lo federal no se resuelve con que las productoras porte\u00f1as vayan y filmen, sino que esos productos sean hechos por los locales con su imagen y su propia voz\u00bb, subray\u00f3 ante esta agencia.<\/p>\n<p>Luego, el vicegobernador Mariotto remarc\u00f3 que el Senado se encuentra a disposici\u00f3n de las universidades y los productores para aportar \u201clo que sea necesario para que se sigan generando nuevos contenidos que no van tras una pauta y que equilibran la balanza\u201d.<\/p>\n<p>Agreg\u00f3 que \u201cestos nodos colaboran para cumplir con la cuota de contenido de producci\u00f3n local\u201d y dijo que \u00ablos nuevos canales de universidades y asociaciones sin fines de lucro sumar\u00e1n a una mirada que no fue considerada por los medios monop\u00f3licos\u00bb.<\/p>\n<p>El programa de Polos Audivisuales depende del Consejo Asesor de la Televisi\u00f3n Digital y promueve el desarrollo de la industria audiovisual en todo el pa\u00eds a trav\u00e9s de la red de nodos audiovisuales, conformados por universidades nacionales y las comunidades audiovisuales locales.<\/p>\n<p>El programa naci\u00f3 con la nueva Ley de Medios y promueve la democratizaci\u00f3n de la comunicaci\u00f3n audiovisual, capacitando, investigando, brindando equipamiento y produciendo programas de televisi\u00f3n en m\u00e1s de 40 ciudades del pa\u00eds.<\/p>\n<p>&nbsp;<\/p>\n<p>&nbsp;<\/p>\n<p>&nbsp;<\/p>\n","protected":false},"excerpt":{"rendered":"<p>LA PLATA.- El Coordinador General del Consejo Asesor de Televisi\u00f3n Digital, Osvaldo Niemirovsci, asegur\u00f3 hoy que en los Polos Audiovisuales \u00abpensamos los contenidos en t\u00e9rminos inclusivos, accesibles, gratuitos y federales\u00bb. Las universidades nacionales son las cabeceras de los 9 polos audiovisuales que hay en todo el pa\u00eds.<\/p>\n","protected":false},"author":11,"featured_media":0,"comment_status":"open","ping_status":"open","sticky":false,"template":"","format":"standard","meta":{"_jetpack_newsletter_access":"","_jetpack_dont_email_post_to_subs":false,"_jetpack_newsletter_tier_id":0,"_jetpack_memberships_contains_paywalled_content":false,"_jetpack_memberships_contains_paid_content":false,"footnotes":""},"categories":[54],"tags":[],"class_list":["post-25653","post","type-post","status-publish","format-standard","hentry","category-medios"],"jetpack_featured_media_url":"","jetpack_shortlink":"https:\/\/wp.me\/p2JWE0-6FL","jetpack-related-posts":[{"id":6449,"url":"https:\/\/www.24baires.com\/?p=6449","url_meta":{"origin":25653,"position":0},"title":"Cristina encabeza la apertura del II Encuentro de Comunicaci\u00f3n Audiovisual","author":"Grupo Sierra","date":"22\/11\/2012","format":false,"excerpt":"MAR DEL PLATA - La presidenta Cristina Fern\u00e1ndez de Kirchner encabezar\u00e1 la apertura del Segundo Encuentro de Comunicaci\u00f3n Audiovisual este viernes a las 12 en un acto en el Sal\u00f3n de las Am\u00e9ricas del Hotel Provincial de Mar del Plata. La actividad ser\u00e1 el inicio de dos d\u00edas de debate\u2026","rel":"","context":"En \u00abMedios\u00bb","block_context":{"text":"Medios","link":"https:\/\/www.24baires.com\/?cat=54"},"img":{"alt_text":"","src":"https:\/\/i0.wp.com\/www.24baires.com\/wp-content\/uploads\/2012\/11\/cristina-eca.png?resize=350%2C200","width":350,"height":200,"srcset":"https:\/\/i0.wp.com\/www.24baires.com\/wp-content\/uploads\/2012\/11\/cristina-eca.png?resize=350%2C200 1x, https:\/\/i0.wp.com\/www.24baires.com\/wp-content\/uploads\/2012\/11\/cristina-eca.png?resize=525%2C300 1.5x"},"classes":[]},{"id":33150,"url":"https:\/\/www.24baires.com\/?p=33150","url_meta":{"origin":25653,"position":1},"title":"Dos miniseries de la Facultad de Periodismo ser\u00e1n presentadas en Cannes","author":"AF","date":"07\/10\/2013","format":false,"excerpt":"Las dos ediciones de El Interior de la Memoria, dirigida por Pablo Torello y producida por el Centro de Producci\u00f3n Audiovisual de la Facultad de Periodismo y Comunicaci\u00f3n Social de la UNLP formar\u00e1n parte de los contenidos argentinos en el Festival de Cine. Ser\u00e1 la primera vez que un producto\u2026","rel":"","context":"En \u00abSociedad\u00bb","block_context":{"text":"Sociedad","link":"https:\/\/www.24baires.com\/?cat=1"},"img":{"alt_text":"el interior de la memoria","src":"https:\/\/i0.wp.com\/www.24baires.com\/wp-content\/uploads\/2013\/10\/el-interior-de-la-memoria.jpg?resize=350%2C200","width":350,"height":200,"srcset":"https:\/\/i0.wp.com\/www.24baires.com\/wp-content\/uploads\/2013\/10\/el-interior-de-la-memoria.jpg?resize=350%2C200 1x, https:\/\/i0.wp.com\/www.24baires.com\/wp-content\/uploads\/2013\/10\/el-interior-de-la-memoria.jpg?resize=525%2C300 1.5x"},"classes":[]},{"id":35064,"url":"https:\/\/www.24baires.com\/?p=35064","url_meta":{"origin":25653,"position":2},"title":"Con la Ley de Medios se crearon m\u00e1s de 100 mil puestos de trabajo","author":"GB","date":"12\/11\/2013","format":false,"excerpt":"As\u00ed lo destac\u00f3 hoy la AFSCA, de acuerdo a un balance difundido que tambi\u00e9n indica que se consigui\u00f3 que todas las empresas excedidas de los l\u00edmites establecidos en la legislaci\u00f3n presentaran sus planes de adecuaci\u00f3n. Por otra parte, se realizaron 1.132 reservas de frecuencias de radios para municipios y 36\u2026","rel":"","context":"En \u00abMedios\u00bb","block_context":{"text":"Medios","link":"https:\/\/www.24baires.com\/?cat=54"},"img":{"alt_text":"AFSCA REUNION DIRECTORIO","src":"https:\/\/i0.wp.com\/www.24baires.com\/wp-content\/uploads\/2013\/04\/AFSCA-REUNION-DIRECTORIO.jpg?resize=350%2C200","width":350,"height":200,"srcset":"https:\/\/i0.wp.com\/www.24baires.com\/wp-content\/uploads\/2013\/04\/AFSCA-REUNION-DIRECTORIO.jpg?resize=350%2C200 1x, https:\/\/i0.wp.com\/www.24baires.com\/wp-content\/uploads\/2013\/04\/AFSCA-REUNION-DIRECTORIO.jpg?resize=525%2C300 1.5x"},"classes":[]},{"id":35504,"url":"https:\/\/www.24baires.com\/?p=35504","url_meta":{"origin":25653,"position":3},"title":"Comienza en Mar del Plata el 3\u00ba Encuentro de Comunicaci\u00f3n Audiovisual","author":"AF","date":"21\/11\/2013","format":false,"excerpt":"El ministro de Planificaci\u00f3n Federal, Julio de Vido, encabezar\u00e1 en el Teatro del Hotel Provincial, la apertura del 3\u00ba Encuentro de Comunicaci\u00f3n Audiovisual, que se extender\u00e1 hasta el s\u00e1bado con la participaci\u00f3n de representantes del Estado y de la industria para debatir la circulaci\u00f3n de contenidos. La mesa de apertura\u2026","rel":"","context":"En \u00abMedios\u00bb","block_context":{"text":"Medios","link":"https:\/\/www.24baires.com\/?cat=54"},"img":{"alt_text":"eca","src":"https:\/\/i0.wp.com\/www.24baires.com\/wp-content\/uploads\/2013\/11\/eca.jpg?resize=350%2C200","width":350,"height":200},"classes":[]},{"id":35656,"url":"https:\/\/www.24baires.com\/?p=35656","url_meta":{"origin":25653,"position":4},"title":"Sin nombrarlo, Sabbatella &#8216;le peg\u00f3&#8217; a Magnetto","author":"Grupo Sierra","date":"23\/11\/2013","format":false,"excerpt":"El titular de la Autoridad Federal de Servicios de Comunicaci\u00f3n Audiovisual (Afsca), Mart\u00edn Sabbatella, destac\u00f3 en Mar del Plata que \"quienes dec\u00edan que ser presidente (por H\u00e9ctor Magnetto) era una `cargo menor\u00b4 tuvieron que presentar su plan de adecuaci\u00f3n\" a la Ley de Medios. El presidente de la Afsca encabez\u00f3\u2026","rel":"","context":"En \u00abMedios\u00bb","block_context":{"text":"Medios","link":"https:\/\/www.24baires.com\/?cat=54"},"img":{"alt_text":"","src":"","width":0,"height":0},"classes":[]},{"id":1251,"url":"https:\/\/www.24baires.com\/?p=1251","url_meta":{"origin":25653,"position":5},"title":"Lanzan el Canal Digital Abierto de la UNLP con un programa de producci\u00f3n propia","author":"Grupo Sierra","date":"06\/10\/2012","format":false,"excerpt":"Finalizada ya la etapa de pruebas y ajustes t\u00e9cnicos de la se\u00f1al de la Televisi\u00f3n Digital Abierta, la Universidad podr\u00e1 al aire el primer programa de producci\u00f3n propia. Ser\u00e1 un magazine de actualidad que ir\u00e1 de lunes a viernes de 13 a 15 que se llamar\u00e1 \u201cPlaza 56\u201d. \u00a0 Con\u2026","rel":"","context":"En \u00abMedios\u00bb","block_context":{"text":"Medios","link":"https:\/\/www.24baires.com\/?cat=54"},"img":{"alt_text":"","src":"https:\/\/i0.wp.com\/www.24baires.com\/wp-content\/uploads\/2012\/10\/tv-universidad-la-plata-300x178.jpg?resize=350%2C200","width":350,"height":200},"classes":[]}],"jetpack_sharing_enabled":true,"jetpack_likes_enabled":true,"_links":{"self":[{"href":"https:\/\/www.24baires.com\/index.php?rest_route=\/wp\/v2\/posts\/25653","targetHints":{"allow":["GET"]}}],"collection":[{"href":"https:\/\/www.24baires.com\/index.php?rest_route=\/wp\/v2\/posts"}],"about":[{"href":"https:\/\/www.24baires.com\/index.php?rest_route=\/wp\/v2\/types\/post"}],"author":[{"embeddable":true,"href":"https:\/\/www.24baires.com\/index.php?rest_route=\/wp\/v2\/users\/11"}],"replies":[{"embeddable":true,"href":"https:\/\/www.24baires.com\/index.php?rest_route=%2Fwp%2Fv2%2Fcomments&post=25653"}],"version-history":[{"count":4,"href":"https:\/\/www.24baires.com\/index.php?rest_route=\/wp\/v2\/posts\/25653\/revisions"}],"predecessor-version":[{"id":25657,"href":"https:\/\/www.24baires.com\/index.php?rest_route=\/wp\/v2\/posts\/25653\/revisions\/25657"}],"wp:attachment":[{"href":"https:\/\/www.24baires.com\/index.php?rest_route=%2Fwp%2Fv2%2Fmedia&parent=25653"}],"wp:term":[{"taxonomy":"category","embeddable":true,"href":"https:\/\/www.24baires.com\/index.php?rest_route=%2Fwp%2Fv2%2Fcategories&post=25653"},{"taxonomy":"post_tag","embeddable":true,"href":"https:\/\/www.24baires.com\/index.php?rest_route=%2Fwp%2Fv2%2Ftags&post=25653"}],"curies":[{"name":"wp","href":"https:\/\/api.w.org\/{rel}","templated":true}]}}