{"id":25485,"date":"2013-06-10T11:30:45","date_gmt":"2013-06-10T14:30:45","guid":{"rendered":"http:\/\/www.24baires.com\/?p=25485"},"modified":"2013-06-10T10:30:37","modified_gmt":"2013-06-10T13:30:37","slug":"la-afsca-denunciara-a-cablevision-por-no-cumplir-con-la-grilla","status":"publish","type":"post","link":"https:\/\/www.24baires.com\/?p=25485","title":{"rendered":"La AFSCA denunciar\u00e1 a Cablevisi\u00f3n por no cumplir con la grilla"},"content":{"rendered":"<p>Su titular, Mart\u00edn Sabbatella, presentar\u00e1 este mediod\u00eda una denuncia penal contra la empresa del Gupo Clar\u00edn por no cumplir con la normativa vigente respecto al ordenamiento de la grilla de canales.<!--more--><br \/>\nSabatella concurrir\u00e1 a los Tribunales Federales de Comodoro Py a las 12, donde adem\u00e1s mantendr\u00e1 un contacto con la prensa en las escalinatas de acceso.<\/p>\n<p>Seg\u00fan pudo saber T\u00e9lam, la denuncia estar\u00e1 basada en lo establecido en el art\u00edculo 239 del C\u00f3digo Penal.<\/p>\n<p>La semana pasada, la sala IV de la C\u00e1mara Nacional de Apelaciones en lo Contencioso Administrativo Federal ratific\u00f3 la obligaci\u00f3n de la empresa Cablevisi\u00f3n de cumplir con la grilla de canales establecida por la Autoridad Federal de Servicios de Comunicaci\u00f3n Audiovisual (Afsca), de acuerdo a la Ley de Medios y las resoluciones del organismo.<\/p>\n<p>La medida dispuesta por los jueces Marcelo Duffy, Jorge Mor\u00e1n y Rogelio Vicente, obliga a Cablevisi\u00f3n a cumplir con el ordenamiento de los canales, luego de que esa firma apelara una decisi\u00f3n del juez de primera instancia, tambi\u00e9n favorable a la Afsca.<\/p>\n<p>&nbsp;<\/p>\n<p>&nbsp;<\/p>\n<p>&nbsp;<\/p>\n<p>&nbsp;<\/p>\n<p>&nbsp;<\/p>\n<p>&nbsp;<\/p>\n<p>&nbsp;<\/p>\n<p>&nbsp;<\/p>\n<p>&nbsp;<\/p>\n<p>&nbsp;<\/p>\n<p>&nbsp;<\/p>\n<p>&nbsp;<\/p>\n<p>&nbsp;<\/p>\n<p>&nbsp;<\/p>\n<p>&nbsp;<\/p>\n","protected":false},"excerpt":{"rendered":"<p>Su titular, Mart\u00edn Sabbatella, presentar\u00e1 este mediod\u00eda una denuncia penal contra la empresa del Gupo Clar\u00edn por no cumplir con la normativa vigente respecto al ordenamiento de la grilla de canales.<\/p>\n","protected":false},"author":4,"featured_media":0,"comment_status":"open","ping_status":"open","sticky":false,"template":"","format":"standard","meta":{"_jetpack_newsletter_access":"","_jetpack_dont_email_post_to_subs":false,"_jetpack_newsletter_tier_id":0,"_jetpack_memberships_contains_paywalled_content":false,"_jetpack_memberships_contains_paid_content":false,"footnotes":""},"categories":[54],"tags":[],"class_list":["post-25485","post","type-post","status-publish","format-standard","hentry","category-medios"],"jetpack_featured_media_url":"","jetpack_shortlink":"https:\/\/wp.me\/p2JWE0-6D3","jetpack-related-posts":[{"id":31575,"url":"https:\/\/www.24baires.com\/?p=31575","url_meta":{"origin":25485,"position":0},"title":"\u201cAlg\u00fan d\u00eda, Clar\u00edn va a tener que cumplir con la ley\u201d","author":"GB","date":"09\/09\/2013","format":false,"excerpt":"As\u00ed lo afirm\u00f3 Carlos Vicente al referirse al fallo que obliga a Cablevisi\u00f3n a incluir en su grilla de programaci\u00f3n a la se\u00f1al cba24n de los Servicios de Radio y Televisi\u00f3n (SRT) de la Universidad Nacional de C\u00f3rdoba (UNC). El titular local de la Afsca, Carlos Vicente, afirm\u00f3 que \u201calg\u00fan\u2026","rel":"","context":"En \u00abPol\u00edtica\u00bb","block_context":{"text":"Pol\u00edtica","link":"https:\/\/www.24baires.com\/?cat=51"},"img":{"alt_text":"","src":"","width":0,"height":0},"classes":[]},{"id":33955,"url":"https:\/\/www.24baires.com\/?p=33955","url_meta":{"origin":25485,"position":1},"title":"Exigen a Cablevisi\u00f3n la incorporaci\u00f3n de QM Noticias a la grilla","author":"GB","date":"22\/10\/2013","format":false,"excerpt":"LA PLATA-\u00a0La delegaci\u00f3n de la Afsca en La Plata exigi\u00f3 el \"cumplimiento inmediato\" de la incorporaci\u00f3n del canal provincial \"QM Noticias\" a la grilla de Cablevisi\u00f3n, tal como lo solicita la justicia federal. Hay que recordar que por medio de una resoluci\u00f3n del Juez Federal Adolfo Gabino Ziulu, la se\u00f1al\u2026","rel":"","context":"En \u00abMedios\u00bb","block_context":{"text":"Medios","link":"https:\/\/www.24baires.com\/?cat=54"},"img":{"alt_text":"","src":"","width":0,"height":0},"classes":[]},{"id":25268,"url":"https:\/\/www.24baires.com\/?p=25268","url_meta":{"origin":25485,"position":2},"title":"La C\u00e1mara Nacional de Apelaciones ratific\u00f3 que Cablevisi\u00f3n debe modificar su grilla","author":"Grupo Sierra","date":"06\/06\/2013","format":false,"excerpt":"La sala IV de la C\u00e1mara Nacional de Apelaciones ratific\u00f3 la obligaci\u00f3n de la empresa de cumplir con la grilla de canales establecida por el AFSCA, de acuerdo a la Ley de Medios y las resoluciones del organismo. La medida dispuesta por los jueces Marcelo Duffy, Jorge Mor\u00e1n y Rogelio\u2026","rel":"","context":"En \u00abMedios\u00bb","block_context":{"text":"Medios","link":"https:\/\/www.24baires.com\/?cat=54"},"img":{"alt_text":"","src":"","width":0,"height":0},"classes":[]},{"id":33003,"url":"https:\/\/www.24baires.com\/?p=33003","url_meta":{"origin":25485,"position":3},"title":"Ordenan a Cablevisi\u00f3n que incorpore QM Noticias a su grilla","author":"GB","date":"04\/10\/2013","format":false,"excerpt":"LA PLATA-\u00a0El juez de primera instancia, Adolfo Gabino Ziulu, hizo lugar ayer a la medida cautelar presentada por los representantes de la se\u00f1al QM Noticias, que pertenece al Grupo Cielo, y dispuso \"ordenar a Cablevisi\u00f3n S.A., que en el plazo de cinco d\u00edas cumplimente la resoluci\u00f3n 77\/2013 de la AFSCA.\u2026","rel":"","context":"En \u00abMedios\u00bb","block_context":{"text":"Medios","link":"https:\/\/www.24baires.com\/?cat=54"},"img":{"alt_text":"Cable visi\u00f3n","src":"https:\/\/i0.wp.com\/www.24baires.com\/wp-content\/uploads\/2013\/10\/Cable-visi%C3%B3n-300x199.jpg?resize=350%2C200","width":350,"height":200},"classes":[]},{"id":38937,"url":"https:\/\/www.24baires.com\/?p=38937","url_meta":{"origin":25485,"position":4},"title":"El d\u00eda esperado: Clar\u00edn anunci\u00f3 que por fin reordenar\u00e1 la grilla","author":"Grupo Sierra","date":"21\/01\/2014","format":false,"excerpt":"Mart\u00edn Sabbatella confirm\u00f3 que el Grupo organizar\u00e1 la grilla con la inclusi\u00f3n de los actores a los que el multimedio hab\u00eda decidido excluir de Cablevisi\u00f3n. El Grupo Clar\u00edn present\u00f3 dos notas a la Autoridad Federal de Servicios de Comunicaci\u00f3n Audiovisual (AFSCA) en la que se comprometi\u00f3 a incluir en la\u2026","rel":"","context":"En \u00abGeneral\u00bb","block_context":{"text":"General","link":"https:\/\/www.24baires.com\/?cat=67"},"img":{"alt_text":"sabatella locura","src":"https:\/\/i0.wp.com\/www.24baires.com\/wp-content\/uploads\/2012\/11\/sabatella-locura.jpg?resize=350%2C200","width":350,"height":200,"srcset":"https:\/\/i0.wp.com\/www.24baires.com\/wp-content\/uploads\/2012\/11\/sabatella-locura.jpg?resize=350%2C200 1x, https:\/\/i0.wp.com\/www.24baires.com\/wp-content\/uploads\/2012\/11\/sabatella-locura.jpg?resize=525%2C300 1.5x"},"classes":[]},{"id":66956,"url":"https:\/\/www.24baires.com\/?p=66956","url_meta":{"origin":25485,"position":5},"title":"La Corte Suprema benefici\u00f3 a Cablevisi\u00f3n para que no la sancionen","author":"GB","date":"02\/06\/2015","format":false,"excerpt":"El m\u00e1ximo tribunal confirm\u00f3 una medida cautelar de la justicia federal de Mar del Plata que impide a la Autoridad Federal de Servicios de Comunicaci\u00f3n Audiovisual (AFSCA) aplicar sanciones a la empresa del Grupo Clar\u00edn por no cumplir con el ordenamiento de la grilla. La resoluci\u00f3n de los ministros Ricardo\u2026","rel":"","context":"En \u00abJUDICIALES\u00bb","block_context":{"text":"JUDICIALES","link":"https:\/\/www.24baires.com\/?cat=68"},"img":{"alt_text":"cablevisi\u00f3n","src":"https:\/\/i0.wp.com\/www.24baires.com\/wp-content\/uploads\/2012\/12\/cablevisi%C3%B3n1.jpg?resize=350%2C200","width":350,"height":200,"srcset":"https:\/\/i0.wp.com\/www.24baires.com\/wp-content\/uploads\/2012\/12\/cablevisi%C3%B3n1.jpg?resize=350%2C200 1x, https:\/\/i0.wp.com\/www.24baires.com\/wp-content\/uploads\/2012\/12\/cablevisi%C3%B3n1.jpg?resize=525%2C300 1.5x"},"classes":[]}],"jetpack_sharing_enabled":true,"jetpack_likes_enabled":true,"_links":{"self":[{"href":"https:\/\/www.24baires.com\/index.php?rest_route=\/wp\/v2\/posts\/25485","targetHints":{"allow":["GET"]}}],"collection":[{"href":"https:\/\/www.24baires.com\/index.php?rest_route=\/wp\/v2\/posts"}],"about":[{"href":"https:\/\/www.24baires.com\/index.php?rest_route=\/wp\/v2\/types\/post"}],"author":[{"embeddable":true,"href":"https:\/\/www.24baires.com\/index.php?rest_route=\/wp\/v2\/users\/4"}],"replies":[{"embeddable":true,"href":"https:\/\/www.24baires.com\/index.php?rest_route=%2Fwp%2Fv2%2Fcomments&post=25485"}],"version-history":[{"count":1,"href":"https:\/\/www.24baires.com\/index.php?rest_route=\/wp\/v2\/posts\/25485\/revisions"}],"predecessor-version":[{"id":25486,"href":"https:\/\/www.24baires.com\/index.php?rest_route=\/wp\/v2\/posts\/25485\/revisions\/25486"}],"wp:attachment":[{"href":"https:\/\/www.24baires.com\/index.php?rest_route=%2Fwp%2Fv2%2Fmedia&parent=25485"}],"wp:term":[{"taxonomy":"category","embeddable":true,"href":"https:\/\/www.24baires.com\/index.php?rest_route=%2Fwp%2Fv2%2Fcategories&post=25485"},{"taxonomy":"post_tag","embeddable":true,"href":"https:\/\/www.24baires.com\/index.php?rest_route=%2Fwp%2Fv2%2Ftags&post=25485"}],"curies":[{"name":"wp","href":"https:\/\/api.w.org\/{rel}","templated":true}]}}