{"id":2536,"date":"2012-10-18T14:35:33","date_gmt":"2012-10-18T17:35:33","guid":{"rendered":"http:\/\/www.24baires.com\/?p=2536"},"modified":"2012-10-18T14:35:33","modified_gmt":"2012-10-18T17:35:33","slug":"ya-es-ley-la-emergencia-publica-por-violencia-de-genero","status":"publish","type":"post","link":"https:\/\/www.24baires.com\/?p=2536","title":{"rendered":"Ya es Ley la emergencia p\u00fablica por violencia de g\u00e9nero"},"content":{"rendered":"<p>La C\u00e1mara alta aprob\u00f3 el proyecto que adhiere a la Ley Nacional 26.485 contra la violencia hacia las mujeres y faculta al Ejecutivo a reasignar las partidas presupuestarias necesarias. La emergencia se declara por el t\u00e9rmino de dos a\u00f1os con el objetivo de revertir el n\u00famero de v\u00edctimas en territorio bonaerense.<!--more--><\/p>\n<p>El Senado bonaerense convirti\u00f3 en ley este jueves el proyecto de la diputada Karina Nazabal (FpV-PJ) que declara la emergencia p\u00fablica en materia social por violencia de g\u00e9nero por el t\u00e9rmino de dos a\u00f1os.<\/p>\n<p>La iniciativa adhiere a la Ley Nacional 26.485 contra la violencia hacia las mujeres y faculta al Ejecutivo a reasignar las partidas presupuestarias necesarias.<\/p>\n<p>Seg\u00fan consta en el proyecto de ley, \u201cel objetivo primordial\u201d es paliar y revertir el n\u00famero v\u00edctimas por violencia de g\u00e9nero en el territorio de la Provincia de Buenos Aires. As\u00ed, se propone crear un \u00abRegistro Provincial de datos de causas judiciales, iniciadas ante los organismos del Poder Judicial de la Provincia de Buenos Aires como consecuencia del ejercicio de violencia de g\u00e9nero, que funcionar\u00e1 en el \u00e1mbito del Ministerio de Justicia y Seguridad de la Provincia de Buenos Aires\u201d.<\/p>\n<p>A su vez, se propone conformar el \u00abObservatorio para la Erradicaci\u00f3n de la Violencia de G\u00e9nero\u00bb, en el \u00e1mbito del Ministerio de Jefatura de Gabinete de Ministros, el que tendr\u00e1 por objetivo efectuar el an\u00e1lisis de los diferentes factores y el relevamiento de indicadores, que hacen a problem\u00e1tica\u201d, se fundamenta en el proyecto de ley.<\/p>\n<p>Asimismo, se considera \u201crelevante\u201d la creaci\u00f3n del \u00abConsejo Consultivo de Violencia de G\u00e9nero\u00bb. El mismo tendr\u00e1 por finalidad efectuar sugerencias, analizar la implementaci\u00f3n pr\u00e1ctica de la presente Ley, propiciar reformas y toda acci\u00f3n que entienda oportuna y pertinente en relaci\u00f3n a todo lo vinculado con la violencia de g\u00e9nero en la Provincia de Buenos Aires.<\/p>\n<p>En el proyecto de ley se establece que dicho Consejo \u201cestar\u00e1 integrado por un representante de cada uno de los estamentos, instituciones u organizaciones que representan: al Poder Ejecutivo, Poder Legislativo y Poder Judicial de la Provincia de Buenos Aires; Universidades P\u00fablicas y Privadas con \u00e1mbito de actuaci\u00f3n en la Provincia de Buenos Aires; Organizaciones no gubernamentales con reconocida actuaci\u00f3n en cuestiones vinculadas a violencia de g\u00e9nero y que soliciten expresamente su inclusi\u00f3n; Colegios o Consejos Profesionales; como as\u00ed tambi\u00e9n toda otra instituci\u00f3n con acreditada actuaci\u00f3n en cuestiones vinculadas a violencia de g\u00e9nero y que solicite su inclusi\u00f3n\u201d.<\/p>\n<p>Cabe destacar que se propone que el Ministerio de Jefatura de Gabinete de Ministros sea el representante del Poder Ejecutivo Provincial ante dicho Consejo.<\/p>\n<p>En el texto original del proyecto de la Ley que declara la emergencia p\u00fablica en materia social por violencia de g\u00e9nero, se argumenta que: \u201cel Estado provincial junto a los municipios, ya no deben dilatar m\u00e1s la urgente adopci\u00f3n de pol\u00edticas p\u00fablicas que efectivamente garanticen por un lado prevenci\u00f3n y por otro lado asistencia integral a las mujeres que padecen violencia\u201d.<\/p>\n<p>A su vez, se apunta a revertir a los \u201cestereotipos y patrones de machismo y discriminaci\u00f3n en toda la sociedad, incluso en el propio sistema judicial, ya que lamentablemente la justicia, en el mayor de los casos no ha brindado las respuestas necesarias\u201d. Ojal\u00e1 ma\u00f1ana se comience a transitar un camino para lograr de pleno la igualdad de trato y la erradicaci\u00f3n de la violencia intrafamiliar en la Provincia.<\/p>\n","protected":false},"excerpt":{"rendered":"<p>La C\u00e1mara alta aprob\u00f3 el proyecto que adhiere a la Ley Nacional 26.485 contra la violencia hacia las mujeres y faculta al Ejecutivo a reasignar las partidas presupuestarias necesarias. La emergencia se declara por el t\u00e9rmino de dos a\u00f1os con el objetivo de revertir el n\u00famero de v\u00edctimas en territorio bonaerense.<\/p>\n","protected":false},"author":4,"featured_media":0,"comment_status":"open","ping_status":"open","sticky":false,"template":"","format":"standard","meta":{"_jetpack_newsletter_access":"","_jetpack_dont_email_post_to_subs":false,"_jetpack_newsletter_tier_id":0,"_jetpack_memberships_contains_paywalled_content":false,"_jetpack_memberships_contains_paid_content":false,"footnotes":""},"categories":[1],"tags":[],"class_list":["post-2536","post","type-post","status-publish","format-standard","hentry","category-sociedad"],"jetpack_featured_media_url":"","jetpack_shortlink":"https:\/\/wp.me\/p2JWE0-EU","jetpack-related-posts":[{"id":2907,"url":"https:\/\/www.24baires.com\/?p=2907","url_meta":{"origin":2536,"position":0},"title":"Para Nazabal, es \u00abescaso\u00bb el presupuesto actual para tratar la Violencia de G\u00e9nero","author":"AF","date":"22\/10\/2012","format":false,"excerpt":"La diputada provincial oficialista, Karina Nazabal, justific\u00f3 la declaraci\u00f3n de la emergencia en la violencia de g\u00e9nero porque sostuvo que el presupuesto actual para combatir el problema es \u201cescaso\u201d y \u201cse esta usando de manera poco creativa\u201d. Destac\u00f3 el consenso con la oposici\u00f3n. La diputada provincial por el Frente para\u2026","rel":"","context":"En \u00abProvincia\u00bb","block_context":{"text":"Provincia","link":"https:\/\/www.24baires.com\/?cat=40"},"img":{"alt_text":"","src":"https:\/\/i0.wp.com\/www.24baires.com\/wp-content\/uploads\/2012\/10\/nazabal-300x225.jpg?resize=350%2C200","width":350,"height":200},"classes":[]},{"id":70829,"url":"https:\/\/www.24baires.com\/?p=70829","url_meta":{"origin":2536,"position":1},"title":"Provincia prorrog\u00f3 por dos a\u00f1os m\u00e1s la emergencia por violencia de g\u00e9nero","author":"GB","date":"19\/08\/2015","format":false,"excerpt":"La provincia de Buenos Aires prorrog\u00f3 por dos a\u00f1os m\u00e1s la vigencia de la ley que declara la emergencia p\u00fablica en materia social por violencia de g\u00e9nero. As\u00ed se estableci\u00f3 por ley 14.731, que entr\u00f3 en vigencia hoy con su publicaci\u00f3n en el Bolet\u00edn Oficial, que prorroga la ley 14.407\u2026","rel":"","context":"En \u00abProvincia\u00bb","block_context":{"text":"Provincia","link":"https:\/\/www.24baires.com\/?cat=40"},"img":{"alt_text":"contra la violencia","src":"https:\/\/i0.wp.com\/www.24baires.com\/wp-content\/uploads\/2014\/08\/contra-la-violencia.jpg?resize=350%2C200","width":350,"height":200,"srcset":"https:\/\/i0.wp.com\/www.24baires.com\/wp-content\/uploads\/2014\/08\/contra-la-violencia.jpg?resize=350%2C200 1x, https:\/\/i0.wp.com\/www.24baires.com\/wp-content\/uploads\/2014\/08\/contra-la-violencia.jpg?resize=525%2C300 1.5x"},"classes":[]},{"id":25583,"url":"https:\/\/www.24baires.com\/?p=25583","url_meta":{"origin":2536,"position":2},"title":"Lomas de Zamora: eval\u00faan declarar la Emergencia por la violencia de g\u00e9nero","author":"AF","date":"11\/06\/2013","format":false,"excerpt":"El Concejo Deliberante de Lomas de Zamora tratar\u00e1 este mediod\u00eda un proyecto que propone facultar al Ejecutivo a reasignar partidas para la prevenci\u00f3n y tratamiento de la violencia contra las mujeres en el distrito. Adem\u00e1s, se tratar\u00e1 una ordenanza que prev\u00e9 la creaci\u00f3n de una defensor\u00eda municipal de las Personas\u2026","rel":"","context":"En \u00abLocales\u00bb","block_context":{"text":"Locales","link":"https:\/\/www.24baires.com\/?cat=38"},"img":{"alt_text":"hcd lomas","src":"https:\/\/i0.wp.com\/www.24baires.com\/wp-content\/uploads\/2013\/06\/hcd-lomas-300x190.jpg?resize=350%2C200","width":350,"height":200},"classes":[]},{"id":113977,"url":"https:\/\/www.24baires.com\/?p=113977","url_meta":{"origin":2536,"position":3},"title":"Olavarr\u00eda se convirti\u00f3 en el primer municipio en sancionar la Emergencia de G\u00e9nero","author":"GB","date":"31\/01\/2020","format":false,"excerpt":"Los dos femicidios en una semana y la presi\u00f3n de organizaciones de mujeres llev\u00f3 al Concejo Deliberante a tomar medidas en la materia. El Concejo Deliberante de Olavarr\u00eda declar\u00f3, este jueves, la Emergencia en Violencia de G\u00e9nero de forma un\u00e1nime, producto de los asesinatos de Mabel Olgu\u00edn y Valentina Gallina\u2026","rel":"","context":"En \u00abMunicipios\u00bb","block_context":{"text":"Municipios","link":"https:\/\/www.24baires.com\/?cat=44"},"img":{"alt_text":"","src":"https:\/\/i0.wp.com\/www.24baires.com\/wp-content\/uploads\/2020\/01\/olavarria-emergencia-genro.jpg?resize=350%2C200","width":350,"height":200,"srcset":"https:\/\/i0.wp.com\/www.24baires.com\/wp-content\/uploads\/2020\/01\/olavarria-emergencia-genro.jpg?resize=350%2C200 1x, https:\/\/i0.wp.com\/www.24baires.com\/wp-content\/uploads\/2020\/01\/olavarria-emergencia-genro.jpg?resize=525%2C300 1.5x"},"classes":[]},{"id":100944,"url":"https:\/\/www.24baires.com\/?p=100944","url_meta":{"origin":2536,"position":4},"title":"El Frente Renovador present\u00f3 un paquete de leyes contra la violencia de g\u00e9nero","author":"GB","date":"09\/03\/2018","format":false,"excerpt":"Comprende reparaciones econ\u00f3micas, creaci\u00f3n de fiscal\u00edas y campa\u00f1as de difusi\u00f3n y concientizaci\u00f3n sobre la problem\u00e1tica. El Frente Renovador bonaerense present\u00f3 un paquete de leyes contra la violencia de g\u00e9nero que comprende reparaciones econ\u00f3micas, creaci\u00f3n de fiscal\u00edas y campa\u00f1as de difusi\u00f3n y concientizaci\u00f3n sobre la problem\u00e1tica. Los proyectos fueron presentados por\u2026","rel":"","context":"En \u00abPol\u00edtica\u00bb","block_context":{"text":"Pol\u00edtica","link":"https:\/\/www.24baires.com\/?cat=51"},"img":{"alt_text":"","src":"https:\/\/i0.wp.com\/www.24baires.com\/wp-content\/uploads\/2015\/11\/ni-una-menos.jpg?resize=350%2C200","width":350,"height":200,"srcset":"https:\/\/i0.wp.com\/www.24baires.com\/wp-content\/uploads\/2015\/11\/ni-una-menos.jpg?resize=350%2C200 1x, https:\/\/i0.wp.com\/www.24baires.com\/wp-content\/uploads\/2015\/11\/ni-una-menos.jpg?resize=525%2C300 1.5x"},"classes":[]},{"id":75635,"url":"https:\/\/www.24baires.com\/?p=75635","url_meta":{"origin":2536,"position":5},"title":"Ya es ley la asistencia gratuita a v\u00edctimas de violencia de g\u00e9nero","author":"AF","date":"26\/11\/2015","format":false,"excerpt":"La ley que crea el Cuerpo de Abogadas y Abogados para V\u00edctimas de Violencia de G\u00e9nero fue promulgada de hecho y publicada hoy en el Bolet\u00edn Oficial, un d\u00eda despu\u00e9s de la conmemoraci\u00f3n del D\u00eda Internacional para la Eliminaci\u00f3n de la Violencia contra la Mujer. La norma, sancionada el 4\u2026","rel":"","context":"En \u00abSociedad\u00bb","block_context":{"text":"Sociedad","link":"https:\/\/www.24baires.com\/?cat=1"},"img":{"alt_text":"","src":"","width":0,"height":0},"classes":[]}],"jetpack_sharing_enabled":true,"jetpack_likes_enabled":true,"_links":{"self":[{"href":"https:\/\/www.24baires.com\/index.php?rest_route=\/wp\/v2\/posts\/2536","targetHints":{"allow":["GET"]}}],"collection":[{"href":"https:\/\/www.24baires.com\/index.php?rest_route=\/wp\/v2\/posts"}],"about":[{"href":"https:\/\/www.24baires.com\/index.php?rest_route=\/wp\/v2\/types\/post"}],"author":[{"embeddable":true,"href":"https:\/\/www.24baires.com\/index.php?rest_route=\/wp\/v2\/users\/4"}],"replies":[{"embeddable":true,"href":"https:\/\/www.24baires.com\/index.php?rest_route=%2Fwp%2Fv2%2Fcomments&post=2536"}],"version-history":[{"count":0,"href":"https:\/\/www.24baires.com\/index.php?rest_route=\/wp\/v2\/posts\/2536\/revisions"}],"wp:attachment":[{"href":"https:\/\/www.24baires.com\/index.php?rest_route=%2Fwp%2Fv2%2Fmedia&parent=2536"}],"wp:term":[{"taxonomy":"category","embeddable":true,"href":"https:\/\/www.24baires.com\/index.php?rest_route=%2Fwp%2Fv2%2Fcategories&post=2536"},{"taxonomy":"post_tag","embeddable":true,"href":"https:\/\/www.24baires.com\/index.php?rest_route=%2Fwp%2Fv2%2Ftags&post=2536"}],"curies":[{"name":"wp","href":"https:\/\/api.w.org\/{rel}","templated":true}]}}