{"id":2532,"date":"2012-10-18T14:29:52","date_gmt":"2012-10-18T17:29:52","guid":{"rendered":"http:\/\/www.24baires.com\/?p=2532"},"modified":"2012-10-18T14:29:52","modified_gmt":"2012-10-18T17:29:52","slug":"argentina-otra-vez-elegida-para-integrar-el-consejo-de-seguridad-de-la-onu","status":"publish","type":"post","link":"https:\/\/www.24baires.com\/?p=2532","title":{"rendered":"Argentina, otra vez elegida para integrar el Consejo de Seguridad de la ONU"},"content":{"rendered":"<p><img data-recalc-dims=\"1\" loading=\"lazy\" decoding=\"async\" class=\"alignleft size-medium wp-image-2533\" title=\"onu\" src=\"https:\/\/i0.wp.com\/www.24baires.com\/wp-content\/uploads\/2012\/10\/onu.jpg?resize=300%2C179\" alt=\"\" width=\"300\" height=\"179\" srcset=\"https:\/\/i0.wp.com\/www.24baires.com\/wp-content\/uploads\/2012\/10\/onu.jpg?resize=300%2C179&amp;ssl=1 300w, https:\/\/i0.wp.com\/www.24baires.com\/wp-content\/uploads\/2012\/10\/onu.jpg?w=560&amp;ssl=1 560w\" sizes=\"auto, (max-width: 300px) 100vw, 300px\" \/>Argentina fue elegida hoy para ocupar una banca como miembro no permanente del Consejo de Seguridad de las Naciones Unidas para el bienio 2013-2014, lugar al que accede por novena vez.<!--more--><br \/>\nLa decisi\u00f3n se conoci\u00f3 en el marco de la 67ma. Asamblea General de la ONU, que se desarrolla en Nueva York.<br \/>\nCon el apoyo un\u00e1nime de Am\u00e9rica latina y el Caribe, Argentina -que ya form\u00f3 parte del organismo en ocho oportunidades; la \u00faltima entre 2005 y 2006- pasar\u00e1 a reemplazar a Colombia como representante de la regi\u00f3n en el organismo de las Naciones Unidas.<\/p>\n","protected":false},"excerpt":{"rendered":"<p>Argentina fue elegida hoy para ocupar una banca como miembro no permanente del Consejo de Seguridad de las Naciones Unidas para el bienio 2013-2014, lugar al que accede por novena vez.<\/p>\n","protected":false},"author":4,"featured_media":0,"comment_status":"open","ping_status":"open","sticky":false,"template":"","format":"standard","meta":{"_jetpack_newsletter_access":"","_jetpack_dont_email_post_to_subs":false,"_jetpack_newsletter_tier_id":0,"_jetpack_memberships_contains_paywalled_content":false,"_jetpack_memberships_contains_paid_content":false,"footnotes":""},"categories":[1],"tags":[],"class_list":["post-2532","post","type-post","status-publish","format-standard","hentry","category-sociedad"],"jetpack_featured_media_url":"","jetpack_shortlink":"https:\/\/wp.me\/p2JWE0-EQ","jetpack-related-posts":[{"id":119005,"url":"https:\/\/www.24baires.com\/?p=119005","url_meta":{"origin":2532,"position":0},"title":"Cafiero pidi\u00f3 al Reino Unido retomar las negociaciones por la soberan\u00eda sobre Malvinas","author":"AF","date":"23\/06\/2022","format":false,"excerpt":"Durante su exposici\u00f3n en la Sesi\u00f3n Especial del Comit\u00e9 de Descolonizaci\u00f3n de la Organizaci\u00f3n de las Naciones Unidas, el Canciller le dijo adem\u00e1s que \"es momento\" de que \"deje en las p\u00e1ginas de la historia su ejercicio de potencia colonial\". El canciller Santiago Cafiero pidi\u00f3 que el Reino Unido \"no\u2026","rel":"","context":"En \u00abInternacionales\u00bb","block_context":{"text":"Internacionales","link":"https:\/\/www.24baires.com\/?cat=73"},"img":{"alt_text":"","src":"https:\/\/i0.wp.com\/www.24baires.com\/wp-content\/uploads\/2022\/06\/cafiero.jpg?resize=350%2C200","width":350,"height":200,"srcset":"https:\/\/i0.wp.com\/www.24baires.com\/wp-content\/uploads\/2022\/06\/cafiero.jpg?resize=350%2C200 1x, https:\/\/i0.wp.com\/www.24baires.com\/wp-content\/uploads\/2022\/06\/cafiero.jpg?resize=525%2C300 1.5x, https:\/\/i0.wp.com\/www.24baires.com\/wp-content\/uploads\/2022\/06\/cafiero.jpg?resize=700%2C400 2x"},"classes":[]},{"id":101602,"url":"https:\/\/www.24baires.com\/?p=101602","url_meta":{"origin":2532,"position":1},"title":"El Consejo de Seguridad de la ONU se reuni\u00f3 de urgencia tras el bombardeo a Siria","author":"AF","date":"14\/04\/2018","format":false,"excerpt":"A pedido de Rusia, el m\u00e1ximo \u00f3rgano de Seguridad de las Naciones Unidas se conovoc\u00f3 para examinar la situaci\u00f3n del pa\u00eds \u00e1rabe tras los bombardeos de esta madrugada. El Consejo de Seguridad de la ONU se reuni\u00f3 para examinar la situaci\u00f3n configurada tras el ataque de EEUU y sus aliados\u2026","rel":"","context":"En \u00abSociedad\u00bb","block_context":{"text":"Sociedad","link":"https:\/\/www.24baires.com\/?cat=1"},"img":{"alt_text":"","src":"https:\/\/i0.wp.com\/www.24baires.com\/wp-content\/uploads\/2018\/04\/onu.jpg?resize=350%2C200","width":350,"height":200,"srcset":"https:\/\/i0.wp.com\/www.24baires.com\/wp-content\/uploads\/2018\/04\/onu.jpg?resize=350%2C200 1x, https:\/\/i0.wp.com\/www.24baires.com\/wp-content\/uploads\/2018\/04\/onu.jpg?resize=525%2C300 1.5x"},"classes":[]},{"id":56308,"url":"https:\/\/www.24baires.com\/?p=56308","url_meta":{"origin":2532,"position":2},"title":"Argentina ya es miembro del Consejo Econ\u00f3mico de la ONU","author":"Grupo Sierra","date":"30\/10\/2014","format":false,"excerpt":"Fue elegida por la Asamblea General de las Naciones Unidas en Nueva York como miembro del Ecosoc, por un per\u00edodo de tres a\u00f1os a partir del 1 de enero de 2015, con el respaldo de 182 de los 186 pa\u00edses votantes. La Canciller\u00eda argentina record\u00f3 que el Consejo Econ\u00f3mico y\u2026","rel":"","context":"En \u00abInternacionales\u00bb","block_context":{"text":"Internacionales","link":"https:\/\/www.24baires.com\/?cat=73"},"img":{"alt_text":"onu","src":"https:\/\/i0.wp.com\/www.24baires.com\/wp-content\/uploads\/2014\/09\/onu.jpg?resize=350%2C200","width":350,"height":200,"srcset":"https:\/\/i0.wp.com\/www.24baires.com\/wp-content\/uploads\/2014\/09\/onu.jpg?resize=350%2C200 1x, https:\/\/i0.wp.com\/www.24baires.com\/wp-content\/uploads\/2014\/09\/onu.jpg?resize=525%2C300 1.5x"},"classes":[]},{"id":29329,"url":"https:\/\/www.24baires.com\/?p=29329","url_meta":{"origin":2532,"position":3},"title":"Argentina asumir\u00e1 la presidencia del Consejo de Seguridad de la ONU","author":"AF","date":"01\/08\/2013","format":false,"excerpt":"La Argentina asume la Presidencia del Consejo de Seguridad de las Naciones Unidas, posici\u00f3n que conservar\u00e1 durante un mes en su calidad de Miembro no Permanente. \"Argentina desempe\u00f1ar\u00e1 la Presidencia teniendo presente la necesidad de fortalecer el \u00f3rgano en un momento en que la comunidad internacional busca dar respuesta a\u2026","rel":"","context":"En \u00abPol\u00edtica\u00bb","block_context":{"text":"Pol\u00edtica","link":"https:\/\/www.24baires.com\/?cat=51"},"img":{"alt_text":"onu2","src":"https:\/\/i0.wp.com\/www.24baires.com\/wp-content\/uploads\/2013\/08\/onu2-300x199.jpg?resize=350%2C200","width":350,"height":200},"classes":[]},{"id":113690,"url":"https:\/\/www.24baires.com\/?p=113690","url_meta":{"origin":2532,"position":4},"title":"Revelan que Macri dej\u00f3 una deuda de U$S 150 millones con la ONU","author":"AF","date":"06\/01\/2020","format":false,"excerpt":"El macrismo no s\u00f3lo dej\u00f3 deudas impagas con acreedores internacionales sino que tambi\u00e9n con organismos internacionales relacionados a la diplomacia. Desde Canciller\u00eda afirmaron que el Estado argentino mantiene deudas con la ONU por U$S 151 millones. La deuda acumulada, seg\u00fan pudo confirmar El Destape, equivale a $ 9.500 millones. Se\u2026","rel":"","context":"En \u00abPol\u00edtica\u00bb","block_context":{"text":"Pol\u00edtica","link":"https:\/\/www.24baires.com\/?cat=51"},"img":{"alt_text":"","src":"https:\/\/i0.wp.com\/www.24baires.com\/wp-content\/uploads\/2019\/08\/macri.png?resize=350%2C200","width":350,"height":200,"srcset":"https:\/\/i0.wp.com\/www.24baires.com\/wp-content\/uploads\/2019\/08\/macri.png?resize=350%2C200 1x, https:\/\/i0.wp.com\/www.24baires.com\/wp-content\/uploads\/2019\/08\/macri.png?resize=525%2C300 1.5x"},"classes":[]},{"id":102573,"url":"https:\/\/www.24baires.com\/?p=102573","url_meta":{"origin":2532,"position":5},"title":"La ONU inst\u00f3 al Estado argentino a asegurar aborto seguro","author":"AF","date":"06\/06\/2018","format":false,"excerpt":"Mientras se discute si el dictamen que llegar\u00e1 al recinto incluir\u00e1 la autonom\u00eda de las ni\u00f1as de 13 a 16 a\u00f1os para decidir una interrupci\u00f3n de embarazo, el Comit\u00e9 de Derechos del Ni\u00f1o de la ONU inst\u00f3 al Estado argentino a asegurar aborto seguro y atenci\u00f3n postaborto para las adolescentes.\u2026","rel":"","context":"En \u00abSociedad\u00bb","block_context":{"text":"Sociedad","link":"https:\/\/www.24baires.com\/?cat=1"},"img":{"alt_text":"","src":"https:\/\/i0.wp.com\/www.24baires.com\/wp-content\/uploads\/2018\/02\/aborto.jpg?resize=350%2C200","width":350,"height":200,"srcset":"https:\/\/i0.wp.com\/www.24baires.com\/wp-content\/uploads\/2018\/02\/aborto.jpg?resize=350%2C200 1x, https:\/\/i0.wp.com\/www.24baires.com\/wp-content\/uploads\/2018\/02\/aborto.jpg?resize=525%2C300 1.5x"},"classes":[]}],"jetpack_sharing_enabled":true,"jetpack_likes_enabled":true,"_links":{"self":[{"href":"https:\/\/www.24baires.com\/index.php?rest_route=\/wp\/v2\/posts\/2532","targetHints":{"allow":["GET"]}}],"collection":[{"href":"https:\/\/www.24baires.com\/index.php?rest_route=\/wp\/v2\/posts"}],"about":[{"href":"https:\/\/www.24baires.com\/index.php?rest_route=\/wp\/v2\/types\/post"}],"author":[{"embeddable":true,"href":"https:\/\/www.24baires.com\/index.php?rest_route=\/wp\/v2\/users\/4"}],"replies":[{"embeddable":true,"href":"https:\/\/www.24baires.com\/index.php?rest_route=%2Fwp%2Fv2%2Fcomments&post=2532"}],"version-history":[{"count":0,"href":"https:\/\/www.24baires.com\/index.php?rest_route=\/wp\/v2\/posts\/2532\/revisions"}],"wp:attachment":[{"href":"https:\/\/www.24baires.com\/index.php?rest_route=%2Fwp%2Fv2%2Fmedia&parent=2532"}],"wp:term":[{"taxonomy":"category","embeddable":true,"href":"https:\/\/www.24baires.com\/index.php?rest_route=%2Fwp%2Fv2%2Fcategories&post=2532"},{"taxonomy":"post_tag","embeddable":true,"href":"https:\/\/www.24baires.com\/index.php?rest_route=%2Fwp%2Fv2%2Ftags&post=2532"}],"curies":[{"name":"wp","href":"https:\/\/api.w.org\/{rel}","templated":true}]}}