{"id":2528,"date":"2012-10-18T13:44:06","date_gmt":"2012-10-18T16:44:06","guid":{"rendered":"http:\/\/www.24baires.com\/?p=2528"},"modified":"2012-10-19T13:12:16","modified_gmt":"2012-10-19T16:12:16","slug":"designan-al-juez-horacio-alfonso-como-subrogante-del-juzgado-donde-se-tramita-el-art-161-de-la-ley-de-medios","status":"publish","type":"post","link":"https:\/\/www.24baires.com\/?p=2528","title":{"rendered":"Designan al juez Horacio Alfonso como subrogante del juzgado donde se tramita el Art. 161 de la Ley de Medios"},"content":{"rendered":"<p>La C\u00e1mara en lo Civil y Comercial Federal design\u00f3 al juez Horacio Alfonso como subrogante al frente del Juzgado 1 en lo Civil y Comercial, donde se tramita la causa por la constitucionalidad del art\u00edculo 161.<!--more--><br \/>\nAdem\u00e1s design\u00f3 para subrogar los juzgados 4 y 7 a Francisco de As\u00eds Soto y Alejandro Saint Genez, respectivamente.<\/p>\n<p>En un \u00abacuerdo extraordinario\u00bb realizado esta ma\u00f1ana los camaristas del tribunal decidieron \u00abdesignar Jueces Subrogantes de los Juzgados 1, 4 y 7 de esta jurisdicci\u00f3n, a los titulares de los Juzgados 2, 6 y 9, doctores Horacio Alfonso, Francisco de As\u00eds Soto y Alejandro Saint Genez, respectivamente\u00bb, se\u00f1ala la acordada de la C\u00e1mara.<\/p>\n<p>Esa resoluci\u00f3n se adopta \u00abhasta que se cubran definitivamente las vacantes\u00bb y resolvieron adem\u00e1s \u00abdejar sin efecto a partir de la fecha toda resoluci\u00f3n o acordada dictada por el Tribunal que sea contraria a esta decisi\u00f3n\u00bb.<\/p>\n<p>La acordada de esta ma\u00f1ana la suscriben el presidente de la C\u00e1mara Mart\u00edn Diego Farrel y los magistrados Santiago Kiernan, Ricardo V\u00edctor Guarinoni, Mar\u00eda Susana Najurieta y Graciela Medina; sin la firma del vicepresidente Ricardo Recondo.<\/p>\n<p>Los camaristas resolvieron modificar la metodolog\u00eda de subrogancias que ven\u00edan llevando adelante por \u00ablas repercusiones que el aludido sistema ha generado\u00bb, y se ajustaron al r\u00e9gimen de jueces subrogantes que marca la ley.<\/p>\n","protected":false},"excerpt":{"rendered":"<p>La C\u00e1mara en lo Civil y Comercial Federal design\u00f3 al juez Horacio Alfonso como subrogante al frente del Juzgado 1 en lo Civil y Comercial, donde se tramita la causa por la constitucionalidad del art\u00edculo 161.<\/p>\n","protected":false},"author":11,"featured_media":0,"comment_status":"open","ping_status":"open","sticky":false,"template":"","format":"standard","meta":{"_jetpack_newsletter_access":"","_jetpack_dont_email_post_to_subs":false,"_jetpack_newsletter_tier_id":0,"_jetpack_memberships_contains_paywalled_content":false,"_jetpack_memberships_contains_paid_content":false,"footnotes":""},"categories":[54],"tags":[],"class_list":["post-2528","post","type-post","status-publish","format-standard","hentry","category-medios"],"jetpack_featured_media_url":"","jetpack_shortlink":"https:\/\/wp.me\/p2JWE0-EM","jetpack-related-posts":[{"id":3121,"url":"https:\/\/www.24baires.com\/?p=3121","url_meta":{"origin":2528,"position":0},"title":"Por las denuncias de irregularidades, declaran varios jueces en el Consejo de la Magistratura","author":"Grupo Sierra","date":"24\/10\/2012","format":false,"excerpt":"La Comisi\u00f3n de Disciplina y Acusaci\u00f3n escuchar\u00e1 este jueves, a ocho jueces y a un magistrado jubilado, en el marco de la denuncia por irregularidades en designaciones en el juzgado que tramita la Ley de Medios. En una comunicaci\u00f3n oficial, el Consejo de la Magistratura inform\u00f3 que a partir de\u2026","rel":"","context":"En \u00abMedios\u00bb","block_context":{"text":"Medios","link":"https:\/\/www.24baires.com\/?cat=54"},"img":{"alt_text":"","src":"https:\/\/i0.wp.com\/www.24baires.com\/wp-content\/uploads\/2012\/10\/consejo-magistratura.jpg?resize=350%2C200","width":350,"height":200,"srcset":"https:\/\/i0.wp.com\/www.24baires.com\/wp-content\/uploads\/2012\/10\/consejo-magistratura.jpg?resize=350%2C200 1x, https:\/\/i0.wp.com\/www.24baires.com\/wp-content\/uploads\/2012\/10\/consejo-magistratura.jpg?resize=525%2C300 1.5x"},"classes":[]},{"id":4110,"url":"https:\/\/www.24baires.com\/?p=4110","url_meta":{"origin":2528,"position":1},"title":"Bocanera reconoci\u00f3 que a Tettamanti lo designaron &#8216;a dedo&#8217;","author":"AF","date":"01\/11\/2012","format":false,"excerpt":"El secretario general del fuero Civil y Comercial ofreci\u00f3 su testimonio ante la Comisi\u00f3n de Disciplina y Acusaci\u00f3n del Consejo de la Magistratura. All\u00ed asegur\u00f3 que al juez, jubilado, Ra\u00fal Tettamanti lo designaron de forma manual. El secretario general del la C\u00e1mara Civil y Comercial Federal, Gustavo Bocanera, quien prest\u00f3\u2026","rel":"","context":"En \u00abMedios\u00bb","block_context":{"text":"Medios","link":"https:\/\/www.24baires.com\/?cat=54"},"img":{"alt_text":"","src":"https:\/\/i0.wp.com\/www.24baires.com\/wp-content\/uploads\/2012\/11\/tettamanti2-300x193.jpg?resize=350%2C200","width":350,"height":200},"classes":[]},{"id":9584,"url":"https:\/\/www.24baires.com\/?p=9584","url_meta":{"origin":2528,"position":2},"title":"Ley de Medios: el juez Alfonso acept\u00f3 la apelaci\u00f3n de Clar\u00edn","author":"AF","date":"18\/12\/2012","format":false,"excerpt":"El juez subrogante de primera instancia en lo Civil y Comercial, Horacio Alfonso, acept\u00f3 este martes la apelaci\u00f3n del Grupo Clar\u00edn respecto del fallo que sosten\u00eda la constitucionalidad de los art\u00edculos 161 y 45 de la ley de Servicios de Comunicaci\u00f3n Audiovisual. La C\u00e1mara Nacional de Apelaciones en lo Civil\u2026","rel":"","context":"En \u00abMedios\u00bb","block_context":{"text":"Medios","link":"https:\/\/www.24baires.com\/?cat=54"},"img":{"alt_text":"alfonso juez","src":"https:\/\/i0.wp.com\/www.24baires.com\/wp-content\/uploads\/2012\/12\/alfonso-juez-300x224.jpg?resize=350%2C200","width":350,"height":200},"classes":[]},{"id":1102,"url":"https:\/\/www.24baires.com\/?p=1102","url_meta":{"origin":2528,"position":3},"title":"Alak denunci\u00f3 maniobras \u00abfuncionales al Grupo Clar\u00edn\u00bb contra la vigencia plena de la Ley de Medios","author":"Grupo Sierra","date":"05\/10\/2012","format":false,"excerpt":"El ministro de Justicia se\u00a0refiri\u00f3\u00a0a la decisi\u00f3n de cinco integrantes de la Magistratura de bloquear la designaci\u00f3n del juez titular que deber\u00e1 fallar sobre la cl\u00e1usula que obliga al grupo Clar\u00edn a desinvertir. Alak advirti\u00f3 sobre una \"maniobra que apunta a tener en suspenso el art\u00edculo 161 de la ley\u2026","rel":"","context":"En \u00abMedios\u00bb","block_context":{"text":"Medios","link":"https:\/\/www.24baires.com\/?cat=54"},"img":{"alt_text":"","src":"","width":0,"height":0},"classes":[]},{"id":9605,"url":"https:\/\/www.24baires.com\/?p=9605","url_meta":{"origin":2528,"position":4},"title":"Imputan a jueces y consejeros por delitos durante la designaci\u00f3n de jueces subrogantes","author":"AF","date":"18\/12\/2012","format":false,"excerpt":"La decisi\u00f3n fue tomada por el fiscal Gerardo Di Masi, en el marco de una denuncia formulada por el gobierno por presuntos delitos durante el proceso de designaci\u00f3n de jueces subrogantes y por bloquear un concurso para designar nuevos titulares en los juzgados vacantes. El fiscal Gerardo Di Masi imput\u00f3\u2026","rel":"","context":"En \u00abMedios\u00bb","block_context":{"text":"Medios","link":"https:\/\/www.24baires.com\/?cat=54"},"img":{"alt_text":"","src":"","width":0,"height":0},"classes":[]},{"id":1757,"url":"https:\/\/www.24baires.com\/?p=1757","url_meta":{"origin":2528,"position":5},"title":"Alak pide \u00abjueces naturales\u00bb y cuestion\u00f3 a los miembros de la oposici\u00f3n en la Magistratura","author":"Grupo Sierra","date":"12\/10\/2012","format":false,"excerpt":"El ministro de Justicia, Julio Alak, cuestion\u00f3 a los miembros de la oposici\u00f3n en el Consejo de la Magistratura y los acus\u00f3 de \"privar a los argentinos de tener un juez natural\". Los cuestionamientos fueron dirigidos a los miembros de la oposici\u00f3n en el Consejo de la Magistratura que ayer\u2026","rel":"","context":"En \u00abMedios\u00bb","block_context":{"text":"Medios","link":"https:\/\/www.24baires.com\/?cat=54"},"img":{"alt_text":"","src":"https:\/\/i0.wp.com\/www.24baires.com\/wp-content\/uploads\/2012\/10\/alak.jpg?resize=350%2C200","width":350,"height":200,"srcset":"https:\/\/i0.wp.com\/www.24baires.com\/wp-content\/uploads\/2012\/10\/alak.jpg?resize=350%2C200 1x, https:\/\/i0.wp.com\/www.24baires.com\/wp-content\/uploads\/2012\/10\/alak.jpg?resize=525%2C300 1.5x"},"classes":[]}],"jetpack_sharing_enabled":true,"jetpack_likes_enabled":true,"_links":{"self":[{"href":"https:\/\/www.24baires.com\/index.php?rest_route=\/wp\/v2\/posts\/2528","targetHints":{"allow":["GET"]}}],"collection":[{"href":"https:\/\/www.24baires.com\/index.php?rest_route=\/wp\/v2\/posts"}],"about":[{"href":"https:\/\/www.24baires.com\/index.php?rest_route=\/wp\/v2\/types\/post"}],"author":[{"embeddable":true,"href":"https:\/\/www.24baires.com\/index.php?rest_route=\/wp\/v2\/users\/11"}],"replies":[{"embeddable":true,"href":"https:\/\/www.24baires.com\/index.php?rest_route=%2Fwp%2Fv2%2Fcomments&post=2528"}],"version-history":[{"count":0,"href":"https:\/\/www.24baires.com\/index.php?rest_route=\/wp\/v2\/posts\/2528\/revisions"}],"wp:attachment":[{"href":"https:\/\/www.24baires.com\/index.php?rest_route=%2Fwp%2Fv2%2Fmedia&parent=2528"}],"wp:term":[{"taxonomy":"category","embeddable":true,"href":"https:\/\/www.24baires.com\/index.php?rest_route=%2Fwp%2Fv2%2Fcategories&post=2528"},{"taxonomy":"post_tag","embeddable":true,"href":"https:\/\/www.24baires.com\/index.php?rest_route=%2Fwp%2Fv2%2Ftags&post=2528"}],"curies":[{"name":"wp","href":"https:\/\/api.w.org\/{rel}","templated":true}]}}