{"id":25268,"date":"2013-06-06T20:59:05","date_gmt":"2013-06-06T23:59:05","guid":{"rendered":"http:\/\/www.24baires.com\/?p=25268"},"modified":"2013-06-06T20:59:05","modified_gmt":"2013-06-06T23:59:05","slug":"la-camara-nacional-de-apelaciones-ratifico-que-cablevision-debe-modificar-su-grilla","status":"publish","type":"post","link":"https:\/\/www.24baires.com\/?p=25268","title":{"rendered":"La C\u00e1mara Nacional de Apelaciones ratific\u00f3 que Cablevisi\u00f3n debe modificar su grilla"},"content":{"rendered":"<p>La sala IV de la C\u00e1mara Nacional de Apelaciones ratific\u00f3 la obligaci\u00f3n de la empresa de cumplir con la grilla de canales establecida por el AFSCA, de acuerdo a la Ley de Medios y las resoluciones del organismo.<!--more--><\/p>\n<p>La medida dispuesta por los jueces Marcelo Duffy, Jorge Mor\u00e1n y Rogelio Vicente, obliga a Cablevisi\u00f3n a cumplir con el ordenamiento de los canales, luego de que esa firma apelara una decisi\u00f3n del juez de primera instancia, tambi\u00e9n favorable a la AFSCA, para el cumplimiento de lo dispuesto en el art\u00edculo 65 inciso 3 de la ley 26.522, el apartado b del decreto 1125\/10 y los art\u00edculos 1, 3, 3, 4 y 5 de la resoluci\u00f3n 296\/10.<\/p>\n<p>Esas normas establecen la inclusi\u00f3n de determinados canales en la grilla de todos los servicios de cable a la se\u00f1al de pel\u00edculas IncaaTV, la de contenidos infantiles Paka Paka y las de noticias CN23, 360TV y Telesur.<\/p>\n","protected":false},"excerpt":{"rendered":"<p>La sala IV de la C\u00e1mara Nacional de Apelaciones ratific\u00f3 la obligaci\u00f3n de la empresa de cumplir con la grilla de canales establecida por el AFSCA, de acuerdo a la Ley de Medios y las resoluciones del organismo.<\/p>\n","protected":false},"author":11,"featured_media":0,"comment_status":"open","ping_status":"open","sticky":false,"template":"","format":"standard","meta":{"_jetpack_newsletter_access":"","_jetpack_dont_email_post_to_subs":false,"_jetpack_newsletter_tier_id":0,"_jetpack_memberships_contains_paywalled_content":false,"_jetpack_memberships_contains_paid_content":false,"footnotes":""},"categories":[54],"tags":[],"class_list":["post-25268","post","type-post","status-publish","format-standard","hentry","category-medios"],"jetpack_featured_media_url":"","jetpack_shortlink":"https:\/\/wp.me\/p2JWE0-6zy","jetpack-related-posts":[{"id":25485,"url":"https:\/\/www.24baires.com\/?p=25485","url_meta":{"origin":25268,"position":0},"title":"La AFSCA denunciar\u00e1 a Cablevisi\u00f3n por no cumplir con la grilla","author":"AF","date":"10\/06\/2013","format":false,"excerpt":"Su titular, Mart\u00edn Sabbatella, presentar\u00e1 este mediod\u00eda una denuncia penal contra la empresa del Gupo Clar\u00edn por no cumplir con la normativa vigente respecto al ordenamiento de la grilla de canales. Sabatella concurrir\u00e1 a los Tribunales Federales de Comodoro Py a las 12, donde adem\u00e1s mantendr\u00e1 un contacto con la\u2026","rel":"","context":"En \u00abMedios\u00bb","block_context":{"text":"Medios","link":"https:\/\/www.24baires.com\/?cat=54"},"img":{"alt_text":"","src":"","width":0,"height":0},"classes":[]},{"id":66956,"url":"https:\/\/www.24baires.com\/?p=66956","url_meta":{"origin":25268,"position":1},"title":"La Corte Suprema benefici\u00f3 a Cablevisi\u00f3n para que no la sancionen","author":"GB","date":"02\/06\/2015","format":false,"excerpt":"El m\u00e1ximo tribunal confirm\u00f3 una medida cautelar de la justicia federal de Mar del Plata que impide a la Autoridad Federal de Servicios de Comunicaci\u00f3n Audiovisual (AFSCA) aplicar sanciones a la empresa del Grupo Clar\u00edn por no cumplir con el ordenamiento de la grilla. La resoluci\u00f3n de los ministros Ricardo\u2026","rel":"","context":"En \u00abJUDICIALES\u00bb","block_context":{"text":"JUDICIALES","link":"https:\/\/www.24baires.com\/?cat=68"},"img":{"alt_text":"cablevisi\u00f3n","src":"https:\/\/i0.wp.com\/www.24baires.com\/wp-content\/uploads\/2012\/12\/cablevisi%C3%B3n1.jpg?resize=350%2C200","width":350,"height":200,"srcset":"https:\/\/i0.wp.com\/www.24baires.com\/wp-content\/uploads\/2012\/12\/cablevisi%C3%B3n1.jpg?resize=350%2C200 1x, https:\/\/i0.wp.com\/www.24baires.com\/wp-content\/uploads\/2012\/12\/cablevisi%C3%B3n1.jpg?resize=525%2C300 1.5x"},"classes":[]},{"id":31575,"url":"https:\/\/www.24baires.com\/?p=31575","url_meta":{"origin":25268,"position":2},"title":"\u201cAlg\u00fan d\u00eda, Clar\u00edn va a tener que cumplir con la ley\u201d","author":"GB","date":"09\/09\/2013","format":false,"excerpt":"As\u00ed lo afirm\u00f3 Carlos Vicente al referirse al fallo que obliga a Cablevisi\u00f3n a incluir en su grilla de programaci\u00f3n a la se\u00f1al cba24n de los Servicios de Radio y Televisi\u00f3n (SRT) de la Universidad Nacional de C\u00f3rdoba (UNC). El titular local de la Afsca, Carlos Vicente, afirm\u00f3 que \u201calg\u00fan\u2026","rel":"","context":"En \u00abPol\u00edtica\u00bb","block_context":{"text":"Pol\u00edtica","link":"https:\/\/www.24baires.com\/?cat=51"},"img":{"alt_text":"","src":"","width":0,"height":0},"classes":[]},{"id":66962,"url":"https:\/\/www.24baires.com\/?p=66962","url_meta":{"origin":25268,"position":3},"title":"An\u00edbal critic\u00f3 a la Corte por beneficiar una vez m\u00e1s a Cablevisi\u00f3n","author":"GB","date":"03\/06\/2015","format":false,"excerpt":"El jefe de Gabinete fustig\u00f3 al m\u00e1ximo tribunal por confirmar una medida cautelar de la Justicia de Mar del Plata que no permite a la AFSCA aplicar sanciones a la empresa del Grupo Clar\u00edn por no cumplir con el ordenamiento de la grilla. \"Le impiden al Ejecutivo gobernar. Volvemos al\u2026","rel":"","context":"En \u00abPol\u00edtica\u00bb","block_context":{"text":"Pol\u00edtica","link":"https:\/\/www.24baires.com\/?cat=51"},"img":{"alt_text":"anibal conferencia","src":"https:\/\/i0.wp.com\/www.24baires.com\/wp-content\/uploads\/2015\/04\/anibal-conferencia.jpg?resize=350%2C200","width":350,"height":200,"srcset":"https:\/\/i0.wp.com\/www.24baires.com\/wp-content\/uploads\/2015\/04\/anibal-conferencia.jpg?resize=350%2C200 1x, https:\/\/i0.wp.com\/www.24baires.com\/wp-content\/uploads\/2015\/04\/anibal-conferencia.jpg?resize=525%2C300 1.5x"},"classes":[]},{"id":33955,"url":"https:\/\/www.24baires.com\/?p=33955","url_meta":{"origin":25268,"position":4},"title":"Exigen a Cablevisi\u00f3n la incorporaci\u00f3n de QM Noticias a la grilla","author":"GB","date":"22\/10\/2013","format":false,"excerpt":"LA PLATA-\u00a0La delegaci\u00f3n de la Afsca en La Plata exigi\u00f3 el \"cumplimiento inmediato\" de la incorporaci\u00f3n del canal provincial \"QM Noticias\" a la grilla de Cablevisi\u00f3n, tal como lo solicita la justicia federal. Hay que recordar que por medio de una resoluci\u00f3n del Juez Federal Adolfo Gabino Ziulu, la se\u00f1al\u2026","rel":"","context":"En \u00abMedios\u00bb","block_context":{"text":"Medios","link":"https:\/\/www.24baires.com\/?cat=54"},"img":{"alt_text":"","src":"","width":0,"height":0},"classes":[]},{"id":55763,"url":"https:\/\/www.24baires.com\/?p=55763","url_meta":{"origin":25268,"position":5},"title":"Rechazan un recurso judicial de Clar\u00edn por la ley de medios en C\u00f3rdoba","author":"GB","date":"21\/10\/2014","format":false,"excerpt":"La C\u00e1mara Federal de C\u00f3rdoba rechaz\u00f3 el recurso de queja interpuesto por el grupo para que se dejara sin efecto la orden judicial de incorporar a la grilla de Cablevisi\u00f3n, la se\u00f1al cba24n de la Universidad Nacional de C\u00f3rdoba (UNC). El tribunal, integrado por los jueces Jos\u00e9 Muscar\u00e1 y Luis\u2026","rel":"","context":"En \u00abMedios\u00bb","block_context":{"text":"Medios","link":"https:\/\/www.24baires.com\/?cat=54"},"img":{"alt_text":"clar\u00edn","src":"https:\/\/i0.wp.com\/www.24baires.com\/wp-content\/uploads\/2014\/10\/clar%C3%ADn.jpg?resize=350%2C200","width":350,"height":200,"srcset":"https:\/\/i0.wp.com\/www.24baires.com\/wp-content\/uploads\/2014\/10\/clar%C3%ADn.jpg?resize=350%2C200 1x, https:\/\/i0.wp.com\/www.24baires.com\/wp-content\/uploads\/2014\/10\/clar%C3%ADn.jpg?resize=525%2C300 1.5x"},"classes":[]}],"jetpack_sharing_enabled":true,"jetpack_likes_enabled":true,"_links":{"self":[{"href":"https:\/\/www.24baires.com\/index.php?rest_route=\/wp\/v2\/posts\/25268","targetHints":{"allow":["GET"]}}],"collection":[{"href":"https:\/\/www.24baires.com\/index.php?rest_route=\/wp\/v2\/posts"}],"about":[{"href":"https:\/\/www.24baires.com\/index.php?rest_route=\/wp\/v2\/types\/post"}],"author":[{"embeddable":true,"href":"https:\/\/www.24baires.com\/index.php?rest_route=\/wp\/v2\/users\/11"}],"replies":[{"embeddable":true,"href":"https:\/\/www.24baires.com\/index.php?rest_route=%2Fwp%2Fv2%2Fcomments&post=25268"}],"version-history":[{"count":3,"href":"https:\/\/www.24baires.com\/index.php?rest_route=\/wp\/v2\/posts\/25268\/revisions"}],"predecessor-version":[{"id":25271,"href":"https:\/\/www.24baires.com\/index.php?rest_route=\/wp\/v2\/posts\/25268\/revisions\/25271"}],"wp:attachment":[{"href":"https:\/\/www.24baires.com\/index.php?rest_route=%2Fwp%2Fv2%2Fmedia&parent=25268"}],"wp:term":[{"taxonomy":"category","embeddable":true,"href":"https:\/\/www.24baires.com\/index.php?rest_route=%2Fwp%2Fv2%2Fcategories&post=25268"},{"taxonomy":"post_tag","embeddable":true,"href":"https:\/\/www.24baires.com\/index.php?rest_route=%2Fwp%2Fv2%2Ftags&post=25268"}],"curies":[{"name":"wp","href":"https:\/\/api.w.org\/{rel}","templated":true}]}}