{"id":25240,"date":"2013-06-06T15:00:55","date_gmt":"2013-06-06T18:00:55","guid":{"rendered":"http:\/\/www.24baires.com\/?p=25240"},"modified":"2013-06-06T13:06:47","modified_gmt":"2013-06-06T16:06:47","slug":"abal-medina-estamos-en-una-sociedad-mediatizada-por-clarin","status":"publish","type":"post","link":"https:\/\/www.24baires.com\/?p=25240","title":{"rendered":"Abal Medina: \u00abestamos en una sociedad mediatizada por Clar\u00edn\u00bb"},"content":{"rendered":"<p><img data-recalc-dims=\"1\" loading=\"lazy\" decoding=\"async\" class=\"alignleft size-full wp-image-18911\" alt=\"abal medina2\" src=\"https:\/\/i0.wp.com\/www.24baires.com\/wp-content\/uploads\/2013\/03\/abal-medina2.jpg?resize=260%2C208\" width=\"260\" height=\"208\" \/><\/p>\n<p>El jefe de Gabinete de Ministros consider\u00f3 hoy que \u00abestamos en una sociedad mediatizada por Clar\u00edn\u00bb y lament\u00f3 que los representantes de la oposici\u00f3n \u00abest\u00e1n tentados por seguir la agenda del monopolio\u00bb.<!--more--><br \/>\nJuan Manuel Abal Medina calific\u00f3 por radio Continental de \u00abmuy extenso e interesante\u00bb su informe de ayer ante el Senado de la Naci\u00f3n sobre la gesti\u00f3n de gobierno y desestim\u00f3 los cuestionamientos de quienes para criticar al Gobierno \u00abusan palabras que son casi calcadas de las que se usaban contra Hip\u00f3lito Yrigoyen o (Juan) Per\u00f3n y Evita (Per\u00f3n)\u00bb.<\/p>\n<p><strong>Sobre el Consejo de la Magistratura<\/strong><\/p>\n<p>El jefe de Gabinete asegur\u00f3: \u00abvamos a realizar las acciones que correspondan para que los argentinos podamos elegir a los integrantes del Consejo de la Magistratura que eval\u00faan a los jueces\u00bb, al referirse a los planteos de magistrados y abogados contra esa ley.En ese sentido, dijo que \u00abno puedan cumplirse leyes como la de Medios\u00bb, votada hace m\u00e1s de tres a\u00f1os que a\u00fan no se aplica plenamente por las cautelares presentadas por Clar\u00edn para no cumplir con las pautas establecidas por la norma sobre la cantidad de licencias que puede tener cada multimedio.<\/p>\n<p>&nbsp;<\/p>\n<p>&nbsp;<\/p>\n<p>&nbsp;<\/p>\n<p>&nbsp;<\/p>\n<p>&nbsp;<\/p>\n<p>&nbsp;<\/p>\n<p>&nbsp;<\/p>\n<p>&nbsp;<\/p>\n<p>&nbsp;<\/p>\n<p>&nbsp;<\/p>\n<p>&nbsp;<\/p>\n<p>&nbsp;<\/p>\n<p>&nbsp;<\/p>\n","protected":false},"excerpt":{"rendered":"<p>El jefe de Gabinete de Ministros consider\u00f3 hoy que \u00abestamos en una sociedad mediatizada por Clar\u00edn\u00bb y lament\u00f3 que los representantes de la oposici\u00f3n \u00abest\u00e1n tentados por seguir la agenda del monopolio\u00bb.<\/p>\n","protected":false},"author":4,"featured_media":0,"comment_status":"open","ping_status":"open","sticky":false,"template":"","format":"standard","meta":{"_jetpack_newsletter_access":"","_jetpack_dont_email_post_to_subs":false,"_jetpack_newsletter_tier_id":0,"_jetpack_memberships_contains_paywalled_content":false,"_jetpack_memberships_contains_paid_content":false,"footnotes":""},"categories":[54],"tags":[],"class_list":["post-25240","post","type-post","status-publish","format-standard","hentry","category-medios"],"jetpack_featured_media_url":"","jetpack_shortlink":"https:\/\/wp.me\/p2JWE0-6z6","jetpack-related-posts":[{"id":26314,"url":"https:\/\/www.24baires.com\/?p=26314","url_meta":{"origin":25240,"position":0},"title":"\u00abLe tienen miedo al voto popular\u00bb","author":"Grupo Sierra","date":"18\/06\/2013","format":false,"excerpt":"El jefe de Gabinete, Juan Manuel Abal Medina, afirm\u00f3 que el fallo de la Corte Suprema de Justicia en contra de la votaci\u00f3n popular para los miembros del Consejo de la Magistratura \"es una afrenta al pueblo argentino\u201d. Juan Manuel Abal Medina sostuvo adem\u00e1s que \u201cla profundizaci\u00f3n de nuestra democracia\u2026","rel":"","context":"En \u00abLocales\u00bb","block_context":{"text":"Locales","link":"https:\/\/www.24baires.com\/?cat=38"},"img":{"alt_text":"abal medina","src":"https:\/\/i0.wp.com\/www.24baires.com\/wp-content\/uploads\/2012\/11\/abal-medina.jpg?resize=350%2C200","width":350,"height":200,"srcset":"https:\/\/i0.wp.com\/www.24baires.com\/wp-content\/uploads\/2012\/11\/abal-medina.jpg?resize=350%2C200 1x, https:\/\/i0.wp.com\/www.24baires.com\/wp-content\/uploads\/2012\/11\/abal-medina.jpg?resize=525%2C300 1.5x"},"classes":[]},{"id":18910,"url":"https:\/\/www.24baires.com\/?p=18910","url_meta":{"origin":25240,"position":1},"title":"\u201cLos intendentes son la piedra central de este proyecto de gobierno\u201d, asegur\u00f3 Abal Medina","author":"AF","date":"20\/03\/2013","format":false,"excerpt":"El jefe de Gabinete Juan Manuel Abal Medina asegur\u00f3 que los jefes comunales \u201cson la piedra angular del Estado\u201d, al encabezar un acto con el titular del BID, Luis Alberto Moreno, e intendentes de diferentes distritos del pa\u00eds. Juan Manuel Abal Medina formul\u00f3 declaraciones al hablar en un acto en\u2026","rel":"","context":"En \u00abLocales\u00bb","block_context":{"text":"Locales","link":"https:\/\/www.24baires.com\/?cat=38"},"img":{"alt_text":"abal medina2","src":"https:\/\/i0.wp.com\/www.24baires.com\/wp-content\/uploads\/2013\/03\/abal-medina2.jpg?resize=350%2C200","width":350,"height":200},"classes":[]},{"id":32598,"url":"https:\/\/www.24baires.com\/?p=32598","url_meta":{"origin":25240,"position":2},"title":"Abal Medina, duro con Macri: \u00abTal vez a \u00e9l la dictadura lo trat\u00f3 mejor que la democracia\u00bb","author":"AF","date":"27\/09\/2013","format":false,"excerpt":"El jefe de Gabinete, Juan Manuel Abal Medina, dijo que el jefe de Gobierno porte\u00f1o, Mauricio Macri, cuando asegur\u00f3 que el actual gobierno es el m\u00e1s autoritario de los \u00faltimos 50 a\u00f1os, \"quiz\u00e1s se refer\u00eda al m\u00e1s autoritario desde su lugar\", y consider\u00f3 que tal vez \"una dictadura lo trat\u00f3\u2026","rel":"","context":"En \u00abPol\u00edtica\u00bb","block_context":{"text":"Pol\u00edtica","link":"https:\/\/www.24baires.com\/?cat=51"},"img":{"alt_text":"abal medina","src":"https:\/\/i0.wp.com\/www.24baires.com\/wp-content\/uploads\/2012\/11\/abal-medina-300x179.jpg?resize=350%2C200","width":350,"height":200},"classes":[]},{"id":15854,"url":"https:\/\/www.24baires.com\/?p=15854","url_meta":{"origin":25240,"position":3},"title":"Siguen los cruces por el &#8216;F\u00fatbol para Todos&#8217;","author":"Grupo Sierra","date":"16\/02\/2013","format":false,"excerpt":"El jefe de Gobierno porte\u00f1o, Mauricio Macri, reiter\u00f3 este s\u00e1bado que si fuera presidente eliminar\u00eda el \"F\u00fatbol para Todos\" y sostuvo que el kirchnerismo \"convalida el despilfarro y la fiesta\".\u00a0\"Cuando \u00e9l dice que no quiere que el f\u00fatbol llegue a todo el pueblo queda claro que le entregar\u00eda el f\u00fatbol\u2026","rel":"","context":"En \u00abPol\u00edtica\u00bb","block_context":{"text":"Pol\u00edtica","link":"https:\/\/www.24baires.com\/?cat=51"},"img":{"alt_text":"macri abal medina","src":"https:\/\/i0.wp.com\/www.24baires.com\/wp-content\/uploads\/2013\/02\/macri-abal-medina.jpg?resize=350%2C200","width":350,"height":200,"srcset":"https:\/\/i0.wp.com\/www.24baires.com\/wp-content\/uploads\/2013\/02\/macri-abal-medina.jpg?resize=350%2C200 1x, https:\/\/i0.wp.com\/www.24baires.com\/wp-content\/uploads\/2013\/02\/macri-abal-medina.jpg?resize=525%2C300 1.5x"},"classes":[]},{"id":16860,"url":"https:\/\/www.24baires.com\/?p=16860","url_meta":{"origin":25240,"position":4},"title":"Abal Medina sostuvo que \u201catacando a Tecn\u00f3polis, Clar\u00edn le devolvi\u00f3 el favor a Macri\u201d","author":"Grupo Sierra","date":"26\/02\/2013","format":false,"excerpt":"El jefe de Gabinete asegur\u00f3 que para cubrir la mentira de Macri sobre los \u00e1rboles de Tecn\u00f3polis y para seguir ocultando el desastre que est\u00e1 haciendo en la 9 de Julio, Clar\u00edn ataca a la muestra\u201d. En ese sentido, Juan Manuel Abal Medina sostuvo que \u201choy Clar\u00edn, atacando a Tecn\u00f3polis,\u2026","rel":"","context":"En \u00abPol\u00edtica\u00bb","block_context":{"text":"Pol\u00edtica","link":"https:\/\/www.24baires.com\/?cat=51"},"img":{"alt_text":"","src":"","width":0,"height":0},"classes":[]},{"id":4147,"url":"https:\/\/www.24baires.com\/?p=4147","url_meta":{"origin":25240,"position":5},"title":"El juez De las Carreras fue denunciado por el Gobierno por presunta \u00abrecepci\u00f3n de d\u00e1divas\u00bb de Clar\u00edn","author":"AF","date":"02\/11\/2012","format":false,"excerpt":"En la presentaci\u00f3n solicita que se investigue el delito de \"recepci\u00f3n de d\u00e1divas\" por parte del juez, quien particip\u00f3 de un congreso en Miami organizado por una ONG que integra y financia el Grupo Clar\u00edn. En rueda de prensa, el ministro de Justicia, Julio Alak, inform\u00f3 que el jefe de\u2026","rel":"","context":"En \u00abMedios\u00bb","block_context":{"text":"Medios","link":"https:\/\/www.24baires.com\/?cat=54"},"img":{"alt_text":"","src":"https:\/\/i0.wp.com\/www.24baires.com\/wp-content\/uploads\/2012\/11\/de-las-carreras2-300x179.jpg?resize=350%2C200","width":350,"height":200},"classes":[]}],"jetpack_sharing_enabled":true,"jetpack_likes_enabled":true,"_links":{"self":[{"href":"https:\/\/www.24baires.com\/index.php?rest_route=\/wp\/v2\/posts\/25240","targetHints":{"allow":["GET"]}}],"collection":[{"href":"https:\/\/www.24baires.com\/index.php?rest_route=\/wp\/v2\/posts"}],"about":[{"href":"https:\/\/www.24baires.com\/index.php?rest_route=\/wp\/v2\/types\/post"}],"author":[{"embeddable":true,"href":"https:\/\/www.24baires.com\/index.php?rest_route=\/wp\/v2\/users\/4"}],"replies":[{"embeddable":true,"href":"https:\/\/www.24baires.com\/index.php?rest_route=%2Fwp%2Fv2%2Fcomments&post=25240"}],"version-history":[{"count":1,"href":"https:\/\/www.24baires.com\/index.php?rest_route=\/wp\/v2\/posts\/25240\/revisions"}],"predecessor-version":[{"id":25241,"href":"https:\/\/www.24baires.com\/index.php?rest_route=\/wp\/v2\/posts\/25240\/revisions\/25241"}],"wp:attachment":[{"href":"https:\/\/www.24baires.com\/index.php?rest_route=%2Fwp%2Fv2%2Fmedia&parent=25240"}],"wp:term":[{"taxonomy":"category","embeddable":true,"href":"https:\/\/www.24baires.com\/index.php?rest_route=%2Fwp%2Fv2%2Fcategories&post=25240"},{"taxonomy":"post_tag","embeddable":true,"href":"https:\/\/www.24baires.com\/index.php?rest_route=%2Fwp%2Fv2%2Ftags&post=25240"}],"curies":[{"name":"wp","href":"https:\/\/api.w.org\/{rel}","templated":true}]}}