{"id":25214,"date":"2013-06-06T10:30:40","date_gmt":"2013-06-06T13:30:40","guid":{"rendered":"http:\/\/www.24baires.com\/?p=25214"},"modified":"2013-06-06T10:58:14","modified_gmt":"2013-06-06T13:58:14","slug":"fiscales-bahienses-vuelven-a-solicitar-la-detencion-de-massot-director-de-la-nueva-provincia","status":"publish","type":"post","link":"https:\/\/www.24baires.com\/?p=25214","title":{"rendered":"Fiscales bahienses vuelven a solicitar la detenci\u00f3n de Massot, director de &#8216;La Nueva Provincia&#8217;"},"content":{"rendered":"<p>El 13 de mayo pasado informaron que los fiscales de La Pampa, Jos\u00e9 Nebbia y Miguel Palazzani, hab\u00edan solicitado la detenci\u00f3n de Vicente Massot, director del diario La Nueva Provincia, y del entonces Secretario de Redacci\u00f3n, Mario Gabrielli, por \u201chaber formado parte del plan criminal que posibilit\u00f3 el genocidio de la \u00faltima dictadura\u201d.<!--more--><br \/>\nTres d\u00edas m\u00e1s tarde, el diario bahiense indic\u00f3 en su portada que \u201cLa justicia rechaza la detenci\u00f3n de Massot\u201d y a\u00f1adi\u00f3 que \u201cPara el juez Federal Santiago Ulpiano Mart\u00ednez no existir\u00edan pruebas para vincular a \u2018La Nueva Provincia\u2019 con delitos de lesa humanidad cometidos durante la guerra contra la subversi\u00f3n\u201d.<br \/>\nAhora, el lunes pasado el sitio web de la Procuraci\u00f3n General de la Naci\u00f3n inform\u00f3 que los fiscales \u201capelaron rechazo a la detenci\u00f3n de los directivos\u201d de La Nueva Provincia y consign\u00f3 que Nebbia y Palazzani \u201ccuestionaron la resoluci\u00f3n del juez porque consideraron que debi\u00f3 convocar a indagatoria a los imputados y, luego, si consideraba que no ten\u00eda elementos, dictar su falta de m\u00e9rito\u201d.<br \/>\nEl sitio destaca que en la apelaci\u00f3n, los fiscales criticaron la resoluci\u00f3n del juez \u201cpor \u2018arbitraria\u2019\u201d y ratificaron su decisi\u00f3n de atribuir a Massot y a Gabrielli \u201c\u2018haber formado parte de una asociaci\u00f3n criminal, desde cuyo seno, se dispusieron, planificaron, organizaron y controlaron los medios, recursos y factores esenciales para el emprendimiento de actividades y el cumplimiento de funciones \u2013consistente en operativos y medios de acci\u00f3n psicol\u00f3gica- indispensables para la ejecuci\u00f3n del plan criminal, el aseguramiento de la eficacia del mismo y la impunidad de los individuos involucrados en su realizaci\u00f3n\u2019\u201d. La acusaci\u00f3n tambi\u00e9n interpela a la radio LU2 y el canal 9 de TV, propiedad de Massot.<\/p>\n<p>&nbsp;<\/p>\n<p>&nbsp;<\/p>\n<p>&nbsp;<\/p>\n<p>&nbsp;<\/p>\n<p>&nbsp;<\/p>\n<p>&nbsp;<\/p>\n<p>&nbsp;<\/p>\n<p>&nbsp;<\/p>\n<p>&nbsp;<\/p>\n<p>&nbsp;<\/p>\n<p>&nbsp;<\/p>\n<p>&nbsp;<\/p>\n<p>&nbsp;<\/p>\n<p>&nbsp;<\/p>\n","protected":false},"excerpt":{"rendered":"<p>El 13 de mayo pasado informaron que los fiscales de La Pampa, Jos\u00e9 Nebbia y Miguel Palazzani, hab\u00edan solicitado la detenci\u00f3n de Vicente Massot, director del diario La Nueva Provincia, y del entonces Secretario de Redacci\u00f3n, Mario Gabrielli, por \u201chaber formado parte del plan criminal que posibilit\u00f3 el genocidio de la \u00faltima dictadura\u201d.<\/p>\n","protected":false},"author":4,"featured_media":0,"comment_status":"open","ping_status":"open","sticky":false,"template":"","format":"standard","meta":{"_jetpack_newsletter_access":"","_jetpack_dont_email_post_to_subs":false,"_jetpack_newsletter_tier_id":0,"_jetpack_memberships_contains_paywalled_content":false,"_jetpack_memberships_contains_paid_content":false,"footnotes":""},"categories":[54,50],"tags":[],"class_list":["post-25214","post","type-post","status-publish","format-standard","hentry","category-medios","category-memoria"],"jetpack_featured_media_url":"","jetpack_shortlink":"https:\/\/wp.me\/p2JWE0-6yG","jetpack-related-posts":[{"id":43337,"url":"https:\/\/www.24baires.com\/?p=43337","url_meta":{"origin":25214,"position":0},"title":"Bah\u00eda Blanca: Vicente Massot ya no puede \u00ablavarse las manos\u00bb","author":"Grupo Sierra","date":"05\/04\/2014","format":false,"excerpt":"El director del Diario La Nueva Provincia se presentar\u00e1 ante el Juez Federal Alvaro Coleffi, quien investiga su participaci\u00f3n en cr\u00edmenes de lesa humanidad en la ciudad bahiense, durante la \u00faltima dictadura c\u00edvico-militar. En esta ocasi\u00f3n el acusado ser\u00e1 indagado por los fiscales Jos\u00e9 Nebbia y Miguel Pallazzani. El director\u2026","rel":"","context":"En \u00abJUDICIALES\u00bb","block_context":{"text":"JUDICIALES","link":"https:\/\/www.24baires.com\/?cat=68"},"img":{"alt_text":"vicente-massot","src":"https:\/\/i0.wp.com\/www.24baires.com\/wp-content\/uploads\/2014\/02\/vicente-massot-300x218.jpg?resize=350%2C200","width":350,"height":200},"classes":[]},{"id":28019,"url":"https:\/\/www.24baires.com\/?p=28019","url_meta":{"origin":25214,"position":1},"title":"Cada vez son m\u00e1s las pruebas que vinculan a Massot con cr\u00edmenes de lesa humanidad","author":"AF","date":"11\/07\/2013","format":false,"excerpt":"Luego de la muerte de Mario Gabrielli, la Unidad Fiscal de Derechos Humanos contin\u00faa fortaleciendo la causa contra el due\u00f1o y director de la Nueva Provincia, mientras se espera una resoluci\u00f3n de la C\u00e1mara Federal de Bah\u00eda Blanca sobre el pedido de detenci\u00f3n que rechaz\u00f3 el juez subrogante Santiago Ulpiano\u2026","rel":"","context":"En \u00abLocales\u00bb","block_context":{"text":"Locales","link":"https:\/\/www.24baires.com\/?cat=38"},"img":{"alt_text":"","src":"","width":0,"height":0},"classes":[]},{"id":35260,"url":"https:\/\/www.24baires.com\/?p=35260","url_meta":{"origin":25214,"position":2},"title":"Aseguran que Massot puede ir a la c\u00e1rcel","author":"AF","date":"16\/11\/2013","format":false,"excerpt":"El director del diario \"La Nueva Provincia\" de Bah\u00eda Blanca ser\u00e1 indagado y puede ser detenido. La C\u00e1mara Federal de Apelaciones de Bah\u00eda Blanca revoc\u00f3 una resoluci\u00f3n de un juez federal. El empresario ahora deber\u00e1 presentarse a declarar en los pr\u00f3ximos d\u00edas. Vicente Massot, director del diario \"La Nueva Provincia\"\u2026","rel":"","context":"En \u00abMemoria\u00bb","block_context":{"text":"Memoria","link":"https:\/\/www.24baires.com\/?cat=50"},"img":{"alt_text":"","src":"","width":0,"height":0},"classes":[]},{"id":32430,"url":"https:\/\/www.24baires.com\/?p=32430","url_meta":{"origin":25214,"position":3},"title":"Solicitan la suspensi\u00f3n de una charla de Vicente Massot en el Colegio de Abogados platense","author":"AF","date":"25\/09\/2013","format":false,"excerpt":"El director del diario la Nueva Provincia brindar\u00e1 ma\u00f1ana jueves una charla sobre derecho en el Colegio de Abogados. Distintas organizaciones convocan a repudiar su presencia y pedir\u00e1n que se suspenda la charla. Distintas organizaciones convocaron a repudiar ma\u00f1ana a las 19 la presencia de Vicente Massot en el Colegio\u2026","rel":"","context":"En \u00abMedios\u00bb","block_context":{"text":"Medios","link":"https:\/\/www.24baires.com\/?cat=54"},"img":{"alt_text":"massot","src":"https:\/\/i0.wp.com\/www.24baires.com\/wp-content\/uploads\/2013\/09\/massot-300x196.jpg?resize=350%2C200","width":350,"height":200},"classes":[]},{"id":44185,"url":"https:\/\/www.24baires.com\/?p=44185","url_meta":{"origin":25214,"position":4},"title":"Anticipan avances sobre los peritajes en la documentaci\u00f3n contable de La Nueva Provincia","author":"GB","date":"18\/04\/2014","format":false,"excerpt":"BAH\u00cdA BLANCA-Los fiscales Nebbia y Palazzani adelantaron que la documentaci\u00f3n secuestrada durante el allanamiento al matutino bahiense se contrapone a manifestaciones realizadas por Vicente Massot en su hasta ahora \u00fanica declaraci\u00f3n ante el juez Coleffi. El martes pr\u00f3ximo, a dos d\u00edas de la indagatoria, la Fiscal\u00eda argumentar\u00e1 ante la C\u00e1mara\u2026","rel":"","context":"En \u00abMemoria\u00bb","block_context":{"text":"Memoria","link":"https:\/\/www.24baires.com\/?cat=50"},"img":{"alt_text":"la nueva provincia","src":"https:\/\/i0.wp.com\/www.24baires.com\/wp-content\/uploads\/2014\/04\/la-nueva-provincia.jpg?resize=350%2C200","width":350,"height":200,"srcset":"https:\/\/i0.wp.com\/www.24baires.com\/wp-content\/uploads\/2014\/04\/la-nueva-provincia.jpg?resize=350%2C200 1x, https:\/\/i0.wp.com\/www.24baires.com\/wp-content\/uploads\/2014\/04\/la-nueva-provincia.jpg?resize=525%2C300 1.5x"},"classes":[]},{"id":41291,"url":"https:\/\/www.24baires.com\/?p=41291","url_meta":{"origin":25214,"position":5},"title":"El director del diario bahiense La Nueva Provincia, acusado de homicidio","author":"Grupo Sierra","date":"28\/02\/2014","format":false,"excerpt":"BAH\u00cdA BLANCA- Se trata de Vicente Massot, acusado, entre otros cargos, como coautor de homicidios. Un juez federal de Bah\u00eda Blanca fij\u00f3 audiencia para el pr\u00f3ximo 18 de marzo, en el marco de una disposici\u00f3n del C\u00f3digo Procesal que estipula la posibilidad de transformar el acto en indagatoria y que\u2026","rel":"","context":"En \u00abJUDICIALES\u00bb","block_context":{"text":"JUDICIALES","link":"https:\/\/www.24baires.com\/?cat=68"},"img":{"alt_text":"vicente-massot","src":"https:\/\/i0.wp.com\/www.24baires.com\/wp-content\/uploads\/2014\/02\/vicente-massot-300x218.jpg?resize=350%2C200","width":350,"height":200},"classes":[]}],"jetpack_sharing_enabled":true,"jetpack_likes_enabled":true,"_links":{"self":[{"href":"https:\/\/www.24baires.com\/index.php?rest_route=\/wp\/v2\/posts\/25214","targetHints":{"allow":["GET"]}}],"collection":[{"href":"https:\/\/www.24baires.com\/index.php?rest_route=\/wp\/v2\/posts"}],"about":[{"href":"https:\/\/www.24baires.com\/index.php?rest_route=\/wp\/v2\/types\/post"}],"author":[{"embeddable":true,"href":"https:\/\/www.24baires.com\/index.php?rest_route=\/wp\/v2\/users\/4"}],"replies":[{"embeddable":true,"href":"https:\/\/www.24baires.com\/index.php?rest_route=%2Fwp%2Fv2%2Fcomments&post=25214"}],"version-history":[{"count":1,"href":"https:\/\/www.24baires.com\/index.php?rest_route=\/wp\/v2\/posts\/25214\/revisions"}],"predecessor-version":[{"id":25215,"href":"https:\/\/www.24baires.com\/index.php?rest_route=\/wp\/v2\/posts\/25214\/revisions\/25215"}],"wp:attachment":[{"href":"https:\/\/www.24baires.com\/index.php?rest_route=%2Fwp%2Fv2%2Fmedia&parent=25214"}],"wp:term":[{"taxonomy":"category","embeddable":true,"href":"https:\/\/www.24baires.com\/index.php?rest_route=%2Fwp%2Fv2%2Fcategories&post=25214"},{"taxonomy":"post_tag","embeddable":true,"href":"https:\/\/www.24baires.com\/index.php?rest_route=%2Fwp%2Fv2%2Ftags&post=25214"}],"curies":[{"name":"wp","href":"https:\/\/api.w.org\/{rel}","templated":true}]}}