{"id":25208,"date":"2013-06-06T10:00:27","date_gmt":"2013-06-06T13:00:27","guid":{"rendered":"http:\/\/www.24baires.com\/?p=25208"},"modified":"2013-06-06T10:44:19","modified_gmt":"2013-06-06T13:44:19","slug":"inauguran-en-suipacha-una-radio-publica","status":"publish","type":"post","link":"https:\/\/www.24baires.com\/?p=25208","title":{"rendered":"Inauguran en Suipacha una radio p\u00fablica"},"content":{"rendered":"<p><img data-recalc-dims=\"1\" loading=\"lazy\" decoding=\"async\" class=\"aligncenter size-full wp-image-25211\" alt=\"89.7 suipacha\" src=\"https:\/\/i0.wp.com\/www.24baires.com\/wp-content\/uploads\/2013\/06\/89.7-suipacha2.jpg?resize=560%2C231\" width=\"560\" height=\"231\" srcset=\"https:\/\/i0.wp.com\/www.24baires.com\/wp-content\/uploads\/2013\/06\/89.7-suipacha2.jpg?w=560&amp;ssl=1 560w, https:\/\/i0.wp.com\/www.24baires.com\/wp-content\/uploads\/2013\/06\/89.7-suipacha2.jpg?resize=300%2C123&amp;ssl=1 300w\" sizes=\"auto, (max-width: 560px) 100vw, 560px\" \/>Ma\u00f1ana, en el D\u00eda del Periodista, Suipacha inaugura su radio p\u00fablica en el 87.9 de Frecuencia Modulada. El secretario de Prensa de la Municipalidad, Jos\u00e9 Apeztegu\u00eda, dijo que la emisora brindar\u00e1 gratuitamente espacios semanales a los vecinos de comunidad para que se escuchen todas las voces.<!--more--><\/p>\n<p>Resalto que este \u201cacontecimiento\u201d es producto de la Ley de Medios que \u201cposibilita que cada distrito tenga una radio p\u00fablica\u201d. Subray\u00f3 que \u201cp\u00fablica significa de todos y eso significa que todos pueden tener un espacio en la grilla para que participen con lo que les guste. Es un espacio para que todos tengan su espacio\u201d.<\/p>\n<p>La emisora est\u00e1 en frecuencia de prueba desde hace 8 d\u00edas y ma\u00f1ana comenzar\u00e1 a emitir su programaci\u00f3n elaborada con propuestas de vecinos.<\/p>\n<p>&nbsp;<\/p>\n<p>&nbsp;<\/p>\n<p>&nbsp;<\/p>\n<p>&nbsp;<\/p>\n<p>&nbsp;<\/p>\n<p>&nbsp;<\/p>\n<p>&nbsp;<\/p>\n<p>&nbsp;<\/p>\n<p>&nbsp;<\/p>\n<p>&nbsp;<\/p>\n<p>&nbsp;<\/p>\n<p>&nbsp;<\/p>\n<p>&nbsp;<\/p>\n<p>&nbsp;<\/p>\n<p>&nbsp;<\/p>\n","protected":false},"excerpt":{"rendered":"<p>Ma\u00f1ana, en el D\u00eda del Periodista, Suipacha inaugura su radio p\u00fablica en el 87.9 de Frecuencia Modulada. El secretario de Prensa de la Municipalidad, Jos\u00e9 Apeztegu\u00eda, dijo que la emisora brindar\u00e1 gratuitamente espacios semanales a los vecinos de comunidad para que se escuchen todas las voces.<\/p>\n","protected":false},"author":4,"featured_media":0,"comment_status":"open","ping_status":"open","sticky":false,"template":"","format":"standard","meta":{"_jetpack_newsletter_access":"","_jetpack_dont_email_post_to_subs":false,"_jetpack_newsletter_tier_id":0,"_jetpack_memberships_contains_paywalled_content":false,"_jetpack_memberships_contains_paid_content":false,"footnotes":""},"categories":[38,54],"tags":[],"class_list":["post-25208","post","type-post","status-publish","format-standard","hentry","category-locales","category-medios"],"jetpack_featured_media_url":"","jetpack_shortlink":"https:\/\/wp.me\/p2JWE0-6yA","jetpack-related-posts":[{"id":51031,"url":"https:\/\/www.24baires.com\/?p=51031","url_meta":{"origin":25208,"position":0},"title":"Ituzaing\u00f3: ponen en marcha la tercera radio p\u00fablica municipal de la Provincia","author":"AF","date":"02\/08\/2014","format":false,"excerpt":"El municipio pondr\u00e1 en marcha el lunes una radio p\u00fablica propia, con alcance en todo el \u00e1rea del distrito, en el marco de la Ley de Servicios de Comunicaci\u00f3n Audiovisual. \"Hace un tiempo el intendente Alberto Descalzo nos encomend\u00f3 la tarea de crear este espacio y es as\u00ed como nos\u2026","rel":"","context":"En \u00abLocales\u00bb","block_context":{"text":"Locales","link":"https:\/\/www.24baires.com\/?cat=38"},"img":{"alt_text":"","src":"","width":0,"height":0},"classes":[]},{"id":5094,"url":"https:\/\/www.24baires.com\/?p=5094","url_meta":{"origin":25208,"position":1},"title":"Mercedes inaugur\u00f3 su radio p\u00fablica municipal","author":"AF","date":"12\/11\/2012","format":false,"excerpt":"\"La 88.5\" surge de un convenio firmado con Radio Provincia. La emisora constituye \"una motivaci\u00f3n social que estimula\", dijo el intendente. El partido de Mercedes ya tiene su radio municipal: la Radio P\u00fablica de Mercedes, \"La 88.5\". La emisora es el resultado de varios meses de trabajo que dieron comienzo\u2026","rel":"","context":"En \u00abLocales\u00bb","block_context":{"text":"Locales","link":"https:\/\/www.24baires.com\/?cat=38"},"img":{"alt_text":"","src":"https:\/\/i0.wp.com\/www.24baires.com\/wp-content\/uploads\/2012\/11\/fm-88.5-300x199.jpg?resize=350%2C200","width":350,"height":200},"classes":[]},{"id":56856,"url":"https:\/\/www.24baires.com\/?p=56856","url_meta":{"origin":25208,"position":2},"title":"Inauguraron una obra de energ\u00eda el\u00e9ctrica en Suipacha","author":"AF","date":"10\/11\/2014","format":false,"excerpt":"El secretario de Servicios P\u00fablicos, Franco La Porta, junto al intendente local, Juan Antonio Delfino, inauguraron en la ciudad de Suipacha, una obra de energ\u00eda el\u00e9ctrica que aument\u00f3 en un 100 por ciento la capacidad instalada, lo que permitir\u00e1 mejorar el servicio domiciliario y de las empresas radicadas en la\u2026","rel":"","context":"En \u00abLocales\u00bb","block_context":{"text":"Locales","link":"https:\/\/www.24baires.com\/?cat=38"},"img":{"alt_text":"","src":"","width":0,"height":0},"classes":[]},{"id":96177,"url":"https:\/\/www.24baires.com\/?p=96177","url_meta":{"origin":25208,"position":3},"title":"Piden que el Tren Sarmiento vuelva a circular entre Once y Chivilcoy","author":"Grupo Sierra","date":"25\/07\/2017","format":false,"excerpt":"Todos los bloques pol\u00edticos de Chivilcoy dieron su apoyo a un proyecto impulsado por el gremio ferroviario \u201cLa Fraternidad\u201d para recuperar el servicio entre Once y Chivilcoy que fue interrumpido en agosto de 2015, siendo recortado a un solo tren semanal. En la ma\u00f1ana de ayer, el intendente municipal Guillermo\u2026","rel":"","context":"En \u00abLocales\u00bb","block_context":{"text":"Locales","link":"https:\/\/www.24baires.com\/?cat=38"},"img":{"alt_text":"En Chivilcoy reclaman la vuelta del Tren Sarmiento desde Once","src":"https:\/\/i0.wp.com\/todoprovincial.com\/wp-content\/uploads\/2017\/07\/tren-1200x762_c.jpg?resize=350%2C200","width":350,"height":200,"srcset":"https:\/\/i0.wp.com\/todoprovincial.com\/wp-content\/uploads\/2017\/07\/tren-1200x762_c.jpg?resize=350%2C200 1x, https:\/\/i0.wp.com\/todoprovincial.com\/wp-content\/uploads\/2017\/07\/tren-1200x762_c.jpg?resize=525%2C300 1.5x"},"classes":[]},{"id":56878,"url":"https:\/\/www.24baires.com\/?p=56878","url_meta":{"origin":25208,"position":4},"title":"Provincia ampli\u00f3 la potencia el\u00e9ctrica de Suipacha","author":"GB","date":"10\/11\/2014","format":false,"excerpt":"La Secretar\u00eda de Servicios P\u00fablicos bonaerense, a cargo de Franco La Porta, inaugur\u00f3 la ampliaci\u00f3n de la Estaci\u00f3n Transformadora. La Porta estuvo con el Intendente, Antonio Delfino, que celebr\u00f3 la iniciativa y se las jug\u00f3 por Daniel Scioli en la carrera a 2015. El secretario de Servicios P\u00fablicos bonaerense, Franco\u2026","rel":"","context":"En \u00abLocales\u00bb","block_context":{"text":"Locales","link":"https:\/\/www.24baires.com\/?cat=38"},"img":{"alt_text":"","src":"","width":0,"height":0},"classes":[]},{"id":8315,"url":"https:\/\/www.24baires.com\/?p=8315","url_meta":{"origin":25208,"position":5},"title":"Proponen la creaci\u00f3n de una \u00abtarifa social\u00bb para emisoras de radio y TV comunitarias","author":"Grupo Sierra","date":"07\/12\/2012","format":false,"excerpt":"Desde el Senado bonaerense, impulsan una iniciativa legislativa que promueve la creaci\u00f3n de una tarifa social de luz y gas para las radios y canales de televisi\u00f3n comunitarias, en territorio provincial, con el fin de \u201cfortalecer la pluralidad de voces y la diversidad de identidades\u201d. La iniciativa que fue presentada\u2026","rel":"","context":"En \u00abMedios\u00bb","block_context":{"text":"Medios","link":"https:\/\/www.24baires.com\/?cat=54"},"img":{"alt_text":"","src":"","width":0,"height":0},"classes":[]}],"jetpack_sharing_enabled":true,"jetpack_likes_enabled":true,"_links":{"self":[{"href":"https:\/\/www.24baires.com\/index.php?rest_route=\/wp\/v2\/posts\/25208","targetHints":{"allow":["GET"]}}],"collection":[{"href":"https:\/\/www.24baires.com\/index.php?rest_route=\/wp\/v2\/posts"}],"about":[{"href":"https:\/\/www.24baires.com\/index.php?rest_route=\/wp\/v2\/types\/post"}],"author":[{"embeddable":true,"href":"https:\/\/www.24baires.com\/index.php?rest_route=\/wp\/v2\/users\/4"}],"replies":[{"embeddable":true,"href":"https:\/\/www.24baires.com\/index.php?rest_route=%2Fwp%2Fv2%2Fcomments&post=25208"}],"version-history":[{"count":2,"href":"https:\/\/www.24baires.com\/index.php?rest_route=\/wp\/v2\/posts\/25208\/revisions"}],"predecessor-version":[{"id":25213,"href":"https:\/\/www.24baires.com\/index.php?rest_route=\/wp\/v2\/posts\/25208\/revisions\/25213"}],"wp:attachment":[{"href":"https:\/\/www.24baires.com\/index.php?rest_route=%2Fwp%2Fv2%2Fmedia&parent=25208"}],"wp:term":[{"taxonomy":"category","embeddable":true,"href":"https:\/\/www.24baires.com\/index.php?rest_route=%2Fwp%2Fv2%2Fcategories&post=25208"},{"taxonomy":"post_tag","embeddable":true,"href":"https:\/\/www.24baires.com\/index.php?rest_route=%2Fwp%2Fv2%2Ftags&post=25208"}],"curies":[{"name":"wp","href":"https:\/\/api.w.org\/{rel}","templated":true}]}}