{"id":24946,"date":"2013-06-02T21:10:14","date_gmt":"2013-06-03T00:10:14","guid":{"rendered":"http:\/\/www.24baires.com\/?p=24946"},"modified":"2013-06-03T00:18:58","modified_gmt":"2013-06-03T03:18:58","slug":"scioli-reacciona-a-las-criticas-del-kirchnerismo","status":"publish","type":"post","link":"https:\/\/www.24baires.com\/?p=24946","title":{"rendered":"Scioli reacciona a las cr\u00edticas del kirchnerismo"},"content":{"rendered":"<p style=\"text-align: center;\"><img data-recalc-dims=\"1\" loading=\"lazy\" decoding=\"async\" class=\"aligncenter  wp-image-16818\" alt=\"scioli tierras\" src=\"https:\/\/i0.wp.com\/www.24baires.com\/wp-content\/uploads\/2013\/02\/scioli-tierras.jpg?resize=560%2C360\" width=\"560\" height=\"360\" \/><\/p>\n<p>Cuando hay que explicar mucho algo, se puede terminar con m\u00e1s dudas que al principio, cuando los intentos de aclaraci\u00f3n aun no empezaban. Es como querer explicar un chiste y que despu\u00e9s de abundar en detalles siga teniendo el sentido y el impacto que no se consigui\u00f3 al inicio. Eso pasa con Daniel Scioli desde hace muchos a\u00f1os, tanto dentro de las filas oficialistas, como en p\u00fablico. Tiene que explicar permanentemente que es kirchnerista, pero sus actitudes no necesariamente lo colocan de ese lado. La misma presidenta lo ha se\u00f1alado directa e indirectamente, haciendo hincapi\u00e9 en su tibieza o su presunta neutralidad en algunos temas en los que, ocupando la gobernaci\u00f3n de la provincia m\u00e1s grande del pa\u00eds, no puede no emitir una opini\u00f3n.<!--more--><br \/>\nY a veces no opinar, mantenerse a raya de las peores disputas, las que est\u00e1n marcando la cancha pol\u00edtica d\u00eda tras d\u00eda, es opinar, de otra forma, claro, una bastante m\u00e1s anodina. Es un permanente intento por mantener el equilibrio, sin saber que la mejor forma de estar de pie, es establecerse con firmeza en alg\u00fan sitio.<br \/>\nEsta semana, durante un acto en Lomas de Zamora, donde el mismo Scioli estaba presente, Cristina Fern\u00e1ndez de Kirchner hizo referencias a su persona, sin nombrarlo. Ella acus\u00f3 a los que \u201cno ponen la cara\u201d o \u201cmiran para otro lado\u201d cuando la atacan, la agreden y la vituperan: tanto a ella, a N\u00e9stor Kirchner o al modelo pol\u00edtico y econ\u00f3mico que encarnan desde hace una d\u00e9cada.<br \/>\nAyer, en un acto en el convulsionado Tandil, el Gobernador dijo \u201cSoy previsible, confiable y responsable, el Daniel de siempre. Yo no cambi\u00e9, soy el mismo y sigo adelante con mi trabajo. Soy consecuente, no obsecuente\u201d.<br \/>\nEs imposible no notar para luego se\u00f1alar que si un kirchnerista debe salir a defenderse de las acusaciones de otros kirchneristas, cuanto menos tiene un problema.<br \/>\nAunque tambi\u00e9n, en las palabras de la Jefa de Estado, hubo algunos palitos para el intendente de Tigre, Sergio Massa, que emula a Scioli en su ambig\u00fcedad. Pero fue el ex motonauta quien se llev\u00f3 la peor parte, o quien se hizo cargo, al final. Estos tires y aflojes en el mismo espacio pol\u00edtico, en un a\u00f1o electoral, pueden terminar disparando para cualquier lado, en todas las acepciones de esos t\u00e9rminos. Aunque Scioli se llena la boca y habla de que no se va a ning\u00fan lado, siempre esperando heredar el capital pol\u00edtico de Cristina, desde adentro de la Rosada cada vez le ponen m\u00e1s el dedo en el rengl\u00f3n en p\u00fablico, esperando, quiz\u00e1, que la anticipada ruptura que nunca sucede, de una vez, se presente.<\/p>\n<p>&nbsp;<\/p>\n<p>&nbsp;<\/p>\n","protected":false},"excerpt":{"rendered":"<p>Cuando hay que explicar mucho algo, se puede terminar con m\u00e1s dudas que al principio, cuando los intentos de aclaraci\u00f3n aun no empezaban. Es como querer explicar un chiste y que despu\u00e9s de abundar en detalles siga teniendo el sentido y el impacto que no se consigui\u00f3 al inicio. Eso pasa con Daniel Scioli desde hace muchos a\u00f1os, tanto dentro [&#8230;]<\/p>\n","protected":false},"author":11,"featured_media":0,"comment_status":"open","ping_status":"open","sticky":false,"template":"","format":"standard","meta":{"_jetpack_newsletter_access":"","_jetpack_dont_email_post_to_subs":false,"_jetpack_newsletter_tier_id":0,"_jetpack_memberships_contains_paywalled_content":false,"_jetpack_memberships_contains_paid_content":false,"footnotes":""},"categories":[64],"tags":[],"class_list":["post-24946","post","type-post","status-publish","format-standard","hentry","category-opinion"],"jetpack_featured_media_url":"","jetpack_shortlink":"https:\/\/wp.me\/p2JWE0-6um","jetpack-related-posts":[{"id":108387,"url":"https:\/\/www.24baires.com\/?p=108387","url_meta":{"origin":24946,"position":0},"title":"Scioli ratific\u00f3 su candidatura presidencial","author":"GB","date":"25\/05\/2019","format":false,"excerpt":"El exgobernador de la Provincia de Buenos Aires particip\u00f3 del Congreso Educativo de Ajedrez que se realiz\u00f3 en la ciudad balnearia y manifest\u00f3 sus deseos de ser el primer mandatario del pa\u00eds despu\u00e9s del 10 de diciembre, sin embargo aclar\u00f3: \u201cVer\u00e9 como peronista en qu\u00e9 lugar puedo hacer mi mayor\u2026","rel":"","context":"En \u00abPol\u00edtica\u00bb","block_context":{"text":"Pol\u00edtica","link":"https:\/\/www.24baires.com\/?cat=51"},"img":{"alt_text":"","src":"https:\/\/i0.wp.com\/www.24baires.com\/wp-content\/uploads\/2019\/05\/scioli-mar-del.jpg?resize=350%2C200","width":350,"height":200,"srcset":"https:\/\/i0.wp.com\/www.24baires.com\/wp-content\/uploads\/2019\/05\/scioli-mar-del.jpg?resize=350%2C200 1x, https:\/\/i0.wp.com\/www.24baires.com\/wp-content\/uploads\/2019\/05\/scioli-mar-del.jpg?resize=525%2C300 1.5x"},"classes":[]},{"id":102620,"url":"https:\/\/www.24baires.com\/?p=102620","url_meta":{"origin":24946,"position":1},"title":"Agust\u00edn Rossi critic\u00f3 el acuerdo con el FMI y dijo que fue \u00abun error de Macri\u00bb","author":"AF","date":"08\/06\/2018","format":false,"excerpt":"El diputado explic\u00f3 antes de ingresar Congreso Peron\u00edsta en Ferro : \"nos va a generar much\u00edsimo dolor al conjunto de los argentinos, ning\u00fan pa\u00eds del mundo celebra un acuerdo con el FMI\". El diputado Agust\u00edn Rossi critic\u00f3 el acuerdo con el FMI y dijo que fue \"un error\" de Macri:\u2026","rel":"","context":"En \u00abPol\u00edtica\u00bb","block_context":{"text":"Pol\u00edtica","link":"https:\/\/www.24baires.com\/?cat=51"},"img":{"alt_text":"","src":"https:\/\/i0.wp.com\/www.24baires.com\/wp-content\/uploads\/2015\/02\/rossi1.jpg?resize=350%2C200","width":350,"height":200,"srcset":"https:\/\/i0.wp.com\/www.24baires.com\/wp-content\/uploads\/2015\/02\/rossi1.jpg?resize=350%2C200 1x, https:\/\/i0.wp.com\/www.24baires.com\/wp-content\/uploads\/2015\/02\/rossi1.jpg?resize=525%2C300 1.5x"},"classes":[]},{"id":108334,"url":"https:\/\/www.24baires.com\/?p=108334","url_meta":{"origin":24946,"position":2},"title":"Lavagna: \u00abNi Cristina ni cambiemos\u00bb","author":"AF","date":"22\/05\/2019","format":false,"excerpt":"\"Recibimos a los radicales que no se sientan representados por el PRO\", sostuvo por C5N el candidato presidencial por Consenso 19, quien remarc\u00f3 que el kirchnerismo \"no puede recibir nada de nosotros\". El ex ministro de Econom\u00eda Roberto Lavagna ratific\u00f3 este mi\u00e9rcoles por la tarde su precandidatura presidencial por Consenso\u2026","rel":"","context":"En \u00abPol\u00edtica\u00bb","block_context":{"text":"Pol\u00edtica","link":"https:\/\/www.24baires.com\/?cat=51"},"img":{"alt_text":"","src":"https:\/\/i0.wp.com\/www.24baires.com\/wp-content\/uploads\/2013\/12\/lavagna-solo.jpg?resize=350%2C200","width":350,"height":200,"srcset":"https:\/\/i0.wp.com\/www.24baires.com\/wp-content\/uploads\/2013\/12\/lavagna-solo.jpg?resize=350%2C200 1x, https:\/\/i0.wp.com\/www.24baires.com\/wp-content\/uploads\/2013\/12\/lavagna-solo.jpg?resize=525%2C300 1.5x"},"classes":[]},{"id":120181,"url":"https:\/\/www.24baires.com\/?p=120181","url_meta":{"origin":24946,"position":3},"title":"El Frente de Todos pasa a llamarse \u00abUni\u00f3n por la Patria\u00bb","author":"AF","date":"14\/06\/2023","format":false,"excerpt":"Los distintos sectores que componen el frente oficialista mantienen reuniones para definir, entre otras cosas, la constituci\u00f3n de su junta partidaria y el reglamento electoral que fijar\u00e1 pisos y porcentajes para la integraci\u00f3n de listas. El Frente de Todos (FdT) se llamar\u00e1 Uni\u00f3n por la Patria (UxP) en las pr\u00f3ximas\u2026","rel":"","context":"En \u00abPol\u00edtica\u00bb","block_context":{"text":"Pol\u00edtica","link":"https:\/\/www.24baires.com\/?cat=51"},"img":{"alt_text":"","src":"https:\/\/i0.wp.com\/www.24baires.com\/wp-content\/uploads\/2023\/06\/cfk-25-5.png?resize=350%2C200","width":350,"height":200,"srcset":"https:\/\/i0.wp.com\/www.24baires.com\/wp-content\/uploads\/2023\/06\/cfk-25-5.png?resize=350%2C200 1x, https:\/\/i0.wp.com\/www.24baires.com\/wp-content\/uploads\/2023\/06\/cfk-25-5.png?resize=525%2C300 1.5x, https:\/\/i0.wp.com\/www.24baires.com\/wp-content\/uploads\/2023\/06\/cfk-25-5.png?resize=700%2C400 2x"},"classes":[]},{"id":119049,"url":"https:\/\/www.24baires.com\/?p=119049","url_meta":{"origin":24946,"position":4},"title":"Silvina Batakis es la nueva Ministra de Econom\u00eda","author":"GB","date":"04\/07\/2022","format":false,"excerpt":"Tras largas horas de negociaciones, el presidente Alberto Fern\u00e1ndez design\u00f3 a Batakis en reemplazo de Mart\u00edn Guzm\u00e1n La nueva ministra de Econom\u00eda ser\u00e1 Silvina Batakis confirmaron este domingo fuentes oficiales, luego de intensas negociaciones de los diferentes espacios que integran el Frente de Todos (FdT) en el marco de cambios\u2026","rel":"","context":"En \u00abEconom\u00eda\u00bb","block_context":{"text":"Econom\u00eda","link":"https:\/\/www.24baires.com\/?cat=45"},"img":{"alt_text":"","src":"https:\/\/i0.wp.com\/www.24baires.com\/wp-content\/uploads\/2022\/07\/batakis.jpg?resize=350%2C200","width":350,"height":200,"srcset":"https:\/\/i0.wp.com\/www.24baires.com\/wp-content\/uploads\/2022\/07\/batakis.jpg?resize=350%2C200 1x, https:\/\/i0.wp.com\/www.24baires.com\/wp-content\/uploads\/2022\/07\/batakis.jpg?resize=525%2C300 1.5x, https:\/\/i0.wp.com\/www.24baires.com\/wp-content\/uploads\/2022\/07\/batakis.jpg?resize=700%2C400 2x"},"classes":[]},{"id":68509,"url":"https:\/\/www.24baires.com\/?p=68509","url_meta":{"origin":24946,"position":5},"title":"\u00abEl kirchnerismo es una experiencia que nos cambi\u00f3 a todos los argentinos\u00bb","author":"GB","date":"02\/07\/2015","format":false,"excerpt":"El precandidato a vicegobernador de la provincia de Buenos Aires por el FpV explic\u00f3 que en las caracter\u00edsticas del espacio est\u00e1n las respuestas a c\u00f3mo super\u00f3 las diferencias que a\u00fan mantiene con algunos dirigentes del Partido Justicialista. En su despacho en la sede de la Autoridad Federal de Servicios de\u2026","rel":"","context":"En \u00abPol\u00edtica\u00bb","block_context":{"text":"Pol\u00edtica","link":"https:\/\/www.24baires.com\/?cat=51"},"img":{"alt_text":"sabbatella mendoza","src":"https:\/\/i0.wp.com\/www.24baires.com\/wp-content\/uploads\/2012\/11\/sabbatella-mendoza.jpg?resize=350%2C200","width":350,"height":200,"srcset":"https:\/\/i0.wp.com\/www.24baires.com\/wp-content\/uploads\/2012\/11\/sabbatella-mendoza.jpg?resize=350%2C200 1x, https:\/\/i0.wp.com\/www.24baires.com\/wp-content\/uploads\/2012\/11\/sabbatella-mendoza.jpg?resize=525%2C300 1.5x"},"classes":[]}],"jetpack_sharing_enabled":true,"jetpack_likes_enabled":true,"_links":{"self":[{"href":"https:\/\/www.24baires.com\/index.php?rest_route=\/wp\/v2\/posts\/24946","targetHints":{"allow":["GET"]}}],"collection":[{"href":"https:\/\/www.24baires.com\/index.php?rest_route=\/wp\/v2\/posts"}],"about":[{"href":"https:\/\/www.24baires.com\/index.php?rest_route=\/wp\/v2\/types\/post"}],"author":[{"embeddable":true,"href":"https:\/\/www.24baires.com\/index.php?rest_route=\/wp\/v2\/users\/11"}],"replies":[{"embeddable":true,"href":"https:\/\/www.24baires.com\/index.php?rest_route=%2Fwp%2Fv2%2Fcomments&post=24946"}],"version-history":[{"count":3,"href":"https:\/\/www.24baires.com\/index.php?rest_route=\/wp\/v2\/posts\/24946\/revisions"}],"predecessor-version":[{"id":24949,"href":"https:\/\/www.24baires.com\/index.php?rest_route=\/wp\/v2\/posts\/24946\/revisions\/24949"}],"wp:attachment":[{"href":"https:\/\/www.24baires.com\/index.php?rest_route=%2Fwp%2Fv2%2Fmedia&parent=24946"}],"wp:term":[{"taxonomy":"category","embeddable":true,"href":"https:\/\/www.24baires.com\/index.php?rest_route=%2Fwp%2Fv2%2Fcategories&post=24946"},{"taxonomy":"post_tag","embeddable":true,"href":"https:\/\/www.24baires.com\/index.php?rest_route=%2Fwp%2Fv2%2Ftags&post=24946"}],"curies":[{"name":"wp","href":"https:\/\/api.w.org\/{rel}","templated":true}]}}