{"id":2478,"date":"2012-10-17T23:49:25","date_gmt":"2012-10-18T02:49:25","guid":{"rendered":"http:\/\/www.24baires.com\/?p=2478"},"modified":"2012-10-18T10:54:45","modified_gmt":"2012-10-18T13:54:45","slug":"media-sancion-del-senado-de-la-nacion-al-voto-joven","status":"publish","type":"post","link":"https:\/\/www.24baires.com\/?p=2478","title":{"rendered":"Media sanci\u00f3n del Senado de la Naci\u00f3n al voto joven"},"content":{"rendered":"<p>La C\u00e1mara alta aprob\u00f3, con una amplia mayor\u00eda de 52 votos a favor y s\u00f3lo tres en contra, el proyecto de ley que habilita el voto de los j\u00f3venes a partir de los 16 a\u00f1os para los comicios nacionales.<!--more--><\/p>\n<p>La iniciativa impulsada por los senadores An\u00edbal Fern\u00e1ndez y Elena Mercedes Corregido, del oficialista Frente para la Victoria, recibi\u00f3 un amplio respaldo de la mayor\u00eda de las bancadas que integran la C\u00e1mara alta.<br \/>\nTras la votaci\u00f3n en general, en el debate en particular el oficialismo acept\u00f3 algunas modificaciones solicitadas por la oposici\u00f3n y todos los art\u00edculos fueron refrendados por amplia mayor\u00eda.<br \/>\nEl jefe del bloque del Frente para la Victoria, Miguel Angel Pichetto, dijo que \u0093este es un gran proyecto que como todos los que hemos encarado desde 2003, ampl\u00eda la participaci\u00f3n de derechos\u0094.<br \/>\nLuego, Pichetto se refiri\u00f3 al radicalismo porque, si bien en la votaci\u00f3n de este mi\u00e9rcoles apoy\u00f3 el proyecto, en un principio se hab\u00eda puesto en contra de la iniciativa.<br \/>\n\u0093No me imagino a los dirigentes radicales yendo a una reuni\u00f3n con Franja Morada habiendo votado en contra de esta ley\u0094, se\u00f1al\u00f3.<br \/>\nEl senador rionegrino dijo que \u0093este es un gran avance\u0094 y que \u0093los j\u00f3venes de 16 a\u00f1os est\u00e1n preparados para definir su destino y el futuro, comprenden la realidad que vive el pa\u00eds y no hay que subestimarlos\u0094.<br \/>\nA su turno, An\u00edbal Fern\u00e1ndez puntualiz\u00f3 que los j\u00f3venes \u0093lo que demandan es m\u00e1s participaci\u00f3n\u0094 y record\u00f3 que \u0093a los argentinos de 16 y 17 a\u00f1os se les viene dando algunas responsabilidades: son imputables ante la Ley y, si tienen autorizaci\u00f3n de los padres, pueden trabajar\u0094.<br \/>\n\u0093Los j\u00f3venes de mi partido hicieron brillar esta propuesta, y lo mismo hicieron los j\u00f3venes del radicalismo\u0094, record\u00f3 el senador en referencia a las audiencias p\u00fablicas que se desarrollaron en la C\u00e1mara alta.<br \/>\nFern\u00e1ndez remarc\u00f3 que le place \u0093ver a los pibes plantarse ante los senadores para decirles las cosas en la cara\u0094, y sentenci\u00f3: \u0093generemos m\u00e1s participaci\u00f3n que nos va a ir b\u00e1rbaro\u0094.<br \/>\nEn otro orden, el coautor de la iniciativa record\u00f3 que el director nacional Electoral, Alejandro Tullio, estim\u00f3 que \u0093los pibes que estar\u00e1n habilitados para votar ser\u00e1n de m\u00e1s o menos un mill\u00f3n cuatrocientos mil\u0094.<br \/>\nPor su parte, hicieron p\u00fablica su postura en contra de la iniciativa los radicales catamarque\u00f1os Blanca Monllau y Oscar Castillo; y el representante del Partido Renovador Salte\u00f1o, Agust\u00edn P\u00e9rez Alsina.<br \/>\nEn tanto que los cordobeses Luis Juez y Norma Morandini, del Frente C\u00edvico y Social, se abstuvieron.<br \/>\nLa justicialista disidente de Salta, Sonia Escudero, anunci\u00f3 su apoyo a la medida argumentando que \u0093estamos convencidos de que esta es una buena iniciativa\u0094.<br \/>\nEscudero tambi\u00e9n dijo que la incidencia de los j\u00f3venes de 16 y 17 a\u00f1os en el padr\u00f3n rodea el 5 por ciento, que es de un 2,5 en la Ciudad de Buenos Aires y que los mayores \u00edndices se dan en el norte del pa\u00eds.<br \/>\n\u0093Dicen que los j\u00f3venes son manipulables. Sin embargo, tienen mayor capacidad de pensamiento abstracto y creativo\u0094, indic\u00f3.<br \/>\nEl proyecto de voto joven establece que \u0093los argentinos que hubiesen cumplido la edad de 16 a\u00f1os gozan de todos los derechos pol\u00edticos, conforme a la Constituci\u00f3n y a las leyes de la Rep\u00fablica\u0094.<br \/>\nLa norma tambi\u00e9n introduce una novedad y es que la actualizaci\u00f3n del documento nacional de identidad de los menores que hasta la sanci\u00f3n de esta iniciativa se realizaba a los 16, ahora deber\u00e1 realizarse a los 14.<br \/>\nEn ese sentido, se acept\u00f3 un art\u00edculo provisorio para permitir a los menores que el a\u00f1o pr\u00f3ximo tendr\u00e1n 16 a\u00f1os, renueven cuanto antes su documento nacional de identidad para estar en condiciones de sufragar.<\/p>\n","protected":false},"excerpt":{"rendered":"<p>La C\u00e1mara alta aprob\u00f3, con una amplia mayor\u00eda de 52 votos a favor y s\u00f3lo tres en contra, el proyecto de ley que habilita el voto de los j\u00f3venes a partir de los 16 a\u00f1os para los comicios nacionales.<\/p>\n","protected":false},"author":11,"featured_media":0,"comment_status":"open","ping_status":"open","sticky":false,"template":"","format":"standard","meta":{"_jetpack_newsletter_access":"","_jetpack_dont_email_post_to_subs":false,"_jetpack_newsletter_tier_id":0,"_jetpack_memberships_contains_paywalled_content":false,"_jetpack_memberships_contains_paid_content":false,"footnotes":""},"categories":[51],"tags":[],"class_list":["post-2478","post","type-post","status-publish","format-standard","hentry","category-politica"],"jetpack_featured_media_url":"","jetpack_shortlink":"https:\/\/wp.me\/p2JWE0-DY","jetpack-related-posts":[{"id":22717,"url":"https:\/\/www.24baires.com\/?p=22717","url_meta":{"origin":2478,"position":0},"title":"El FpV tiene los votos para sancionar en el Senado la reforma a la Magistratura","author":"Grupo Sierra","date":"05\/05\/2013","format":false,"excerpt":"La bancada que lidera el rionegrino Miguel Pichetto no tendr\u00eda inconvenientes para conseguir nuevamente las 39 adhesiones con las que aprob\u00f3 el proyecto, que volvi\u00f3 a la C\u00e1mara alta por las modificaciones que realiz\u00f3 Diputados. Conozca los legisladores que dar\u00e1n luz verde a la iniciativa. El bloque del Frente para\u2026","rel":"","context":"En \u00abPol\u00edtica\u00bb","block_context":{"text":"Pol\u00edtica","link":"https:\/\/www.24baires.com\/?cat=51"},"img":{"alt_text":"cautelares senado","src":"https:\/\/i0.wp.com\/www.24baires.com\/wp-content\/uploads\/2013\/04\/cautelares-senado.jpg?resize=350%2C200","width":350,"height":200,"srcset":"https:\/\/i0.wp.com\/www.24baires.com\/wp-content\/uploads\/2013\/04\/cautelares-senado.jpg?resize=350%2C200 1x, https:\/\/i0.wp.com\/www.24baires.com\/wp-content\/uploads\/2013\/04\/cautelares-senado.jpg?resize=525%2C300 1.5x"},"classes":[]},{"id":108601,"url":"https:\/\/www.24baires.com\/?p=108601","url_meta":{"origin":2478,"position":1},"title":"Pichetto reconoci\u00f3 la desintegraci\u00f3n de Alternativa Federal","author":"GB","date":"06\/06\/2019","format":false,"excerpt":"Mientras Lavagna confirm\u00f3 que ir\u00e1 como candidato en soledad con Consenso 19, Pichetto sugiri\u00f3 que Massa jugar\u00eda dentro del frente que integran el PJ y Unidad Ciudadana. El escenario pol\u00edtico se polariza cada vez m\u00e1s. A d\u00edas del fin del plazo para la inscripci\u00f3n de frente pol\u00edticos el mapa electoral\u2026","rel":"","context":"En \u00abPol\u00edtica\u00bb","block_context":{"text":"Pol\u00edtica","link":"https:\/\/www.24baires.com\/?cat=51"},"img":{"alt_text":"","src":"https:\/\/i0.wp.com\/www.24baires.com\/wp-content\/uploads\/2019\/05\/alternativa-federal.jpg?resize=350%2C200","width":350,"height":200,"srcset":"https:\/\/i0.wp.com\/www.24baires.com\/wp-content\/uploads\/2019\/05\/alternativa-federal.jpg?resize=350%2C200 1x, https:\/\/i0.wp.com\/www.24baires.com\/wp-content\/uploads\/2019\/05\/alternativa-federal.jpg?resize=525%2C300 1.5x"},"classes":[]},{"id":76337,"url":"https:\/\/www.24baires.com\/?p=76337","url_meta":{"origin":2478,"position":2},"title":"Comienza la disputa por las comisiones en la C\u00e1mara de Senadores","author":"AF","date":"13\/12\/2015","format":false,"excerpt":"Cambiemos y el FpV comenzar\u00e1n a discutir el reparto de las comisiones que componen la C\u00e1mara alta, en la que el peronismo kirchnerista posee una amplia mayor\u00eda que sobrepasa el qu\u00f3rum propio. Las reuniones entre el macrismo y la bancada encabezada por el rionegrino Miguel \u00c1ngel Pichetto arrancar\u00e1n la semana\u2026","rel":"","context":"En \u00abPol\u00edtica\u00bb","block_context":{"text":"Pol\u00edtica","link":"https:\/\/www.24baires.com\/?cat=51"},"img":{"alt_text":"","src":"","width":0,"height":0},"classes":[]},{"id":105437,"url":"https:\/\/www.24baires.com\/?p=105437","url_meta":{"origin":2478,"position":3},"title":"Cambiemos conf\u00eda que el presupuesto se convertir\u00e1 en ley en el Senado","author":"GB","date":"14\/11\/2018","format":false,"excerpt":"Pese a la fractura en el bloque de Miguel Pichetto que funcionaba como aliado trascendental en las votaciones de la C\u00e1mara Alta, el oficialismo conf\u00eda en que podr\u00e1 darle la restante media sanci\u00f3n al presupuesto de ajuste consensuado con el FMI y que ya cuenta con media sanci\u00f3n en Diputados.\u2026","rel":"","context":"En \u00abEconom\u00eda\u00bb","block_context":{"text":"Econom\u00eda","link":"https:\/\/www.24baires.com\/?cat=45"},"img":{"alt_text":"","src":"https:\/\/i0.wp.com\/www.24baires.com\/wp-content\/uploads\/2018\/08\/senado.jpg?resize=350%2C200","width":350,"height":200,"srcset":"https:\/\/i0.wp.com\/www.24baires.com\/wp-content\/uploads\/2018\/08\/senado.jpg?resize=350%2C200 1x, https:\/\/i0.wp.com\/www.24baires.com\/wp-content\/uploads\/2018\/08\/senado.jpg?resize=525%2C300 1.5x"},"classes":[]},{"id":80699,"url":"https:\/\/www.24baires.com\/?p=80699","url_meta":{"origin":2478,"position":4},"title":"Pichetto votar\u00e1 a favor del pago a buitres: \u00abN\u00e9stor les hubiera pagado\u00bb","author":"AF","date":"29\/03\/2016","format":false,"excerpt":"Miguel \u00c1ngel Pichetto, el jefe del bloque del FPV en el Senado, dijo que \"es lo mejor para el pa\u00eds\" y adelant\u00f3 que habr\u00e1 \"un porcentaje importante de senadores que apoyar\u00e1n esta medida\". \"Hemos perdido, ahora hay que resolverlo\", sentenci\u00f3. El jefe del bloque de senadores del Frente para la\u2026","rel":"","context":"En \u00abEconom\u00eda\u00bb","block_context":{"text":"Econom\u00eda","link":"https:\/\/www.24baires.com\/?cat=45"},"img":{"alt_text":"56e9c506df58d","src":"https:\/\/i0.wp.com\/www.24baires.com\/wp-content\/uploads\/2016\/03\/56e9c506df58d.jpg?resize=350%2C200","width":350,"height":200,"srcset":"https:\/\/i0.wp.com\/www.24baires.com\/wp-content\/uploads\/2016\/03\/56e9c506df58d.jpg?resize=350%2C200 1x, https:\/\/i0.wp.com\/www.24baires.com\/wp-content\/uploads\/2016\/03\/56e9c506df58d.jpg?resize=525%2C300 1.5x"},"classes":[]},{"id":102446,"url":"https:\/\/www.24baires.com\/?p=102446","url_meta":{"origin":2478,"position":5},"title":"El Senado busca congelar el tarifazo","author":"AF","date":"30\/05\/2018","format":false,"excerpt":"Bajo la sombra del anunciado veto del presidente Mauricio Macri, los senadores debaten el proyecto opositor que busca congelar los aumentos tarifarios en los servicios p\u00fablicos y retrotraer las facturas a noviembre de 2017. El interbloque Argentina Federal ya confirm\u00f3 que votar\u00e1 la iniciativa consensuada por la mayor\u00eda de la\u2026","rel":"","context":"En \u00abPol\u00edtica\u00bb","block_context":{"text":"Pol\u00edtica","link":"https:\/\/www.24baires.com\/?cat=51"},"img":{"alt_text":"","src":"https:\/\/i0.wp.com\/www.24baires.com\/wp-content\/uploads\/2016\/08\/contra-tarifazo.jpg?resize=350%2C200","width":350,"height":200,"srcset":"https:\/\/i0.wp.com\/www.24baires.com\/wp-content\/uploads\/2016\/08\/contra-tarifazo.jpg?resize=350%2C200 1x, https:\/\/i0.wp.com\/www.24baires.com\/wp-content\/uploads\/2016\/08\/contra-tarifazo.jpg?resize=525%2C300 1.5x"},"classes":[]}],"jetpack_sharing_enabled":true,"jetpack_likes_enabled":true,"_links":{"self":[{"href":"https:\/\/www.24baires.com\/index.php?rest_route=\/wp\/v2\/posts\/2478","targetHints":{"allow":["GET"]}}],"collection":[{"href":"https:\/\/www.24baires.com\/index.php?rest_route=\/wp\/v2\/posts"}],"about":[{"href":"https:\/\/www.24baires.com\/index.php?rest_route=\/wp\/v2\/types\/post"}],"author":[{"embeddable":true,"href":"https:\/\/www.24baires.com\/index.php?rest_route=\/wp\/v2\/users\/11"}],"replies":[{"embeddable":true,"href":"https:\/\/www.24baires.com\/index.php?rest_route=%2Fwp%2Fv2%2Fcomments&post=2478"}],"version-history":[{"count":0,"href":"https:\/\/www.24baires.com\/index.php?rest_route=\/wp\/v2\/posts\/2478\/revisions"}],"wp:attachment":[{"href":"https:\/\/www.24baires.com\/index.php?rest_route=%2Fwp%2Fv2%2Fmedia&parent=2478"}],"wp:term":[{"taxonomy":"category","embeddable":true,"href":"https:\/\/www.24baires.com\/index.php?rest_route=%2Fwp%2Fv2%2Fcategories&post=2478"},{"taxonomy":"post_tag","embeddable":true,"href":"https:\/\/www.24baires.com\/index.php?rest_route=%2Fwp%2Fv2%2Ftags&post=2478"}],"curies":[{"name":"wp","href":"https:\/\/api.w.org\/{rel}","templated":true}]}}