{"id":2472,"date":"2012-10-17T22:28:42","date_gmt":"2012-10-18T01:28:42","guid":{"rendered":"http:\/\/www.24baires.com\/?p=2472"},"modified":"2012-10-17T22:35:15","modified_gmt":"2012-10-18T01:35:15","slug":"lula-da-silva-comparto-muchos-ideales-y-una-larga-amistad-con-cristina","status":"publish","type":"post","link":"https:\/\/www.24baires.com\/?p=2472","title":{"rendered":"Lula da Silva: \u00abComparto muchos ideales y una larga amistad con Cristina\u00bb"},"content":{"rendered":"<p><img data-recalc-dims=\"1\" loading=\"lazy\" decoding=\"async\" class=\"alignleft size-medium wp-image-2473\" title=\"lulaidea\" src=\"https:\/\/i0.wp.com\/www.24baires.com\/wp-content\/uploads\/2012\/10\/lulaidea.jpg?resize=300%2C179\" alt=\"\" width=\"300\" height=\"179\" srcset=\"https:\/\/i0.wp.com\/www.24baires.com\/wp-content\/uploads\/2012\/10\/lulaidea.jpg?resize=300%2C179&amp;ssl=1 300w, https:\/\/i0.wp.com\/www.24baires.com\/wp-content\/uploads\/2012\/10\/lulaidea.jpg?w=560&amp;ssl=1 560w\" sizes=\"auto, (max-width: 300px) 100vw, 300px\" \/><strong>MAR DEL PLATA &#8211;<\/strong> El ex presidente de Brasil destac\u00f3 esta noche la relaci\u00f3n que existe entre su pa\u00eds y la Argentina y dijo que con la presidenta Cristina Fern\u00e1ndez de Kirchner \u00abcomparto muchos ideales y una larga amistad\u00bb.<!--more--><br \/>\nLuiz Inacio \u00abLula\u00bb da Silva consider\u00f3 que la actual crisis internacional \u00abnaci\u00f3 en el coraz\u00f3n del mundo desarrollado\u00bb, y dijo que, en gran medida, \u00abfue provocada por la falta de regulaci\u00f3n financiera en los pa\u00edses m\u00e1s ricos\u00bb<br \/>\nAl participar en Mar del Plata de la jornada inaugural del Coloquio de IDEA, el record\u00f3 que en 2002, luego de que fuera electo presidente de Brasil, \u00abArgentina fue el primer pa\u00eds que visit\u00e9\u00bb y que hoy vuelve a ser \u00abel primero de Am\u00e9rica del Sur despu\u00e9s de mi tratamiento contra el c\u00e1ncer\u00bb.<\/p>\n","protected":false},"excerpt":{"rendered":"<p>MAR DEL PLATA &#8211; El ex presidente de Brasil destac\u00f3 esta noche la relaci\u00f3n que existe entre su pa\u00eds y la Argentina y dijo que con la presidenta Cristina Fern\u00e1ndez de Kirchner \u00abcomparto muchos ideales y una larga amistad\u00bb.<\/p>\n","protected":false},"author":4,"featured_media":0,"comment_status":"open","ping_status":"open","sticky":false,"template":"","format":"standard","meta":{"_jetpack_newsletter_access":"","_jetpack_dont_email_post_to_subs":false,"_jetpack_newsletter_tier_id":0,"_jetpack_memberships_contains_paywalled_content":false,"_jetpack_memberships_contains_paid_content":false,"footnotes":""},"categories":[1],"tags":[],"class_list":["post-2472","post","type-post","status-publish","format-standard","hentry","category-sociedad"],"jetpack_featured_media_url":"","jetpack_shortlink":"https:\/\/wp.me\/p2JWE0-DS","jetpack-related-posts":[{"id":119706,"url":"https:\/\/www.24baires.com\/?p=119706","url_meta":{"origin":2472,"position":0},"title":"Un juez antiderechos de Mar del Plata festej\u00f3 el intento de golpe en Brasil","author":"AF","date":"09\/01\/2023","format":false,"excerpt":"A contramano de la ecuanimidad y la prudencia que deben tener los funcionarios judiciales a la hora de expresarse p\u00fablicamente, un juez federal argentino, conocido por sus fallos mis\u00f3ginos y antiderechos, aval\u00f3 el intento de golpe de Estado en Brasil y calific\u00f3 de \u201ccomunista y ladr\u00f3n\u201d al presidente Luiz Inacio\u2026","rel":"","context":"En \u00abSociedad\u00bb","block_context":{"text":"Sociedad","link":"https:\/\/www.24baires.com\/?cat=1"},"img":{"alt_text":"","src":"https:\/\/i0.wp.com\/www.24baires.com\/wp-content\/uploads\/2023\/01\/lopez.jpeg?resize=350%2C200","width":350,"height":200,"srcset":"https:\/\/i0.wp.com\/www.24baires.com\/wp-content\/uploads\/2023\/01\/lopez.jpeg?resize=350%2C200 1x, https:\/\/i0.wp.com\/www.24baires.com\/wp-content\/uploads\/2023\/01\/lopez.jpeg?resize=525%2C300 1.5x, https:\/\/i0.wp.com\/www.24baires.com\/wp-content\/uploads\/2023\/01\/lopez.jpeg?resize=700%2C400 2x"},"classes":[]},{"id":117298,"url":"https:\/\/www.24baires.com\/?p=117298","url_meta":{"origin":2472,"position":1},"title":"Alberto a Lula: \u00abTe abrazo y espero poder hacerlo pronto en persona\u00bb","author":"AF","date":"11\/03\/2021","format":false,"excerpt":"El Presidente le envi\u00f3 un saludo al exmandatario brasilero, tras la anulaci\u00f3n de las causas en su contra por parte de la Justicia de su pa\u00eds. El presidente Alberto Fern\u00e1ndez envi\u00f3 un mensaje afectuoso este jueves al ex mandatario brasile\u00f1o Luis Inacio Lula Da Silva, despu\u00e9s de que recuperara sus\u2026","rel":"","context":"En \u00abPol\u00edtica\u00bb","block_context":{"text":"Pol\u00edtica","link":"https:\/\/www.24baires.com\/?cat=51"},"img":{"alt_text":"","src":"https:\/\/i0.wp.com\/www.24baires.com\/wp-content\/uploads\/2018\/04\/lula-da-silva.jpg?resize=350%2C200","width":350,"height":200,"srcset":"https:\/\/i0.wp.com\/www.24baires.com\/wp-content\/uploads\/2018\/04\/lula-da-silva.jpg?resize=350%2C200 1x, https:\/\/i0.wp.com\/www.24baires.com\/wp-content\/uploads\/2018\/04\/lula-da-silva.jpg?resize=525%2C300 1.5x"},"classes":[]},{"id":71705,"url":"https:\/\/www.24baires.com\/?p=71705","url_meta":{"origin":2472,"position":2},"title":"Lula da Silva: \u00abYo hincho para que Scioli gane las elecciones\u00bb","author":"GB","date":"06\/09\/2015","format":false,"excerpt":"El ex presidente de Brasil Luis In\u00e1cio \"Lula\" da Silva exterioriz\u00f3 sus deseos de que el candidato presidencial del Frente para la Victoria (FpV), Daniel Scioli, se imponga en las elecciones generales del pr\u00f3ximo 25 de octubre y justific\u00f3 su decisi\u00f3n porque quiere \"que gane alguien que quiera una buena\u2026","rel":"","context":"En \u00abElecciones 2015\u00bb","block_context":{"text":"Elecciones 2015","link":"https:\/\/www.24baires.com\/?cat=74"},"img":{"alt_text":"scioli lula","src":"https:\/\/i0.wp.com\/www.24baires.com\/wp-content\/uploads\/2015\/09\/scioli-lula.jpg?resize=350%2C200","width":350,"height":200,"srcset":"https:\/\/i0.wp.com\/www.24baires.com\/wp-content\/uploads\/2015\/09\/scioli-lula.jpg?resize=350%2C200 1x, https:\/\/i0.wp.com\/www.24baires.com\/wp-content\/uploads\/2015\/09\/scioli-lula.jpg?resize=525%2C300 1.5x"},"classes":[]},{"id":119744,"url":"https:\/\/www.24baires.com\/?p=119744","url_meta":{"origin":2472,"position":3},"title":"Fern\u00e1ndez pidi\u00f3 fortalecer \u00abla institucionalidad ante una derecha recalcitrante\u00bb","author":"AF","date":"24\/01\/2023","format":false,"excerpt":"\u201cLa oportunidad de unir a la regi\u00f3n es un imperativo\u201d, dijo el mandatario argentino al dar por iniciada la cumbre y advirti\u00f3 que \"la democracia est\u00e1 en peligro\" por una \"derecha recalcitrante y fascista\u201d. Por primera vez participan presidentes y representantes de los 33 pa\u00edses que integran la Celac. El\u2026","rel":"","context":"En \u00abPol\u00edtica\u00bb","block_context":{"text":"Pol\u00edtica","link":"https:\/\/www.24baires.com\/?cat=51"},"img":{"alt_text":"","src":"https:\/\/i0.wp.com\/www.24baires.com\/wp-content\/uploads\/2023\/01\/AF-LDS.jpeg?resize=350%2C200","width":350,"height":200,"srcset":"https:\/\/i0.wp.com\/www.24baires.com\/wp-content\/uploads\/2023\/01\/AF-LDS.jpeg?resize=350%2C200 1x, https:\/\/i0.wp.com\/www.24baires.com\/wp-content\/uploads\/2023\/01\/AF-LDS.jpeg?resize=525%2C300 1.5x, https:\/\/i0.wp.com\/www.24baires.com\/wp-content\/uploads\/2023\/01\/AF-LDS.jpeg?resize=700%2C400 2x"},"classes":[]},{"id":101409,"url":"https:\/\/www.24baires.com\/?p=101409","url_meta":{"origin":2472,"position":4},"title":"Brasil: con amenaza de golpe de Estado, se define si Lula va preso","author":"GB","date":"04\/04\/2018","format":false,"excerpt":"Los militares amenazaron con una intervenci\u00f3n militar. Desde las clases populares, con un levantamiento en armas. La Corte Suprema define el destino del pa\u00eds vecino. A horas de que el Supremo Tribunal Federal (STF), la Corte Suprema de Brasil, se expida sobre el posible encarcelamiento al ex presidente Luiz In\u00e1cio\u2026","rel":"","context":"En \u00abInternacionales\u00bb","block_context":{"text":"Internacionales","link":"https:\/\/www.24baires.com\/?cat=73"},"img":{"alt_text":"","src":"https:\/\/i0.wp.com\/www.24baires.com\/wp-content\/uploads\/2018\/04\/lula.jpg?resize=350%2C200","width":350,"height":200,"srcset":"https:\/\/i0.wp.com\/www.24baires.com\/wp-content\/uploads\/2018\/04\/lula.jpg?resize=350%2C200 1x, https:\/\/i0.wp.com\/www.24baires.com\/wp-content\/uploads\/2018\/04\/lula.jpg?resize=525%2C300 1.5x"},"classes":[]},{"id":120063,"url":"https:\/\/www.24baires.com\/?p=120063","url_meta":{"origin":2472,"position":5},"title":"\u201cHemos construido 104 mil viviendas y tenemos 140 mil m\u00e1s en construcci\u00f3n\u201d","author":"AF","date":"03\/05\/2023","format":false,"excerpt":"El Presidente encabez\u00f3 la entrega de viviendas en la localidad de Los Altos, donde record\u00f3 que \"ven\u00edamos de una \u00e9poca muy dif\u00edcil\" donde \"a lo largo de 4 a\u00f1os\" la gesti\u00f3n de Cambiemos entreg\u00f3 s\u00f3lo \"14 mil viviendas\", que \"en mayor parte\" hab\u00edan sido iniciadas por la administraci\u00f3n de Cristina\u2026","rel":"","context":"En \u00abPol\u00edtica\u00bb","block_context":{"text":"Pol\u00edtica","link":"https:\/\/www.24baires.com\/?cat=51"},"img":{"alt_text":"","src":"https:\/\/i0.wp.com\/www.24baires.com\/wp-content\/uploads\/2023\/05\/AF-vivienda.jpg?resize=350%2C200","width":350,"height":200,"srcset":"https:\/\/i0.wp.com\/www.24baires.com\/wp-content\/uploads\/2023\/05\/AF-vivienda.jpg?resize=350%2C200 1x, https:\/\/i0.wp.com\/www.24baires.com\/wp-content\/uploads\/2023\/05\/AF-vivienda.jpg?resize=525%2C300 1.5x, https:\/\/i0.wp.com\/www.24baires.com\/wp-content\/uploads\/2023\/05\/AF-vivienda.jpg?resize=700%2C400 2x"},"classes":[]}],"jetpack_sharing_enabled":true,"jetpack_likes_enabled":true,"_links":{"self":[{"href":"https:\/\/www.24baires.com\/index.php?rest_route=\/wp\/v2\/posts\/2472","targetHints":{"allow":["GET"]}}],"collection":[{"href":"https:\/\/www.24baires.com\/index.php?rest_route=\/wp\/v2\/posts"}],"about":[{"href":"https:\/\/www.24baires.com\/index.php?rest_route=\/wp\/v2\/types\/post"}],"author":[{"embeddable":true,"href":"https:\/\/www.24baires.com\/index.php?rest_route=\/wp\/v2\/users\/4"}],"replies":[{"embeddable":true,"href":"https:\/\/www.24baires.com\/index.php?rest_route=%2Fwp%2Fv2%2Fcomments&post=2472"}],"version-history":[{"count":0,"href":"https:\/\/www.24baires.com\/index.php?rest_route=\/wp\/v2\/posts\/2472\/revisions"}],"wp:attachment":[{"href":"https:\/\/www.24baires.com\/index.php?rest_route=%2Fwp%2Fv2%2Fmedia&parent=2472"}],"wp:term":[{"taxonomy":"category","embeddable":true,"href":"https:\/\/www.24baires.com\/index.php?rest_route=%2Fwp%2Fv2%2Fcategories&post=2472"},{"taxonomy":"post_tag","embeddable":true,"href":"https:\/\/www.24baires.com\/index.php?rest_route=%2Fwp%2Fv2%2Ftags&post=2472"}],"curies":[{"name":"wp","href":"https:\/\/api.w.org\/{rel}","templated":true}]}}