{"id":2470,"date":"2012-10-17T22:14:35","date_gmt":"2012-10-18T01:14:35","guid":{"rendered":"http:\/\/www.24baires.com\/?p=2470"},"modified":"2012-10-17T22:34:55","modified_gmt":"2012-10-18T01:34:55","slug":"cristina-este-gobierno-tiene-lealtad-con-los-intereses-del-pueblo","status":"publish","type":"post","link":"https:\/\/www.24baires.com\/?p=2470","title":{"rendered":"\u201cEste Gobierno tiene lealtad con los intereses del pueblo\u201d"},"content":{"rendered":"<p>La Presidenta sostuvo que \u00ablo que se logr\u00f3 hasta ahora es un piso y no un techo\u00bb y agreg\u00f3 que \u00abhay que institucionalizar\u00bb los avances. \u00abLa lealtad se tiene con dirigentes que la gente identifica como representantes de sus intereses. Cuando uno hace una cuadra de pavimentos no pregunta si hay radicales o peronistas\u00bb, sostuvo.<!--more--><\/p>\n<p>La presidenta Cristina Fern\u00e1ndez de Kirchner sostuvo que \u00abla lealtad se tiene cuando un dirigente representa los intereses del pueblo y de la patria\u00bb, en el contexto de un acto con intendentes del conurbano bonaerense por el d\u00eda de la Lealtad.<\/p>\n<p>\u00abEl concepto de lealtad fue distorsionado, como si fuese un verticalismo ciego\u00bb, y explic\u00f3 que \u00abla lealtad que la gente tuvo hacia Per\u00f3n y Evita es la lealtad a dirigentes que la gente identifica como defensores de sus propios intereses\u00bb y sostuvo.<\/p>\n<p>\u00abEste proyecto es para los 40 millones de argentinos y es plenamente de inclusi\u00f3n. Este modelo beneficia hasta los que no est\u00e1n de acuerdo con \u00e9l, eso diferencia con otros modelos que excluye a las mayor\u00edas\u00bb, afirm\u00f3.\u00a0\u00abLo que hemos logrado hasta ahora, no es el techo, es el piso, y no podemos hacernos garantes los peronistas, sino todos los partidos. Esto debe institucionalizarse.\u00bb<\/p>\n<p>En otro sentido, defendi\u00f3 la Asignaci\u00f3n Universal Por Hijo y critic\u00f3 a los que afirman \u00abque es un plan para vagos, cuando desde la Unesco se afirm\u00f3 que es un plan vital para la inclusi\u00f3n\u00bb.<\/p>\n<p>En relaci\u00f3n a la historia del peronismo, la mandataria destac\u00f3 que ese movimiento logr\u00f3 \u201cpermitir que los hijos de los obreros lleguemos a la universidad y adem\u00e1s a la presidencia; esa es la movilidad social ascendente que caracteriz\u00f3 al peronismo y molest\u00f3 a algunos (&#8230;) El peronismo se mide en los hechos, en las obras y en los compromisos. Y la verdad que este 17 de octubre es muy especial, nos encuentra en un mundo devastado\u00bb.<\/p>\n<p>\u201cLas mayor\u00edas siempre tienen alegr\u00eda\u201d, dijo adem\u00e1s, citando a Arturo Jaureche, y continu\u00f3: \u00abpor eso tienen odio las minor\u00edas que creen haber tenido privilegios, privilegios que no pierden porque, si uno observa, el crecimiento ha sido para todos, inclusive ha sido m\u00e1s fuerte para quienes m\u00e1s tienen\u00bb.<\/p>\n<p>\u201cLa lealtad es con los intereses del pueblo, irrestrictos. Estoy comprometida con esa historia\u00bb, puntualiz\u00f3 Cristina, que adem\u00e1s destac\u00f3 que existe lo que llam\u00f3 \u00abesta suerte de realidad virtual y la otra, la de los hechos\u00bb.<\/p>\n<p>\u201cEsta no es la historia de un partido, de un sector, es la historia de los argentinos\u00bb, continu\u00f3 la Presidenta, y subray\u00f3 que \u00abeste proyecto es para los 40 millones de argentinos, que es lo que diferencia a un proyecto de inclusi\u00f3n de uno de exclusi\u00f3n. El de inclusi\u00f3n, tiene la fant\u00e1stica generosidad de beneficiar a\u00fan a aquellos que pol\u00edtica o partidariamente no est\u00e1n de acuerdo. No sucede lo mismo con un proyecto de exclusi\u00f3n, donde las grandes mayor\u00edas quedan afuera\u00bb.<\/p>\n<p>\u201cEl gran desaf\u00edo que tenemos es la del lograr un nivel de institucionaliaci\u00f3n de los derechos y garant\u00edas alcanzados, del desarrollo productivo alcanzado. No solamente los peronistas podemos ser los garantes de los parques industriales, de las obras de infraestructura&#8230; Que no se escuchen los cantos de sirena de los que quieren endeudarnos. Si hubi\u00e9ramos tenido acceso al mercado de capitales, nuestro sistema no estar\u00eda como est\u00e1 hoy\u00bb, se\u00f1al\u00f3 Cristina Fern\u00e1ndez.<\/p>\n<p>\u201cEsto que hemos logrado no es el techo, es el piso\u00bb, continu\u00f3 la Jefa de Estado, y enumer\u00f3 dos de los logros de estos \u00faltimos nueve a\u00f1os: \u00abHemos logrado tener al 96 % de personas en edad de jubilarse cubiertos con un sistema y la Asignaci\u00f3n Universal por Hijo, que Naciones Unidas lo calific\u00f3 como el programa m\u00e1s importante\u00bb.<\/p>\n<p>\u201cSi tuviera que definir estos diez a\u00f1os, podr\u00eda definirlos como la d\u00e9cada ganada por los argentinos, as\u00ed como fueron perdidas las anteriores\u00bb, afirm\u00f3 Cristina, y enalteci\u00f3 la figura de N\u00e9stor Kirchner, que \u00abconstruy\u00f3 una Argentina absolutamente diferente; los argentinos volvimos a tener autoestima, est\u00e1bamos convencidos que todo lo que ven\u00eda de afuera era mejor. \u00c9l entr\u00f3 herido ac\u00e1 (en referencia al golpe que sufri\u00f3 el d\u00eda de su asunci\u00f3n), y cuando se fue, se fue triunfante, no solamente de la Casa de Gobierno, tambi\u00e9n de la vida\u00bb.<\/p>\n<p>Por \u00faltimo, la primera mandataria afirm\u00f3 que \u00abcon este esp\u00edritu de construcci\u00f3n, de unidad nacional, de saber que nosotros solos no podemos, porque ya tuyvimos la experiencia hist\u00f3rica, que necesitamos de las confluencia de los distintos sectores, hoy tenemos una Argentina diferente y una Am\u00e9rica del Sur diferente\u00bb.<\/p>\n","protected":false},"excerpt":{"rendered":"<p>La Presidenta sostuvo que \u00ablo que se logr\u00f3 hasta ahora es un piso y no un techo\u00bb y agreg\u00f3 que \u00abhay que institucionalizar\u00bb los avances. \u00abLa lealtad se tiene con dirigentes que la gente identifica como representantes de sus intereses. Cuando uno hace una cuadra de pavimentos no pregunta si hay radicales o peronistas\u00bb, sostuvo.<\/p>\n","protected":false},"author":4,"featured_media":0,"comment_status":"open","ping_status":"open","sticky":false,"template":"","format":"standard","meta":{"_jetpack_newsletter_access":"","_jetpack_dont_email_post_to_subs":false,"_jetpack_newsletter_tier_id":0,"_jetpack_memberships_contains_paywalled_content":false,"_jetpack_memberships_contains_paid_content":false,"footnotes":""},"categories":[51],"tags":[],"class_list":["post-2470","post","type-post","status-publish","format-standard","hentry","category-politica"],"jetpack_featured_media_url":"","jetpack_shortlink":"https:\/\/wp.me\/p2JWE0-DQ","jetpack-related-posts":[{"id":112540,"url":"https:\/\/www.24baires.com\/?p=112540","url_meta":{"origin":2470,"position":0},"title":"Alberto Fern\u00e1ndez: \u00abLa pol\u00edtica exige no mentirle a la gente y comprometerse\u00bb","author":"AF","date":"17\/10\/2019","format":false,"excerpt":"El candidato presidencial del Frente de Todos, Alberto Fern\u00e1ndez, calific\u00f3 esta tarde al presidente Mauricio Macri como un \"desvergonzado\" por haber dicho que su gesti\u00f3n se endeud\u00f3 para pagar deuda de la administraci\u00f3n anterior. \"La pol\u00edtica exige no mentirle a la gente. El Presidente sigue mintiendo y dice que la\u2026","rel":"","context":"En \u00abSociedad\u00bb","block_context":{"text":"Sociedad","link":"https:\/\/www.24baires.com\/?cat=1"},"img":{"alt_text":"","src":"https:\/\/i0.wp.com\/www.24baires.com\/wp-content\/uploads\/2019\/10\/alberto-fern%C3%A1ndez.jpg?resize=350%2C200","width":350,"height":200,"srcset":"https:\/\/i0.wp.com\/www.24baires.com\/wp-content\/uploads\/2019\/10\/alberto-fern%C3%A1ndez.jpg?resize=350%2C200 1x, https:\/\/i0.wp.com\/www.24baires.com\/wp-content\/uploads\/2019\/10\/alberto-fern%C3%A1ndez.jpg?resize=525%2C300 1.5x"},"classes":[]},{"id":55606,"url":"https:\/\/www.24baires.com\/?p=55606","url_meta":{"origin":2470,"position":1},"title":"\u00abUn peronista no debe creerse menos de lo que es ni m\u00e1s de lo que debe ser\u00bb","author":"AF","date":"18\/10\/2014","format":false,"excerpt":"El jefe de Gabinete Jorge Capitanich encabez\u00f3 en la localidad chaque\u00f1a de Campo Largo, un acto por el D\u00eda de la Lealtad, donde afirm\u00f3 que \"un peronista no debe creerse menos de lo que es ni m\u00e1s de lo que debe ser, porque cuando un peronista se cree m\u00e1s se\u2026","rel":"","context":"En \u00abPol\u00edtica\u00bb","block_context":{"text":"Pol\u00edtica","link":"https:\/\/www.24baires.com\/?cat=51"},"img":{"alt_text":"capitanich 17O","src":"https:\/\/i0.wp.com\/www.24baires.com\/wp-content\/uploads\/2014\/10\/capitanich-17O.jpg?resize=350%2C200","width":350,"height":200,"srcset":"https:\/\/i0.wp.com\/www.24baires.com\/wp-content\/uploads\/2014\/10\/capitanich-17O.jpg?resize=350%2C200 1x, https:\/\/i0.wp.com\/www.24baires.com\/wp-content\/uploads\/2014\/10\/capitanich-17O.jpg?resize=525%2C300 1.5x"},"classes":[]},{"id":33649,"url":"https:\/\/www.24baires.com\/?p=33649","url_meta":{"origin":2470,"position":2},"title":"\u00abLos dirigentes que se fueron del peronismo no son leales a las banderas de Per\u00f3n y Evita\u00bb","author":"GB","date":"16\/10\/2013","format":false,"excerpt":"ALMIRANTE BROWN-\u00a0El intendente de Lomas de Zamora y candidato a diputado nacional por el FPV, Mart\u00edn Insaurralde, sostuvo que \"los dirigentes que se fueron del peronismo no son leales al proyecto pol\u00edtico, ni a las banderas de Per\u00f3n y Evita, ni a los trabajadores\", en referencia a la conformaci\u00f3n del\u2026","rel":"","context":"En \u00abELECCIONES 2013\u00bb","block_context":{"text":"ELECCIONES 2013","link":"https:\/\/www.24baires.com\/?cat=72"},"img":{"alt_text":"insaurralde 17 oct","src":"https:\/\/i0.wp.com\/www.24baires.com\/wp-content\/uploads\/2013\/10\/insaurralde-17-oct.jpg?resize=350%2C200","width":350,"height":200,"srcset":"https:\/\/i0.wp.com\/www.24baires.com\/wp-content\/uploads\/2013\/10\/insaurralde-17-oct.jpg?resize=350%2C200 1x, https:\/\/i0.wp.com\/www.24baires.com\/wp-content\/uploads\/2013\/10\/insaurralde-17-oct.jpg?resize=525%2C300 1.5x"},"classes":[]},{"id":33721,"url":"https:\/\/www.24baires.com\/?p=33721","url_meta":{"origin":2470,"position":3},"title":"Boudou: \u201cel pueblo argentino es leal a Cristina\u201d","author":"GB","date":"17\/10\/2013","format":false,"excerpt":"El vicepresidente a cargo del Poder Ejecutivo, Amado Boudou, asegur\u00f3 que \"el pueblo es leal a la Presidenta que tiene un compromiso inquebrantable con la gente\", al recorrer la Plaza de Mayo en el marco de la celebraci\u00f3n del D\u00eda de la Lealtad peronista. Boudou, consider\u00f3 adem\u00e1s que \"durante el\u2026","rel":"","context":"En \u00abPol\u00edtica\u00bb","block_context":{"text":"Pol\u00edtica","link":"https:\/\/www.24baires.com\/?cat=51"},"img":{"alt_text":"Boudu","src":"https:\/\/i0.wp.com\/www.24baires.com\/wp-content\/uploads\/2013\/10\/Boudu-300x199.jpg?resize=350%2C200","width":350,"height":200},"classes":[]},{"id":55352,"url":"https:\/\/www.24baires.com\/?p=55352","url_meta":{"origin":2470,"position":4},"title":"El PJ bonaerense conmemorar\u00e1 el D\u00eda de la Lealtad en Moreno","author":"AF","date":"14\/10\/2014","format":false,"excerpt":"El viernes el Partido Justicialista de la provincia de Buenos Aires conmemora el D\u00eda de la Lealtad en la localidad de Moreno, con la participaci\u00f3n de unos 2 mil j\u00f3venes que representar\u00e1n a m\u00e1s de 72 municipios del territorio. Seg\u00fan se detall\u00f3 habr\u00e1 ciclo de cine debate, se contar\u00e1n con\u2026","rel":"","context":"En \u00abPol\u00edtica\u00bb","block_context":{"text":"Pol\u00edtica","link":"https:\/\/www.24baires.com\/?cat=51"},"img":{"alt_text":"","src":"","width":0,"height":0},"classes":[]},{"id":118135,"url":"https:\/\/www.24baires.com\/?p=118135","url_meta":{"origin":2470,"position":5},"title":"Alberto Fern\u00e1ndez llam\u00f3 a movilizarse el D\u00eda de la Lealtad","author":"AF","date":"14\/10\/2021","format":false,"excerpt":"El presidente Alberto Fern\u00e1ndez firm\u00f3 una carta del Partido Justicialista y llam\u00f3 a los militantes a salir a las plazas. El presidente Alberto Fern\u00e1ndez convoc\u00f3 a movilizarse el pr\u00f3ximo domingo a partir de las 16 en todas las plazas del pa\u00eds para conmemorar un nuevo 17 de Octubre, D\u00eda de\u2026","rel":"","context":"En \u00abSociedad\u00bb","block_context":{"text":"Sociedad","link":"https:\/\/www.24baires.com\/?cat=1"},"img":{"alt_text":"","src":"https:\/\/i0.wp.com\/www.24baires.com\/wp-content\/uploads\/2021\/10\/dia-la-lealtad-la-pampajpg.jpg?resize=350%2C200","width":350,"height":200,"srcset":"https:\/\/i0.wp.com\/www.24baires.com\/wp-content\/uploads\/2021\/10\/dia-la-lealtad-la-pampajpg.jpg?resize=350%2C200 1x, https:\/\/i0.wp.com\/www.24baires.com\/wp-content\/uploads\/2021\/10\/dia-la-lealtad-la-pampajpg.jpg?resize=525%2C300 1.5x"},"classes":[]}],"jetpack_sharing_enabled":true,"jetpack_likes_enabled":true,"_links":{"self":[{"href":"https:\/\/www.24baires.com\/index.php?rest_route=\/wp\/v2\/posts\/2470","targetHints":{"allow":["GET"]}}],"collection":[{"href":"https:\/\/www.24baires.com\/index.php?rest_route=\/wp\/v2\/posts"}],"about":[{"href":"https:\/\/www.24baires.com\/index.php?rest_route=\/wp\/v2\/types\/post"}],"author":[{"embeddable":true,"href":"https:\/\/www.24baires.com\/index.php?rest_route=\/wp\/v2\/users\/4"}],"replies":[{"embeddable":true,"href":"https:\/\/www.24baires.com\/index.php?rest_route=%2Fwp%2Fv2%2Fcomments&post=2470"}],"version-history":[{"count":0,"href":"https:\/\/www.24baires.com\/index.php?rest_route=\/wp\/v2\/posts\/2470\/revisions"}],"wp:attachment":[{"href":"https:\/\/www.24baires.com\/index.php?rest_route=%2Fwp%2Fv2%2Fmedia&parent=2470"}],"wp:term":[{"taxonomy":"category","embeddable":true,"href":"https:\/\/www.24baires.com\/index.php?rest_route=%2Fwp%2Fv2%2Fcategories&post=2470"},{"taxonomy":"post_tag","embeddable":true,"href":"https:\/\/www.24baires.com\/index.php?rest_route=%2Fwp%2Fv2%2Ftags&post=2470"}],"curies":[{"name":"wp","href":"https:\/\/api.w.org\/{rel}","templated":true}]}}