{"id":2464,"date":"2012-10-17T21:57:40","date_gmt":"2012-10-18T00:57:40","guid":{"rendered":"http:\/\/www.24baires.com\/?p=2464"},"modified":"2012-10-17T21:57:40","modified_gmt":"2012-10-18T00:57:40","slug":"scioli-reconoce-que-se-tortura-en-las-carceles-y-comisarias-pero-no-resuelve-el-problema","status":"publish","type":"post","link":"https:\/\/www.24baires.com\/?p=2464","title":{"rendered":"\u00abScioli reconoce que se tortura en las c\u00e1rceles y comisar\u00edas, pero no resuelve el problema\u00bb"},"content":{"rendered":"<p><img data-recalc-dims=\"1\" loading=\"lazy\" decoding=\"async\" class=\"alignleft size-medium wp-image-2465\" title=\"donda\" src=\"https:\/\/i0.wp.com\/www.24baires.com\/wp-content\/uploads\/2012\/10\/donda.jpg?resize=300%2C205\" alt=\"\" width=\"300\" height=\"205\" srcset=\"https:\/\/i0.wp.com\/www.24baires.com\/wp-content\/uploads\/2012\/10\/donda.jpg?resize=300%2C205&amp;ssl=1 300w, https:\/\/i0.wp.com\/www.24baires.com\/wp-content\/uploads\/2012\/10\/donda.jpg?w=560&amp;ssl=1 560w\" sizes=\"auto, (max-width: 300px) 100vw, 300px\" \/>La diputada nacional Victoria Donda habl\u00f3 sobre la creaci\u00f3n de organismos para la Prevenci\u00f3n de la Tortura y Tratos Crueles decretada por la Provincia, y dijo que Scioli, \u201cS\u00f3lo reconoce que se tortura en las c\u00e1rceles y comisar\u00edas bonaerenses, pero no resuelve el problema\u201d.<!--more--><\/p>\n<p>La diputada nacional, Victoria Donda, sali\u00f3 al cruce de Daniel Scioli tras el anuncio de la creaci\u00f3n de organismos para la Prevenci\u00f3n de la Tortura y Tratos Crueles.<\/p>\n<p>Para la legisladora, la medida incumple \u201ccon el compromiso internacional del Estado argentino de la aplicaci\u00f3n concreta del Protocolo de prevenci\u00f3n de la tortura en el pa\u00eds\u201d. Y sostuvo que \u201ceste instrumento internacional exige que sea independiente de los \u00f3rganos ejecutivos encargados de los lugares de encierro que se deben controlar\u201d.<\/p>\n<p>\u201cEsta movida de Scioli no es m\u00e1s que un intento de demostrar que \u2018est\u00e1 haciendo algo\u2019 ante la inminente condena que puede llegarle en la audiencia programada en la Comisi\u00f3n Interamericana de Derechos Humanos, en el marco de la medida cautelar pedida por el CELS y la CPM para que el gobierno provincial tome acciones por las muertes violentas, torturas y malos tratos en las c\u00e1rceles de la provincia\u201d, denunci\u00f3 Victoria Donda.<\/p>\n<p>\u201cTolerar este antecedente provincial, ser\u00eda grave y funcional a que el Gobierno termine sacando un Mecanismo Nacional por decreto a su medida\u201d, culmin\u00f3 la legisladora.<\/p>\n","protected":false},"excerpt":{"rendered":"<p>La diputada nacional Victoria Donda habl\u00f3 sobre la creaci\u00f3n de organismos para la Prevenci\u00f3n de la Tortura y Tratos Crueles decretada por la Provincia, y dijo que Scioli, \u201cS\u00f3lo reconoce que se tortura en las c\u00e1rceles y comisar\u00edas bonaerenses, pero no resuelve el problema\u201d.<\/p>\n","protected":false},"author":4,"featured_media":0,"comment_status":"open","ping_status":"open","sticky":false,"template":"","format":"standard","meta":{"_jetpack_newsletter_access":"","_jetpack_dont_email_post_to_subs":false,"_jetpack_newsletter_tier_id":0,"_jetpack_memberships_contains_paywalled_content":false,"_jetpack_memberships_contains_paid_content":false,"footnotes":""},"categories":[51],"tags":[],"class_list":["post-2464","post","type-post","status-publish","format-standard","hentry","category-politica"],"jetpack_featured_media_url":"","jetpack_shortlink":"https:\/\/wp.me\/p2JWE0-DK","jetpack-related-posts":[{"id":7380,"url":"https:\/\/www.24baires.com\/?p=7380","url_meta":{"origin":2464,"position":0},"title":"La CPM reclam\u00f3 que diputados bonaerenses traten el mecanismo contra la tortura","author":"Grupo Sierra","date":"30\/11\/2012","format":false,"excerpt":"Tras celebrar la ley que se aprob\u00f3 en el Congreso Nacional, la Comisi\u00f3n Provincial por la Memoria (CPM), aprovech\u00f3 para pedir celeridad en torno a una iniciativa similar que ya cuenta con media sanci\u00f3n del Senado bonaerense. \u201cEl importante apoyo que tuvo la sanci\u00f3n del proyecto a nivel nacional deber\u00eda\u2026","rel":"","context":"En \u00abProvincia\u00bb","block_context":{"text":"Provincia","link":"https:\/\/www.24baires.com\/?cat=40"},"img":{"alt_text":"","src":"","width":0,"height":0},"classes":[]},{"id":112998,"url":"https:\/\/www.24baires.com\/?p=112998","url_meta":{"origin":2464,"position":1},"title":"Comisi\u00f3n Provincial por la Memoria, nombrada como mecanismo de prevenci\u00f3n contra la tortura","author":"GB","date":"14\/11\/2019","format":false,"excerpt":"El Consejo Federal de Prevenci\u00f3n de la Tortura destac\u00f3 a la Comisi\u00f3n Provincial por la Memoria (CPM) por el trabajo sostenido que realiza en el control y monitoreo de lugares de encierro y pol\u00edticas de seguridad. El organismo lucha contra la tortura en las c\u00e1rceles denunciando las graves violaciones de\u2026","rel":"","context":"En \u00abProvincia\u00bb","block_context":{"text":"Provincia","link":"https:\/\/www.24baires.com\/?cat=40"},"img":{"alt_text":"","src":"https:\/\/i0.wp.com\/www.24baires.com\/wp-content\/uploads\/2019\/11\/comision-provincial-por-la-tortura.png?resize=350%2C200","width":350,"height":200},"classes":[]},{"id":111505,"url":"https:\/\/www.24baires.com\/?p=111505","url_meta":{"origin":2464,"position":2},"title":"En 2018 se denunciaron m\u00e1s 6 mil hechos de torturas en c\u00e1rceles y comisar\u00edas del pa\u00eds","author":"GB","date":"08\/08\/2019","format":false,"excerpt":"Este jueves se presenta el informe 2018 del Registro Nacional de Casos de Tortura y\/o Malos Tratos Este ueves 8 de agosto a las 16, en la sede de la Comisi\u00f3n Provincial por la Memoria, se presenta el informe 2018 del Registro Nacional de Casos de Tortura y\/o Malos Tratos.\u2026","rel":"","context":"En \u00abSociedad\u00bb","block_context":{"text":"Sociedad","link":"https:\/\/www.24baires.com\/?cat=1"},"img":{"alt_text":"","src":"https:\/\/i0.wp.com\/www.24baires.com\/wp-content\/uploads\/2017\/09\/carcel.jpg?resize=350%2C200","width":350,"height":200,"srcset":"https:\/\/i0.wp.com\/www.24baires.com\/wp-content\/uploads\/2017\/09\/carcel.jpg?resize=350%2C200 1x, https:\/\/i0.wp.com\/www.24baires.com\/wp-content\/uploads\/2017\/09\/carcel.jpg?resize=525%2C300 1.5x"},"classes":[]},{"id":104603,"url":"https:\/\/www.24baires.com\/?p=104603","url_meta":{"origin":2464,"position":3},"title":"Preocupaci\u00f3n por el avance de las torturas sistem\u00e1ticas en c\u00e1rceles","author":"AF","date":"21\/09\/2018","format":false,"excerpt":"\"El sistema de encierro atraviesa una crisis humanitaria que no para de profundizarse ante la inacci\u00f3n, pasividad o complicidad de los tres poderes del Estado\", denunciaron desde la Comisi\u00f3n Provincial por la Memoria. La Comisi\u00f3n Provincial por la Memoria (CPM), la Procuraci\u00f3n Penitenciaria de la Naci\u00f3n y el GESPyDH del\u2026","rel":"","context":"En \u00abSociedad\u00bb","block_context":{"text":"Sociedad","link":"https:\/\/www.24baires.com\/?cat=1"},"img":{"alt_text":"","src":"https:\/\/i0.wp.com\/www.24baires.com\/wp-content\/uploads\/2018\/04\/c%C3%A1rcel-virrey-del-pino.jpg?resize=350%2C200","width":350,"height":200,"srcset":"https:\/\/i0.wp.com\/www.24baires.com\/wp-content\/uploads\/2018\/04\/c%C3%A1rcel-virrey-del-pino.jpg?resize=350%2C200 1x, https:\/\/i0.wp.com\/www.24baires.com\/wp-content\/uploads\/2018\/04\/c%C3%A1rcel-virrey-del-pino.jpg?resize=525%2C300 1.5x"},"classes":[]},{"id":3894,"url":"https:\/\/www.24baires.com\/?p=3894","url_meta":{"origin":2464,"position":4},"title":"La Comisi\u00f3n Provincial por la Memoria insiste en el reclamo por el recorte del 34%","author":"Grupo Sierra","date":"30\/10\/2012","format":false,"excerpt":"El co-presidente de la Comisi\u00f3n Provincial por la Memoria, Hugo Ca\u00f1\u00f3n, habl\u00f3 de cara a una reuni\u00f3n que mantendr\u00e1n ma\u00f1ana con el Ejecutivo. \u201cTodo lo que sea reducci\u00f3n en materia de derechos humanos es un retroceso en la b\u00fasqueda de la verdad, la justicia y la memoria\u201d, precis\u00f3. La decana\u2026","rel":"","context":"En \u00abMemoria\u00bb","block_context":{"text":"Memoria","link":"https:\/\/www.24baires.com\/?cat=50"},"img":{"alt_text":"","src":"https:\/\/i0.wp.com\/www.24baires.com\/wp-content\/uploads\/2012\/10\/comision-provincial-memoria-conf.jpg?resize=350%2C200","width":350,"height":200,"srcset":"https:\/\/i0.wp.com\/www.24baires.com\/wp-content\/uploads\/2012\/10\/comision-provincial-memoria-conf.jpg?resize=350%2C200 1x, https:\/\/i0.wp.com\/www.24baires.com\/wp-content\/uploads\/2012\/10\/comision-provincial-memoria-conf.jpg?resize=525%2C300 1.5x"},"classes":[]},{"id":2277,"url":"https:\/\/www.24baires.com\/?p=2277","url_meta":{"origin":2464,"position":5},"title":"Esperan que Diputados apruebe a la brevedad el proyecto que previene la tortura en las c\u00e1rceles bonaerenses","author":"Grupo Sierra","date":"15\/10\/2012","format":false,"excerpt":"El proyecto para la conformaci\u00f3n de un Sistema Provincial de Prevenci\u00f3n de la Tortura en el Servicio Penitenciario fue girado a la C\u00e1mara baja. Su impulsor, el senador Santiago Carreras, \u00a0se mostr\u00f3 confiado en que \u201cmuy pronto recibir\u00e1 el aval necesario para convertirse en ley\u201d. El tratamiento de la creaci\u00f3n\u2026","rel":"","context":"En \u00abProvincia\u00bb","block_context":{"text":"Provincia","link":"https:\/\/www.24baires.com\/?cat=40"},"img":{"alt_text":"","src":"https:\/\/i0.wp.com\/www.24baires.com\/wp-content\/uploads\/2012\/10\/carreras-santiago.jpg?resize=350%2C200","width":350,"height":200,"srcset":"https:\/\/i0.wp.com\/www.24baires.com\/wp-content\/uploads\/2012\/10\/carreras-santiago.jpg?resize=350%2C200 1x, https:\/\/i0.wp.com\/www.24baires.com\/wp-content\/uploads\/2012\/10\/carreras-santiago.jpg?resize=525%2C300 1.5x"},"classes":[]}],"jetpack_sharing_enabled":true,"jetpack_likes_enabled":true,"_links":{"self":[{"href":"https:\/\/www.24baires.com\/index.php?rest_route=\/wp\/v2\/posts\/2464","targetHints":{"allow":["GET"]}}],"collection":[{"href":"https:\/\/www.24baires.com\/index.php?rest_route=\/wp\/v2\/posts"}],"about":[{"href":"https:\/\/www.24baires.com\/index.php?rest_route=\/wp\/v2\/types\/post"}],"author":[{"embeddable":true,"href":"https:\/\/www.24baires.com\/index.php?rest_route=\/wp\/v2\/users\/4"}],"replies":[{"embeddable":true,"href":"https:\/\/www.24baires.com\/index.php?rest_route=%2Fwp%2Fv2%2Fcomments&post=2464"}],"version-history":[{"count":0,"href":"https:\/\/www.24baires.com\/index.php?rest_route=\/wp\/v2\/posts\/2464\/revisions"}],"wp:attachment":[{"href":"https:\/\/www.24baires.com\/index.php?rest_route=%2Fwp%2Fv2%2Fmedia&parent=2464"}],"wp:term":[{"taxonomy":"category","embeddable":true,"href":"https:\/\/www.24baires.com\/index.php?rest_route=%2Fwp%2Fv2%2Fcategories&post=2464"},{"taxonomy":"post_tag","embeddable":true,"href":"https:\/\/www.24baires.com\/index.php?rest_route=%2Fwp%2Fv2%2Ftags&post=2464"}],"curies":[{"name":"wp","href":"https:\/\/api.w.org\/{rel}","templated":true}]}}