{"id":24599,"date":"2013-05-29T13:09:22","date_gmt":"2013-05-29T16:09:22","guid":{"rendered":"http:\/\/www.24baires.com\/?p=24599"},"modified":"2013-05-29T13:09:22","modified_gmt":"2013-05-29T16:09:22","slug":"lilita-y-la-rebotadora-pelota-de-la-justicia","status":"publish","type":"post","link":"https:\/\/www.24baires.com\/?p=24599","title":{"rendered":"Lilita y la rebotadora pelota de la justicia"},"content":{"rendered":"<p><img data-recalc-dims=\"1\" loading=\"lazy\" decoding=\"async\" class=\"aligncenter size-full wp-image-24573\" alt=\"CARRIO\" src=\"https:\/\/i0.wp.com\/www.24baires.com\/wp-content\/uploads\/2013\/05\/CARRIO.jpg?resize=560%2C370\" width=\"560\" height=\"370\" srcset=\"https:\/\/i0.wp.com\/www.24baires.com\/wp-content\/uploads\/2013\/05\/CARRIO.jpg?w=560&amp;ssl=1 560w, https:\/\/i0.wp.com\/www.24baires.com\/wp-content\/uploads\/2013\/05\/CARRIO.jpg?resize=300%2C198&amp;ssl=1 300w\" sizes=\"auto, (max-width: 560px) 100vw, 560px\" \/><\/p>\n<p>La gallina que cacare\u00f3 puso el huevo, frase viejita. Te vuelve como un boomerang, cita que suena noventosa. Al que escupe para arriba\u2026 dice otra. Esa parece m\u00e1s acertada para enmarcar una noticia que los medios monop\u00f3licos parec\u00edan reticentes a mostrar en un principio: resulta que la doctora Elisa Carri\u00f3, la que se\u00f1ala siempre con su dedo puro a los dem\u00e1s, la que inculpa, la que denigra, la que se obsesiona con la mentira, si, a ella, la han denunciado por presunto enriquecimiento il\u00edcito. Los diarios nacionales opositores ya titulan supuestas maniobras del gobierno.<!--more--><br \/>\nEl abogado Gustavo Ogni present\u00f3 la denuncia despu\u00e9s que la revista Veintitr\u00e9s publicara una nota donde se detalla la construcci\u00f3n de una suntuosa chacra cuyos valores y costos no ser\u00edan proporcionales a los ingresos como diputada que recibe Carri\u00f3.<br \/>\nParece ser que las declaraciones juradas que la legisladora publica en su p\u00e1gina web oficial no se corresponden necesariamente con los montos que una edificaci\u00f3n semejante demandar\u00eda. La denuncia est\u00e1 en el Juzgado Nacional en lo Criminal y Correcional Federal N\u00ba 12, a cargo del juez Sergio Torres, quien deber\u00e1 proceder con la misma celeridad que tantas veces ha reclamado Carri\u00f3 para con las denuncias que ella efectu\u00f3.<br \/>\nDe seguro Lilita podr\u00e1 demostrar los ingresos. Ella, la m\u00e1s transparente de todas y todos. La otrora republicana que alguna vez dijo amar a los pobres. Tal vez est\u00e9 construyendo un fuerte, ya que ha llamado a \u2018resistir\u2019 a este gobierno. Durante un tiempo lo hizo desde Punta del Este, donde, parapetada en las soleadas playas charr\u00faas, llamaba a la intransigencia mientras contaba patitos en las aguas transparentes, como vimos en una entra\u00f1able foto.<br \/>\nOgni asegura que no s\u00f3lo la chacrita, de 4.240 metros cuadrados, pone en duda la legitimidad de los ingresos de Carri\u00f3, sino todo su estilo de vida. Y recordamos que mientras no fue diputada ella sol\u00eda afirmar, cuando se la consultaba de qu\u00e9 viv\u00eda, que lo hac\u00eda gracias a los aportes de sus compa\u00f1eros de partido, ya sea el ARI, la Coalici\u00f3n C\u00edvica u otros. Eso sonaba suficientemente raro entonces. Pero nadie la apunt\u00f3 con el dedo justiciero ni mostr\u00f3 ante c\u00e1maras cajas de datos que la comprometieran.<br \/>\nLa justicia dir\u00e1, como se debe, sin importar quien sea la denunciada. As\u00ed es como tiene que suceder. Investigar todo, toque a quien toque, caiga quien caiga. Sino no es justicia. De seguro la diputada permitir\u00e1 con complacencia que se indague.<br \/>\nRaro es que una mujer que ha vaticinado infiernos, sangre, muerte y Apocalipsis a discreci\u00f3n no haya podido predecir esto. Aunque ella seguro lo sab\u00eda y no quiso decir nada, debe haber mirado hacia un costado, asentido con sonrisas y dicho \u201cya van a saber la verdad\u201d, como suele hacer en c\u00e1mara. Esa verdad suprema que nunca nos termina de revelar a nosotros, simples mortales. Esperemos que cuando se termine de construir la casita en el campo pueda descansar all\u00ed, medite y nos cuente a todos de d\u00f3nde sac\u00f3 los pesitos para levantar esas paredes.<\/p>\n","protected":false},"excerpt":{"rendered":"<p>La gallina que cacare\u00f3 puso el huevo, frase viejita. Te vuelve como un boomerang, cita que suena noventosa. Al que escupe para arriba\u2026 dice otra. Esa parece m\u00e1s acertada para enmarcar una noticia que los medios monop\u00f3licos parec\u00edan reticentes a mostrar en un principio: resulta que la doctora Elisa Carri\u00f3, la que se\u00f1ala siempre con su dedo puro a los [&#8230;]<\/p>\n","protected":false},"author":11,"featured_media":0,"comment_status":"open","ping_status":"open","sticky":false,"template":"","format":"standard","meta":{"_jetpack_newsletter_access":"","_jetpack_dont_email_post_to_subs":false,"_jetpack_newsletter_tier_id":0,"_jetpack_memberships_contains_paywalled_content":false,"_jetpack_memberships_contains_paid_content":false,"footnotes":""},"categories":[64],"tags":[],"class_list":["post-24599","post","type-post","status-publish","format-standard","hentry","category-opinion"],"jetpack_featured_media_url":"","jetpack_shortlink":"https:\/\/wp.me\/p2JWE0-6oL","jetpack-related-posts":[{"id":103357,"url":"https:\/\/www.24baires.com\/?p=103357","url_meta":{"origin":24599,"position":0},"title":"Excandidato de Cambiemos, sobre Carri\u00f3 por los aportes truchos: \u00abSab\u00eda y no quiso denunciar\u00bb","author":"AF","date":"16\/07\/2018","format":false,"excerpt":"Osvaldo Marasco, quien fuera postulante a la intendencia de Ituzaing\u00f3 por Cambiemos, asegur\u00f3 que la legisladora se neg\u00f3 a hacer p\u00fablicas las irregularidades. Ya casi nadie va quedando limpio en Cambiemos a medida que sigue expandi\u00e9ndose la bomba de los falsos aportantes a las dos \u00faltimas campa\u00f1as electorales en la\u2026","rel":"","context":"En \u00abPol\u00edtica\u00bb","block_context":{"text":"Pol\u00edtica","link":"https:\/\/www.24baires.com\/?cat=51"},"img":{"alt_text":"","src":"https:\/\/i0.wp.com\/www.24baires.com\/wp-content\/uploads\/2018\/07\/carri%C3%B3.jpg?resize=350%2C200","width":350,"height":200,"srcset":"https:\/\/i0.wp.com\/www.24baires.com\/wp-content\/uploads\/2018\/07\/carri%C3%B3.jpg?resize=350%2C200 1x, https:\/\/i0.wp.com\/www.24baires.com\/wp-content\/uploads\/2018\/07\/carri%C3%B3.jpg?resize=525%2C300 1.5x"},"classes":[]},{"id":107888,"url":"https:\/\/www.24baires.com\/?p=107888","url_meta":{"origin":24599,"position":1},"title":"Denuncian a Carri\u00f3 por \u00abintolerancia democr\u00e1tica\u00bb","author":"AF","date":"29\/04\/2019","format":false,"excerpt":"Un abogado present\u00f3 el caso por \"intolerancia democr\u00e1tica\". La causa fue sorteada y le cay\u00f3 al juez Claudio Bonadio, que est\u00e1 por salir de licencia. Un abogado denunci\u00f3 penalmente a Elisa Carri\u00f3 por \"intolerancia democr\u00e1tica\" a ra\u00edz de sus dichos sobre la muerte del ex gobernador de C\u00f3rdoba Jos\u00e9 Manuel\u2026","rel":"","context":"En \u00abPol\u00edtica\u00bb","block_context":{"text":"Pol\u00edtica","link":"https:\/\/www.24baires.com\/?cat=51"},"img":{"alt_text":"","src":"https:\/\/i0.wp.com\/www.24baires.com\/wp-content\/uploads\/2013\/12\/carri%C3%B3.jpg?resize=350%2C200","width":350,"height":200,"srcset":"https:\/\/i0.wp.com\/www.24baires.com\/wp-content\/uploads\/2013\/12\/carri%C3%B3.jpg?resize=350%2C200 1x, https:\/\/i0.wp.com\/www.24baires.com\/wp-content\/uploads\/2013\/12\/carri%C3%B3.jpg?resize=525%2C300 1.5x"},"classes":[]},{"id":104815,"url":"https:\/\/www.24baires.com\/?p=104815","url_meta":{"origin":24599,"position":2},"title":"Carri\u00f3: \u00abPerd\u00ed la confianza en el Presidente\u00bb","author":"AF","date":"07\/10\/2018","format":false,"excerpt":"La principal socia pol\u00edtica de la alianza gobernante le apunt\u00f3 por primera vez al presidente Mauricio Macri. Luego de sus cruces con el ministro de Justicia, Germ\u00e1n Garavano, y su enojo por la salida de la AFIP de tres funcionarios que ten\u00edan su \"apoyo\", la l\u00edder de la Coalici\u00f3n C\u00edvica\u2026","rel":"","context":"En \u00abPol\u00edtica\u00bb","block_context":{"text":"Pol\u00edtica","link":"https:\/\/www.24baires.com\/?cat=51"},"img":{"alt_text":"","src":"https:\/\/i0.wp.com\/www.24baires.com\/wp-content\/uploads\/2018\/07\/carri%C3%B3.jpg?resize=350%2C200","width":350,"height":200,"srcset":"https:\/\/i0.wp.com\/www.24baires.com\/wp-content\/uploads\/2018\/07\/carri%C3%B3.jpg?resize=350%2C200 1x, https:\/\/i0.wp.com\/www.24baires.com\/wp-content\/uploads\/2018\/07\/carri%C3%B3.jpg?resize=525%2C300 1.5x"},"classes":[]},{"id":104780,"url":"https:\/\/www.24baires.com\/?p=104780","url_meta":{"origin":24599,"position":3},"title":"Carri\u00f3 estall\u00f3 por la absoluci\u00f3n de Menem","author":"AF","date":"04\/10\/2018","format":false,"excerpt":"Luego de que el ex presidente saliera absuelto de la causa por tr\u00e1fico de armas a Ecuador y Croacia, la diputada habl\u00f3 de su presunta proscripci\u00f3n en una comisi\u00f3n bicameral. La diputada de Cambiemos Elisa Carri\u00f3 critic\u00f3 la absoluci\u00f3n del ex presidente Carlos Menem en la causa por el tr\u00e1fico\u2026","rel":"","context":"En \u00abPol\u00edtica\u00bb","block_context":{"text":"Pol\u00edtica","link":"https:\/\/www.24baires.com\/?cat=51"},"img":{"alt_text":"","src":"https:\/\/i0.wp.com\/www.24baires.com\/wp-content\/uploads\/2018\/07\/carri%C3%B3.jpg?resize=350%2C200","width":350,"height":200,"srcset":"https:\/\/i0.wp.com\/www.24baires.com\/wp-content\/uploads\/2018\/07\/carri%C3%B3.jpg?resize=350%2C200 1x, https:\/\/i0.wp.com\/www.24baires.com\/wp-content\/uploads\/2018\/07\/carri%C3%B3.jpg?resize=525%2C300 1.5x"},"classes":[]},{"id":93915,"url":"https:\/\/www.24baires.com\/?p=93915","url_meta":{"origin":24599,"position":4},"title":"Ritondo neg\u00f3 una \u00aboperaci\u00f3n\u00bb contra Carri\u00f3","author":"AF","date":"19\/04\/2017","format":false,"excerpt":"El ministro de Seguridad bonaerense, Cristian Ritondo, sali\u00f3 a negar la acusaci\u00f3n de la diputada Elisa Carri\u00f3, quien d\u00edas atr\u00e1s asegur\u00f3 que el funcionario est\u00e1 detr\u00e1s de graves denuncias relacionadas con la droga y en la que involucran a sus hijos. \"Yo la respeto much\u00edsimo a Lilita, para Cambiemos es\u2026","rel":"","context":"En \u00abPol\u00edtica\u00bb","block_context":{"text":"Pol\u00edtica","link":"https:\/\/www.24baires.com\/?cat=51"},"img":{"alt_text":"","src":"https:\/\/i0.wp.com\/www.24baires.com\/wp-content\/uploads\/2015\/12\/ritondo-seguridad.jpg?resize=350%2C200","width":350,"height":200,"srcset":"https:\/\/i0.wp.com\/www.24baires.com\/wp-content\/uploads\/2015\/12\/ritondo-seguridad.jpg?resize=350%2C200 1x, https:\/\/i0.wp.com\/www.24baires.com\/wp-content\/uploads\/2015\/12\/ritondo-seguridad.jpg?resize=525%2C300 1.5x"},"classes":[]},{"id":25959,"url":"https:\/\/www.24baires.com\/?p=25959","url_meta":{"origin":24599,"position":5},"title":"Denuncian penalmente al fiscal y ex ministro bonaerense Carlos Stornelli por encubrimiento","author":"Grupo Sierra","date":"14\/06\/2013","format":false,"excerpt":"El fiscal Carlos Stornelli, quien desestim\u00f3 una denuncia por enriquecimiento il\u00edcito contra Elisa Carri\u00f3, fue denunciado ante la Justicia por los delitos de encubrimiento agravado, abusado de autoridad y violaci\u00f3n de los deberes de funcionario p\u00fablico. Stornelli fue Ministro de Seguridad de Daniel Scioli en la Provincia de Buenos Aires.\u2026","rel":"","context":"En \u00abPol\u00edtica\u00bb","block_context":{"text":"Pol\u00edtica","link":"https:\/\/www.24baires.com\/?cat=51"},"img":{"alt_text":"","src":"","width":0,"height":0},"classes":[]}],"jetpack_sharing_enabled":true,"jetpack_likes_enabled":true,"_links":{"self":[{"href":"https:\/\/www.24baires.com\/index.php?rest_route=\/wp\/v2\/posts\/24599","targetHints":{"allow":["GET"]}}],"collection":[{"href":"https:\/\/www.24baires.com\/index.php?rest_route=\/wp\/v2\/posts"}],"about":[{"href":"https:\/\/www.24baires.com\/index.php?rest_route=\/wp\/v2\/types\/post"}],"author":[{"embeddable":true,"href":"https:\/\/www.24baires.com\/index.php?rest_route=\/wp\/v2\/users\/11"}],"replies":[{"embeddable":true,"href":"https:\/\/www.24baires.com\/index.php?rest_route=%2Fwp%2Fv2%2Fcomments&post=24599"}],"version-history":[{"count":2,"href":"https:\/\/www.24baires.com\/index.php?rest_route=\/wp\/v2\/posts\/24599\/revisions"}],"predecessor-version":[{"id":24603,"href":"https:\/\/www.24baires.com\/index.php?rest_route=\/wp\/v2\/posts\/24599\/revisions\/24603"}],"wp:attachment":[{"href":"https:\/\/www.24baires.com\/index.php?rest_route=%2Fwp%2Fv2%2Fmedia&parent=24599"}],"wp:term":[{"taxonomy":"category","embeddable":true,"href":"https:\/\/www.24baires.com\/index.php?rest_route=%2Fwp%2Fv2%2Fcategories&post=24599"},{"taxonomy":"post_tag","embeddable":true,"href":"https:\/\/www.24baires.com\/index.php?rest_route=%2Fwp%2Fv2%2Ftags&post=24599"}],"curies":[{"name":"wp","href":"https:\/\/api.w.org\/{rel}","templated":true}]}}