{"id":24590,"date":"2013-05-28T10:30:20","date_gmt":"2013-05-28T13:30:20","guid":{"rendered":"http:\/\/www.24baires.com\/?p=24590"},"modified":"2013-05-29T00:59:03","modified_gmt":"2013-05-29T03:59:03","slug":"los-trabajadores-de-la-nacion-tambien-rechazaron-el-editorial-1933-de-ese-diario","status":"publish","type":"post","link":"https:\/\/www.24baires.com\/?p=24590","title":{"rendered":"Los trabajadores de La Naci\u00f3n tambi\u00e9n rechazaron el editorial \u00ab1933\u00bb de ese diario"},"content":{"rendered":"<p>La asamblea de trabajadores del diario La Naci\u00f3n expres\u00f3 que no comparte lo expresado en la editorial \u00ab1933\u00bb publicada ayer en el matutino porque \u00abtraza un oscuro paralelismo entre el Gobierno nacional y pr\u00e1cticas de la Alemania Nazi\u00bb y \u00abbanaliza hechos como el Holocausto Jud\u00edo\u00bb. <a href=\"http:\/\/www.24baires.com\/politica\/24513-un-editorial-del-diario-la-nacion-provoco-el-malestar-de-la-daia\/\" target=\"_blank\">La nota ya hab\u00eda recibido el repudio de la DAIA. <\/a><!--more--><br \/>\n\u00abLos trabajadores del Diario La Naci\u00f3n sentimos la necesidad de expresar p\u00fablicamente nuestro m\u00e1s en\u00e9rgico rechazo a este tipo de comparaciones impropias que no hacen m\u00e1s que exacerbar el odio, en momentos en que justamente desde el Diario La Naci\u00f3n, entre otros medios, se critica al Poder Ejecutivo por incentivar un `Estado de crispaci\u00f3n` en la sociedad\u00bb, afirmaron hoy.<br \/>\n\u00abLlamamos a la reflexi\u00f3n a quienes banalizan hechos como el Holocausto Jud\u00edo y la sangrienta Dictadura C\u00edvicoMilitar, en pos de expresar su desacuerdo con medidas del actual Gobierno Nacional\u00bb, expresaron los trabajadores.<br \/>\nEn el comunicado, la asamblea remarc\u00f3 que el editorial de un diario es lo que explicita la posici\u00f3n del medio y, por tanto, afirmaron: \u00abQuienes a diario hacemos el Diario La Naci\u00f3n expresamos claramente que no compartimos tama\u00f1a comparaci\u00f3n entre un r\u00e9gimen asesino y el Gobierno nacional\u00bb.<br \/>\n\u00abNosotros, los trabajadores del Diario La Naci\u00f3n reunidos en Asamblea, alentamos y defendemos la libertad de expresi\u00f3n como un derecho de todos\u00bb, aseguraron.<br \/>\nY agregaron: \u00abEn ejercicio de la libre expresi\u00f3n hoy vigente en la Argentina, el Diario La Naci\u00f3n public\u00f3 el lunes 28 de mayo una editorial titulada: 1933. En ella se traza un oscuro paralelismo entre el Gobierno Nacional y pr\u00e1cticas de la Alemania Nazi\u00bb.<\/p>\n<p>&nbsp;<\/p>\n<p>&nbsp;<\/p>\n<p>&nbsp;<\/p>\n<p>&nbsp;<\/p>\n<p>&nbsp;<\/p>\n<p>&nbsp;<\/p>\n<p>&nbsp;<\/p>\n<p>&nbsp;<\/p>\n<p>&nbsp;<\/p>\n<p>&nbsp;<\/p>\n","protected":false},"excerpt":{"rendered":"<p>La asamblea de trabajadores del diario La Naci\u00f3n expres\u00f3 que no comparte lo expresado en la editorial \u00ab1933\u00bb publicada ayer en el matutino porque \u00abtraza un oscuro paralelismo entre el Gobierno nacional y pr\u00e1cticas de la Alemania Nazi\u00bb y \u00abbanaliza hechos como el Holocausto Jud\u00edo\u00bb. La nota ya hab\u00eda recibido el repudio de la DAIA.<\/p>\n","protected":false},"author":11,"featured_media":0,"comment_status":"open","ping_status":"open","sticky":false,"template":"","format":"standard","meta":{"_jetpack_newsletter_access":"","_jetpack_dont_email_post_to_subs":false,"_jetpack_newsletter_tier_id":0,"_jetpack_memberships_contains_paywalled_content":false,"_jetpack_memberships_contains_paid_content":false,"footnotes":""},"categories":[54],"tags":[],"class_list":["post-24590","post","type-post","status-publish","format-standard","hentry","category-medios"],"jetpack_featured_media_url":"","jetpack_shortlink":"https:\/\/wp.me\/p2JWE0-6oC","jetpack-related-posts":[{"id":24513,"url":"https:\/\/www.24baires.com\/?p=24513","url_meta":{"origin":24590,"position":0},"title":"Un editorial del diario La Naci\u00f3n provoc\u00f3 el \u00abmalestar\u00bb de la DAIA","author":"Grupo Sierra","date":"27\/05\/2013","format":false,"excerpt":"La Delegaci\u00f3n de Asociaciones Israelitas Argentinas (DAIA) expres\u00f3 hoy su \"malestar\" con el editorial \"1933\" del diario La Naci\u00f3n y reafirm\u00f3 que \"la dictadura nazi y su siniestra pol\u00edtica de persecuci\u00f3n y exterminio no puede ni debe ser equiparada con otras situaciones\". En un comunicado firmado por el presidente de\u2026","rel":"","context":"En \u00abPol\u00edtica\u00bb","block_context":{"text":"Pol\u00edtica","link":"https:\/\/www.24baires.com\/?cat=51"},"img":{"alt_text":"SCHLOSSER DAIA","src":"https:\/\/i0.wp.com\/www.24baires.com\/wp-content\/uploads\/2013\/05\/SCHLOSSER-DAIA-300x199.jpg?resize=350%2C200","width":350,"height":200},"classes":[]},{"id":35214,"url":"https:\/\/www.24baires.com\/?p=35214","url_meta":{"origin":24590,"position":1},"title":"El peligroso escenario del odio y la intolerancia en nuestro pa\u00eds","author":"AF","date":"15\/11\/2013","format":false,"excerpt":"Empezamos hablando esta semana de los dichos de Jaime Dur\u00e1n Barba, quien dijo que Adolf Hitler era un tipo espectacular y que revisti\u00f3 de gran importancia para el mundo. Y vamos a terminar la semana intentando hacer un llamado de atenci\u00f3n que se enmarca en el mismo sentido, porque despu\u00e9s\u2026","rel":"","context":"En \u00abOpini\u00f3n\u00bb","block_context":{"text":"Opini\u00f3n","link":"https:\/\/www.24baires.com\/?cat=64"},"img":{"alt_text":"ultraconservadores","src":"https:\/\/i0.wp.com\/www.24baires.com\/wp-content\/uploads\/2013\/11\/ultraconservadores.jpg?resize=350%2C200","width":350,"height":200,"srcset":"https:\/\/i0.wp.com\/www.24baires.com\/wp-content\/uploads\/2013\/11\/ultraconservadores.jpg?resize=350%2C200 1x, https:\/\/i0.wp.com\/www.24baires.com\/wp-content\/uploads\/2013\/11\/ultraconservadores.jpg?resize=525%2C300 1.5x"},"classes":[]},{"id":75518,"url":"https:\/\/www.24baires.com\/?p=75518","url_meta":{"origin":24590,"position":2},"title":"Morandini: \u201ces un salto de madurez democr\u00e1tica\u201d la reacci\u00f3n de periodistas de La Naci\u00f3n","author":"AF","date":"24\/11\/2015","format":false,"excerpt":"La senadora Norma Morandini destac\u00f3 la asamblea y el pronunciamiento en contra del editorial del diario que pidi\u00f3 el cese de la prisi\u00f3n que cumplen condenados por cr\u00edmenes de lesa humanidad. \u201cQue los trabajadores del diario hayan repudiado la editorial muestra un salto de madurez democr\u00e1tica\u201d, se\u00f1al\u00f3 Morandini en declaraciones\u2026","rel":"","context":"En \u00abMedios\u00bb","block_context":{"text":"Medios","link":"https:\/\/www.24baires.com\/?cat=54"},"img":{"alt_text":"","src":"","width":0,"height":0},"classes":[]},{"id":44844,"url":"https:\/\/www.24baires.com\/?p=44844","url_meta":{"origin":24590,"position":3},"title":"Timerman participar\u00e1 en Jerusal\u00e9n del acto por las v\u00edctimas del Holocausto","author":"AF","date":"27\/04\/2014","format":false,"excerpt":"Ser\u00e1 en el primer d\u00eda de la visita a Israel del canciller, que incluir\u00e1 tambi\u00e9n un encuentro con el presidente del Estado, Shimon Peres, y con su par local, Avigdor Lieberman. El canciller H\u00e9ctor Timerman participar\u00e1 ma\u00f1ana en Jerusal\u00e9n del acto oficial por el D\u00eda de Conmemoraci\u00f3n de las V\u00edctimas\u2026","rel":"","context":"En \u00abPol\u00edtica\u00bb","block_context":{"text":"Pol\u00edtica","link":"https:\/\/www.24baires.com\/?cat=51"},"img":{"alt_text":"timerman","src":"https:\/\/i0.wp.com\/www.24baires.com\/wp-content\/uploads\/2013\/03\/timerman.jpg?resize=350%2C200","width":350,"height":200,"srcset":"https:\/\/i0.wp.com\/www.24baires.com\/wp-content\/uploads\/2013\/03\/timerman.jpg?resize=350%2C200 1x, https:\/\/i0.wp.com\/www.24baires.com\/wp-content\/uploads\/2013\/03\/timerman.jpg?resize=525%2C300 1.5x"},"classes":[]},{"id":44171,"url":"https:\/\/www.24baires.com\/?p=44171","url_meta":{"origin":24590,"position":4},"title":"L\u00edderes jud\u00edos repudian la tapa de Noticias por faltarle el respeto a Cristina","author":"AF","date":"18\/04\/2014","format":false,"excerpt":"L\u00edderes religiosos rechazaron la tapa de la \u00faltima edici\u00f3n de la revista, donde bajo el t\u00edtulo \"V\u00eda Crisis\" se muestra a Cristina crucificada. \u201cEl esc\u00e1ndalo no se conjuga con los fines \u00faltimos del periodismo\u201d, indicaron. El rabino Marcelo Polakoff, presidente de la Asamblea Rab\u00ednica Latinoamericana y l\u00edder espiritual de la\u2026","rel":"","context":"En \u00abPol\u00edtica\u00bb","block_context":{"text":"Pol\u00edtica","link":"https:\/\/www.24baires.com\/?cat=51"},"img":{"alt_text":"Polakoff","src":"https:\/\/i0.wp.com\/www.24baires.com\/wp-content\/uploads\/2014\/04\/Polakoff-300x200.jpg?resize=350%2C200","width":350,"height":200},"classes":[]},{"id":45838,"url":"https:\/\/www.24baires.com\/?p=45838","url_meta":{"origin":24590,"position":5},"title":"Estela de Carlotto y Taty Almeida repudiaron la publicaci\u00f3n de La Naci\u00f3n sobre Hooft","author":"Grupo Sierra","date":"12\/05\/2014","format":false,"excerpt":"Defensores de los derechos humanos salieron a rechazar el editorial que celebra la absoluci\u00f3n del juez federal marplatense, Pedro Hooft, bajo el t\u00edtulo \"La justicia prevaleci\u00f3 sobre la venganza\". Tambi\u00e9n opinaron legisladores como Juan Cabandi\u00e9, Horacio Pietragalla y Diana Conti. La titular de Abuelas de Plaza de Mayo, Estela Carlotto,\u2026","rel":"","context":"En \u00abMemoria\u00bb","block_context":{"text":"Memoria","link":"https:\/\/www.24baires.com\/?cat=50"},"img":{"alt_text":"Carlotto Almeida","src":"https:\/\/i0.wp.com\/www.24baires.com\/wp-content\/uploads\/2014\/05\/Carlotto-Almeida.jpg?resize=350%2C200","width":350,"height":200,"srcset":"https:\/\/i0.wp.com\/www.24baires.com\/wp-content\/uploads\/2014\/05\/Carlotto-Almeida.jpg?resize=350%2C200 1x, https:\/\/i0.wp.com\/www.24baires.com\/wp-content\/uploads\/2014\/05\/Carlotto-Almeida.jpg?resize=525%2C300 1.5x"},"classes":[]}],"jetpack_sharing_enabled":true,"jetpack_likes_enabled":true,"_links":{"self":[{"href":"https:\/\/www.24baires.com\/index.php?rest_route=\/wp\/v2\/posts\/24590","targetHints":{"allow":["GET"]}}],"collection":[{"href":"https:\/\/www.24baires.com\/index.php?rest_route=\/wp\/v2\/posts"}],"about":[{"href":"https:\/\/www.24baires.com\/index.php?rest_route=\/wp\/v2\/types\/post"}],"author":[{"embeddable":true,"href":"https:\/\/www.24baires.com\/index.php?rest_route=\/wp\/v2\/users\/11"}],"replies":[{"embeddable":true,"href":"https:\/\/www.24baires.com\/index.php?rest_route=%2Fwp%2Fv2%2Fcomments&post=24590"}],"version-history":[{"count":1,"href":"https:\/\/www.24baires.com\/index.php?rest_route=\/wp\/v2\/posts\/24590\/revisions"}],"predecessor-version":[{"id":24591,"href":"https:\/\/www.24baires.com\/index.php?rest_route=\/wp\/v2\/posts\/24590\/revisions\/24591"}],"wp:attachment":[{"href":"https:\/\/www.24baires.com\/index.php?rest_route=%2Fwp%2Fv2%2Fmedia&parent=24590"}],"wp:term":[{"taxonomy":"category","embeddable":true,"href":"https:\/\/www.24baires.com\/index.php?rest_route=%2Fwp%2Fv2%2Fcategories&post=24590"},{"taxonomy":"post_tag","embeddable":true,"href":"https:\/\/www.24baires.com\/index.php?rest_route=%2Fwp%2Fv2%2Ftags&post=24590"}],"curies":[{"name":"wp","href":"https:\/\/api.w.org\/{rel}","templated":true}]}}