{"id":2458,"date":"2012-10-17T21:18:25","date_gmt":"2012-10-18T00:18:25","guid":{"rendered":"http:\/\/www.24baires.com\/?p=2458"},"modified":"2012-10-17T21:18:25","modified_gmt":"2012-10-18T00:18:25","slug":"a-partir-del-8-de-diciembre-el-afsca-debera-actuar-de-oficio-para-darle-cumplimiento-total-a-la-ley-de-medios","status":"publish","type":"post","link":"https:\/\/www.24baires.com\/?p=2458","title":{"rendered":"\u00abA partir del 8 de diciembre, el AFSCA  deber\u00e1 actuar de oficio para darle cumplimiento total a la Ley de Medios\u00bb"},"content":{"rendered":"<p>El titular de la Autoridad Federal de Servicios de Comunicaci\u00f3n Audiovisual (Afsca), Mart\u00edn Sabbatella, ratific\u00f3 que, a partir del 8 de diciembre, el organismo deber\u00e1 \u201cactuar de oficio para darle cumplimiento a la ley\u201d.<!--more--><\/p>\n<p>\u00abEl 7 de diciembre es la fecha establecida por la Corte como l\u00edmite para la presentaci\u00f3n de los planes de adecuaci\u00f3n y poder estar en regla con el art\u00edculo 161\u201d, record\u00f3 el funcionario.<br \/>\nEn este sentido, agreg\u00f3 que al d\u00eda siguiente, es decir el s\u00e1bado 8, \u201cel que no lo haya hecho, est\u00e1 afuera de la ley y es el AFSCA el que tiene que actuar de oficio para darle cumplimiento a esa ley, por supuesto garantizando las fuentes de trabajo y los servicios\u201d.<\/p>\n<p>Sabbatella subray\u00f3 que \u201clo raro es por qu\u00e9 alguien cree que est\u00e1 por encima de la ley, por qu\u00e9 alguien cree que no puede cumplir la ley, por qu\u00e9 alguien considera que le ley no lo toca\u201d, en referencia al grupo Clar\u00edn.<\/p>\n<p>\u201cSi hay una ley profundamente democr\u00e1tica que deja atr\u00e1s una norma de la dictadura, que fue votada por amplia mayor\u00eda por oficialistas y opositores, que fue recontra discutida durante a\u00f1os, una ley que tiene plena vigencia, \u00bfpor qu\u00e9 alguien cree que no la tiene que cumplir\u201d, se pregunt\u00f3 el funcionario nacional.<\/p>\n<p>En ese marco, destac\u00f3 que \u201chay una historia de trabajo intenso de much\u00edsimas organizaciones comprometidas con la comunicaci\u00f3n popular que hizo que lleg\u00e1ramos a esta ley\u201d y valor\u00f3 que \u201cse encontr\u00f3 con un gobierno decidido a distribuir la palabra\u201d.<\/p>\n<p>\u201cEs una ley que ya tiene tres a\u00f1os, que se aplic\u00f3 en muchos aspectos y ha producido cambios important\u00edsimos y cuestiones nuevas como radios cooperativas en escuelas primarias, en las universidades, en pueblos originarios, nuevas productoras, horas y horas de contenidos audiovisuales nuevos y nacionales\u201d, subray\u00f3.<\/p>\n<p>Adem\u00e1s, Sabbatella lament\u00f3 que \u201cdurante estos tres a\u00f1os ha sido trabada y bloqueada en lo que hace al art\u00edculo de la adecuaci\u00f3n a los nuevos par\u00e1metros que establece la ley\u201d, e insisti\u00f3 que \u201cla ley es profundamente comprometida con la diversidad, con la pluralidad, con la libertad de expresi\u00f3n, con la democracia\u201d.<\/p>\n<p>\u201cEs una ley absolutamente necesaria para garantizar plena libertad de expresi\u00f3n y absoluta libertad de la palabra, y para eso se necesita tambi\u00e9n enfrentar la tendencia monop\u00f3lica de las concentraciones medi\u00e1ticas, las posiciones dominantes que lesionan la libertad de expresi\u00f3n y la democracia\u201d, concluy\u00f3.<\/p>\n","protected":false},"excerpt":{"rendered":"<p>El titular de la Autoridad Federal de Servicios de Comunicaci\u00f3n Audiovisual (Afsca), Mart\u00edn Sabbatella, ratific\u00f3 que, a partir del 8 de diciembre, el organismo deber\u00e1 \u201cactuar de oficio para darle cumplimiento a la ley\u201d.<\/p>\n","protected":false},"author":4,"featured_media":0,"comment_status":"open","ping_status":"open","sticky":false,"template":"","format":"standard","meta":{"_jetpack_newsletter_access":"","_jetpack_dont_email_post_to_subs":false,"_jetpack_newsletter_tier_id":0,"_jetpack_memberships_contains_paywalled_content":false,"_jetpack_memberships_contains_paid_content":false,"footnotes":""},"categories":[54],"tags":[],"class_list":["post-2458","post","type-post","status-publish","format-standard","hentry","category-medios"],"jetpack_featured_media_url":"","jetpack_shortlink":"https:\/\/wp.me\/p2JWE0-DE","jetpack-related-posts":[{"id":3951,"url":"https:\/\/www.24baires.com\/?p=3951","url_meta":{"origin":2458,"position":0},"title":"Sabbatella asegur\u00f3 que \u00abClar\u00edn est\u00e1 desafiando a la democracia\u00bb","author":"Grupo Sierra","date":"31\/10\/2012","format":false,"excerpt":"El titular de la Autoridad Federal de Servicios de Comunicaci\u00f3n Audiovisual, Mart\u00edn Sabbatella, se refiri\u00f3 a la negativa de Clar\u00edn a presentar un plan de adecuaci\u00f3n a la ley. Adem\u00e1s reiter\u00f3 que despu\u00e9s del 7 de diciembre el organismo \"actuar\u00e1 de oficio\". \"Es un desaf\u00edo a la democracia, al estado\u2026","rel":"","context":"En \u00abMedios\u00bb","block_context":{"text":"Medios","link":"https:\/\/www.24baires.com\/?cat=54"},"img":{"alt_text":"","src":"https:\/\/i0.wp.com\/www.24baires.com\/wp-content\/uploads\/2012\/10\/sabbatella-desafio.jpg?resize=350%2C200","width":350,"height":200,"srcset":"https:\/\/i0.wp.com\/www.24baires.com\/wp-content\/uploads\/2012\/10\/sabbatella-desafio.jpg?resize=350%2C200 1x, https:\/\/i0.wp.com\/www.24baires.com\/wp-content\/uploads\/2012\/10\/sabbatella-desafio.jpg?resize=525%2C300 1.5x"},"classes":[]},{"id":5405,"url":"https:\/\/www.24baires.com\/?p=5405","url_meta":{"origin":2458,"position":1},"title":"Sabbatella: \u00abNadie puede tener en una ciudad m\u00e1s de 3 licencias de radio\u00bb","author":"Grupo Sierra","date":"14\/11\/2012","format":false,"excerpt":"El titular de la Afsca, Mart\u00edn Sabbatella, confirm\u00f3 que \"despu\u00e9s del 7 de diciembre comienza el proceso de oficio\". Y detall\u00f3 que el grupo Clar\u00edn \"puede tener 24 y hoy tiene 237 licencias\" de cable.\u00a0\"De esta manera, despu\u00e9s del 7 de diciembre la AFSCA inicia el proceso de transferencia de\u2026","rel":"","context":"En \u00abMedios\u00bb","block_context":{"text":"Medios","link":"https:\/\/www.24baires.com\/?cat=54"},"img":{"alt_text":"","src":"","width":0,"height":0},"classes":[]},{"id":5148,"url":"https:\/\/www.24baires.com\/?p=5148","url_meta":{"origin":2458,"position":2},"title":"\u00abEl Estado no viene ni a estatizar ni a expropiar a nadie, lo que viene a hacer es cumplir la ley\u00bb","author":"Grupo Sierra","date":"12\/11\/2012","format":false,"excerpt":"El presidente de la Afsca, Mart\u00edn Sabbatella, asegur\u00f3 que el Estado \"viene a cumplir con la ley\" y \"garantizar el servicio y las fuentes de trabajo del conjunto de los trabajadores\", as\u00ed como tambi\u00e9n \"la libertad de expresi\u00f3n y el derecho a estar informados\". \"El Estado no viene ni a\u2026","rel":"","context":"En \u00abMedios\u00bb","block_context":{"text":"Medios","link":"https:\/\/www.24baires.com\/?cat=54"},"img":{"alt_text":"","src":"","width":0,"height":0},"classes":[]},{"id":55328,"url":"https:\/\/www.24baires.com\/?p=55328","url_meta":{"origin":2458,"position":3},"title":"\u00abCuando Clar\u00edn dice que se dividen, es mentira\u00bb","author":"Grupo Sierra","date":"13\/10\/2014","format":false,"excerpt":"Lo expres\u00f3 Mart\u00edn Sabatella, quien adem\u00e1s agreg\u00f3: \"La Afsca no va a expropiar ni intervenir nada sino que va a hacer cumplir la ley\" Sabbatella asegur\u00f3 que la Afsca no va \u201ca expropiar ni intervenir nada, sino a hacer cumplir la ley\u201d de Servicios de Comunicaci\u00f3n Audiovisual, a partir de\u2026","rel":"","context":"En \u00abMedios\u00bb","block_context":{"text":"Medios","link":"https:\/\/www.24baires.com\/?cat=54"},"img":{"alt_text":"sabbatella","src":"https:\/\/i0.wp.com\/www.24baires.com\/wp-content\/uploads\/2013\/10\/sabbatella.jpg?resize=350%2C200","width":350,"height":200,"srcset":"https:\/\/i0.wp.com\/www.24baires.com\/wp-content\/uploads\/2013\/10\/sabbatella.jpg?resize=350%2C200 1x, https:\/\/i0.wp.com\/www.24baires.com\/wp-content\/uploads\/2013\/10\/sabbatella.jpg?resize=525%2C300 1.5x"},"classes":[]},{"id":9425,"url":"https:\/\/www.24baires.com\/?p=9425","url_meta":{"origin":2458,"position":4},"title":"Hoy Sabbatella notificar\u00e1 al Grupo Clar\u00edn de la transferencia de oficio de sus licencias","author":"Grupo Sierra","date":"17\/12\/2012","format":false,"excerpt":"El titular de la AFSCA anunci\u00f3 que se realizar\u00e1 de acuerdo a lo establecido por la ley de medios, que se encuentra en plena vigencia a partir del fallo del juez federal Horacio Alfonso. Mart\u00edn Sabbatella, responsable del \u00f3rgano de aplicaci\u00f3n de la ley de medios explic\u00f3 que la \"transferencia\u2026","rel":"","context":"En \u00abMedios\u00bb","block_context":{"text":"Medios","link":"https:\/\/www.24baires.com\/?cat=54"},"img":{"alt_text":"","src":"","width":0,"height":0},"classes":[]},{"id":820,"url":"https:\/\/www.24baires.com\/?p=820","url_meta":{"origin":2458,"position":5},"title":"El gobierno \u00abno vino a estatizar, sino a hacer cumplir la ley\u00bb asegur\u00f3 Sabbatella","author":"Grupo Sierra","date":"02\/10\/2012","format":false,"excerpt":"El titular de la Autoridad Federal de Servicios de Comunicaci\u00f3n Audiovisual (AFSCA), Mart\u00edn Sabbatella, reiter\u00f3 que el gobierno \"no vino a estatizar, sino a hacer cumplir la ley\". El moronense se reuni\u00f3 con los titulares de ambas c\u00e1maras legislativas y el presidente del bloque de diputados del FpV.\u00a0 El Congreso\u2026","rel":"","context":"En \u00abMedios\u00bb","block_context":{"text":"Medios","link":"https:\/\/www.24baires.com\/?cat=54"},"img":{"alt_text":"","src":"https:\/\/i0.wp.com\/www.24baires.com\/wp-content\/uploads\/2012\/10\/sabbatella-congreso1.jpg?resize=350%2C200","width":350,"height":200,"srcset":"https:\/\/i0.wp.com\/www.24baires.com\/wp-content\/uploads\/2012\/10\/sabbatella-congreso1.jpg?resize=350%2C200 1x, https:\/\/i0.wp.com\/www.24baires.com\/wp-content\/uploads\/2012\/10\/sabbatella-congreso1.jpg?resize=525%2C300 1.5x"},"classes":[]}],"jetpack_sharing_enabled":true,"jetpack_likes_enabled":true,"_links":{"self":[{"href":"https:\/\/www.24baires.com\/index.php?rest_route=\/wp\/v2\/posts\/2458","targetHints":{"allow":["GET"]}}],"collection":[{"href":"https:\/\/www.24baires.com\/index.php?rest_route=\/wp\/v2\/posts"}],"about":[{"href":"https:\/\/www.24baires.com\/index.php?rest_route=\/wp\/v2\/types\/post"}],"author":[{"embeddable":true,"href":"https:\/\/www.24baires.com\/index.php?rest_route=\/wp\/v2\/users\/4"}],"replies":[{"embeddable":true,"href":"https:\/\/www.24baires.com\/index.php?rest_route=%2Fwp%2Fv2%2Fcomments&post=2458"}],"version-history":[{"count":0,"href":"https:\/\/www.24baires.com\/index.php?rest_route=\/wp\/v2\/posts\/2458\/revisions"}],"wp:attachment":[{"href":"https:\/\/www.24baires.com\/index.php?rest_route=%2Fwp%2Fv2%2Fmedia&parent=2458"}],"wp:term":[{"taxonomy":"category","embeddable":true,"href":"https:\/\/www.24baires.com\/index.php?rest_route=%2Fwp%2Fv2%2Fcategories&post=2458"},{"taxonomy":"post_tag","embeddable":true,"href":"https:\/\/www.24baires.com\/index.php?rest_route=%2Fwp%2Fv2%2Ftags&post=2458"}],"curies":[{"name":"wp","href":"https:\/\/api.w.org\/{rel}","templated":true}]}}